{"id":1786,"date":"2017-01-21T09:58:48","date_gmt":"2017-01-21T08:58:48","guid":{"rendered":"http:\/\/www.pressroom.cloud\/?p=1786"},"modified":"2017-01-21T09:59:48","modified_gmt":"2017-01-21T08:59:48","slug":"letizia-battaglia-pura-passione","status":"publish","type":"post","link":"https:\/\/www.pressroom.cloud\/en\/letizia-battaglia-pura-passione\/","title":{"rendered":"Letizia Battaglia. Per pura passione."},"content":{"rendered":"<p style=\"text-align: justify;\">Al Maxxi di Roma in antologica, tutto il peso sociale e politico della fotografa italiana<\/p>\n<p style=\"text-align: justify;\">\n<div id=\"attachment_1788\" style=\"width: 397px\" class=\"wp-caption alignright\"><img loading=\"lazy\" decoding=\"async\" aria-describedby=\"caption-attachment-1788\" class=\"wp-image-1788\" src=\"http:\/\/www.pressroom.cloud\/wp-content\/uploads\/letizia-1.png\" alt=\"letizia 1\" width=\"387\" height=\"387\" srcset=\"https:\/\/www.pressroom.cloud\/wp-content\/uploads\/letizia-1.png 178w, https:\/\/www.pressroom.cloud\/wp-content\/uploads\/letizia-1-150x150.png 150w\" sizes=\"auto, (max-width: 387px) 100vw, 387px\" \/><p id=\"caption-attachment-1788\" class=\"wp-caption-text\">Shobha, Ritratto di Letizia Battaglia, Courtesy l&#8217;artista<\/p><\/div>\n<p style=\"text-align: justify;\">Caschetto e frangia rossa militanti, Letizia Battaglia da pi\u00f9 di ottant&#8217;anni si \u00e8 tagliata addosso quel suo cognome come una predeterminazione.<br \/>\nMa la mafia \u00e8 solo una parte della sua Palermo. Della sua fotografia. Della sua vita. Accanto a questa sua battaglia, appunto, che l&#8217;ha resa nota al mondo intero come \u201cla fotografa della mafia\u201d, hanno trovato sede al <a href=\"http:\/\/www.fondazionemaxxi.it\/events\/letizia-battaglia-per-pura-passione\/\">Maxxi<\/a> di Roma \u2013 stupendo spazio espositivo progettato dall&#8217;architetto Zaha Hadid \u2013 oltre quarantanni di carriera. Quarantanni di testimonianze e suggestioni che sono scatti, s\u00ec di \u201cmorti ammazzati\u201d e di mafiosi, ma anche di donne e bambini dei quartieri popolari, come della borghesia e nobilt\u00e0 cittadina. Sono provini con indicazioni autografe per la stampa, schede di archivio, video, riviste e libri, che ripercorrono la nostra storia e mettono in luce la sua. Quella di una donna, sempre impegnata e attenta, un&#8217;acuta osservatrice in grado di restituire, anche a distanza di tempo e contesti, il vero. La realt\u00e0 che il suo sguardo ha saputo cogliere in un solenne bianco e nero.<\/p>\n<div id=\"attachment_1790\" style=\"width: 296px\" class=\"wp-caption alignleft\"><img loading=\"lazy\" decoding=\"async\" aria-describedby=\"caption-attachment-1790\" class=\"wp-image-1790\" src=\"http:\/\/www.pressroom.cloud\/wp-content\/uploads\/letizia-3-1.png\" alt=\"letizia 3\" width=\"286\" height=\"286\" srcset=\"https:\/\/www.pressroom.cloud\/wp-content\/uploads\/letizia-3-1.png 178w, https:\/\/www.pressroom.cloud\/wp-content\/uploads\/letizia-3-1-150x150.png 150w\" sizes=\"auto, (max-width: 286px) 100vw, 286px\" \/><p id=\"caption-attachment-1790\" class=\"wp-caption-text\">&#8220;La bambina con il pallone, quartiere la Cala&#8221;, Palermo 1980, Courtesy l&#8217;artista<\/p><\/div>\n<p style=\"text-align: justify;\">Palermitana, classe 1935, Letizia sposa Franco Stagnitta a sedici anni e diviene madre di tre figlie. Con il successivo partner Santi Caleca impugna per la prima volta una macchina fotografica. Dai primi anni Settanta diverr\u00e0 quello il suo lavoro, al fianco dell&#8217;allora compagno di vita e collega, Franco Zecchin, con cui fonda il <em>Laboratorio d\u2019Informazione Fotografica<\/em>. Fotoreporter a Milano e nella sua Palermo, esordisce sul quotidiano <em>L\u2019Ora<\/em> di Palermo (con un servizio sulla prostituta Enza Montoro) e vi collaborer\u00e0 per oltre vent\u2019anni. Suoi i ritratti a Pier Paolo Pasolini al Circolo Turati di Milano, cos\u00ec come a Dario Fo e Franca Rame durante l&#8217;occupazione della Palazzina Liberty. Suoi gli scatti ai processi politici, sulla seconda guerra di mafia e la \u201cPrimavera di Palermo\u201d. Quindi la pubblicazione di riviste &#8211; <em>Fotografia<\/em>, <em>GrandeV\u00f9 e<\/em> <em>Mezzocielo<\/em> (per donne, fatta da donne) \u2013 e il progetto di saggi e pamphlet con <em>Edizioni della battaglia<\/em>. I laboratori e gli spettacoli teatrali di cui \u00e8 regista: <em>Il pianto della Madonna di Jacopone da Todi<\/em> e <em>Uccidiamo il chiaro di luna. Una serata futurista<\/em>. I ritratti ai pazienti dell&#8217;Ospedale Psichiatrico di via Pindemonte a Palermo.<br \/>\nDa queste prime sale, la mostra <em>Letizia Battaglia. Per pura passione<\/em> \u2013 curata da Paolo Falcone, Margherita Guccione e Bartolomeo Pietromarchi \u2013 si apre cos\u00ec all&#8217;<em>Anthologia<\/em>, un percorso espositivo tra oltre 120 fotografie, in formato 66&#215;100 appese dall&#8217;alto, \u201ctra icone e scatti meno noti\u201d. Dall&#8217;arresto del boss Leoluca Bagarella alla foto che ritrae Giulio Andreotti con il mafioso Nino Salvo e che fu portata come capo d&#8217;accusa al processo contro l&#8217;esponente Dc. Giudici colpiti da killer, bambini che impugnano armi, comizi di partito, poliziotti, omicidi, funerali e carceri. E poi donne. Dalla vedova dell&#8217;agente Schifani di scorta al giudice Falcone, alla sposa ricca che inciampa sul velo. E bambine. Con il pallone, con la conchiglia&#8230;<br \/>\nDonna che sa mostrar le donne, Letizia non a caso \u00e8 la prima fotografa europea a ricevere, nel 1985 a New York, lo Smith Award del <em>Life<\/em> per la fotografia sociale, premio a cui sono seguiti numerosi altri riconoscimenti mondiali al suo impegno e alla sua bravura. Un&#8217;empatia che si fa tramite di conoscenza. Non a caso per lei si deve \u201cfotografare tutto sempre da molto vicino, a distanza di un cazzotto o di una carezza\u201d.<\/p>\n<p style=\"text-align: justify;\">Per averne migliore e pi\u00f9 vicino impatto, c&#8217;\u00e8 tempo fino al 17 aprile, presso il MAXXI, in Via Guido Reni 4\/A a Roma &#8211; www.fondazionemaxxi.it \u2013 tel. 06.3201954.<\/p>\n<p style=\"text-align: justify;\">(In evidenza: &#8221; Nella spiaggia della Arenella la festa \u00e8 finita&#8221;, Palermo, 1986. Courtesy l&#8217;artista)<\/p>\n","protected":false},"excerpt":{"rendered":"<p>Al Maxxi di Roma in antologica, tutto il peso sociale e politico della fotografa italiana Caschetto e frangia rossa militanti, Letizia Battaglia da pi\u00f9 di ottant&#8217;anni si \u00e8 tagliata addosso quel suo cognome come una predeterminazione. Ma la mafia \u00e8 solo una parte della sua&#8230;<\/p>\n","protected":false},"author":6,"featured_media":1791,"comment_status":"open","ping_status":"open","sticky":false,"template":"","format":"standard","meta":{"footnotes":""},"categories":[67,69,1],"tags":[272,268,271,269,270],"class_list":["post-1786","post","type-post","status-publish","format-standard","has-post-thumbnail","hentry","category-arte","category-cultura","category-magazine-en","tag-bartolomeo-pietromarchi","tag-letizia-battaglia","tag-margherita-guccione","tag-maxxi","tag-paolo-falcone"],"_links":{"self":[{"href":"https:\/\/www.pressroom.cloud\/en\/wp-json\/wp\/v2\/posts\/1786","targetHints":{"allow":["GET"]}}],"collection":[{"href":"https:\/\/www.pressroom.cloud\/en\/wp-json\/wp\/v2\/posts"}],"about":[{"href":"https:\/\/www.pressroom.cloud\/en\/wp-json\/wp\/v2\/types\/post"}],"author":[{"embeddable":true,"href":"https:\/\/www.pressroom.cloud\/en\/wp-json\/wp\/v2\/users\/6"}],"replies":[{"embeddable":true,"href":"https:\/\/www.pressroom.cloud\/en\/wp-json\/wp\/v2\/comments?post=1786"}],"version-history":[{"count":0,"href":"https:\/\/www.pressroom.cloud\/en\/wp-json\/wp\/v2\/posts\/1786\/revisions"}],"wp:featuredmedia":[{"embeddable":true,"href":"https:\/\/www.pressroom.cloud\/en\/wp-json\/wp\/v2\/media\/1791"}],"wp:attachment":[{"href":"https:\/\/www.pressroom.cloud\/en\/wp-json\/wp\/v2\/media?parent=1786"}],"wp:term":[{"taxonomy":"category","embeddable":true,"href":"https:\/\/www.pressroom.cloud\/en\/wp-json\/wp\/v2\/categories?post=1786"},{"taxonomy":"post_tag","embeddable":true,"href":"https:\/\/www.pressroom.cloud\/en\/wp-json\/wp\/v2\/tags?post=1786"}],"curies":[{"name":"wp","href":"https:\/\/api.w.org\/{rel}","templated":true}]}}