{"id":20908,"date":"2025-03-17T16:52:18","date_gmt":"2025-03-17T15:52:18","guid":{"rendered":"https:\/\/www.pressroom.cloud\/?p=20908"},"modified":"2025-03-28T09:38:06","modified_gmt":"2025-03-28T08:38:06","slug":"ledizione-2025-del-monteverdi-festival-e-dedicata-agli-heroes","status":"publish","type":"post","link":"https:\/\/www.pressroom.cloud\/en\/ledizione-2025-del-monteverdi-festival-e-dedicata-agli-heroes\/","title":{"rendered":"L&#8217;edizione 2025 del Monteverdi Festival \u00e8 dedicata agli\u00a0\u201cHeroes\u201d"},"content":{"rendered":"<p style=\"font-weight: 400; text-align: justify;\">Due nuove produzioni d\u2019opera, una prima esecuzione mondiale, concerti, incontri e lezioni aperte, per un totale di pi\u00f9 di 30 appuntamenti in cartellone: la citt\u00e0 che ha dato i natali a\u00a0<strong>Claudio\u00a0Monteverdi<\/strong>\u00a0omaggia il padre dell\u2019opera lirica ospitando grandi stelle della scena musicale internazionale, come\u00a0<strong>Cecilia Bartoli<\/strong>,<strong>\u00a0Davide Livermore<\/strong>,<strong>\u00a0Jordi Savall<\/strong>,<strong>\u00a0Christophe Rousset<\/strong>,\u00a0<strong>Ottavio Dantone<\/strong>, i<strong>\u00a0Tallis Scholars\u00a0<\/strong>e<strong>\u00a0Maayan Licht<\/strong>. Culla anche della liuteria, riconosciuta insieme alla pratica del canto lirico italiano come Patrimonio Immateriale dell\u2019UNESCO,\u00a0<strong>Cremona<\/strong>\u00a0si conferma un centro vitale per il mondo della musica, accogliendo appassionati da tutto il mondo\u00a0<strong>dal 13 al 29 giugno 2025, in occasione del 42\u00ba\u00a0Monteverdi\u00a0Festival<\/strong>.<\/p>\n<div id=\"attachment_20913\" style=\"width: 925px\" class=\"wp-caption aligncenter\"><img loading=\"lazy\" decoding=\"async\" aria-describedby=\"caption-attachment-20913\" class=\" wp-image-20913\" src=\"https:\/\/www.pressroom.cloud\/wp-content\/uploads\/Tallis-Scholars_Ph.-Hugo-Glendinning-300x254.jpg\" alt=\"\" width=\"915\" height=\"775\" srcset=\"https:\/\/www.pressroom.cloud\/wp-content\/uploads\/Tallis-Scholars_Ph.-Hugo-Glendinning-300x254.jpg 300w, https:\/\/www.pressroom.cloud\/wp-content\/uploads\/Tallis-Scholars_Ph.-Hugo-Glendinning-1024x868.jpg 1024w, https:\/\/www.pressroom.cloud\/wp-content\/uploads\/Tallis-Scholars_Ph.-Hugo-Glendinning-768x651.jpg 768w\" sizes=\"auto, (max-width: 915px) 100vw, 915px\" \/><p id=\"caption-attachment-20913\" class=\"wp-caption-text\">Tallis Scholars \u00a9 Hugo Glendinning<\/p><\/div>\n<p style=\"font-weight: 400; text-align: justify;\">\u00abL\u2019edizione di quest\u2019anno \u00e8 dedicata agli\u00a0<strong>\u201cHeroes\u201d<\/strong>,<strong>\u00a0<\/strong>gli\u00a0eroi, figure emblematiche della tradizione musicale e teatrale che incarnano valori di coraggio, sacrificio e destino \u2014 dice\u00a0<strong>Andrea Cigni, Direttore artistico del Festival<\/strong>. Attraverso due grandi produzioni d\u2019opera, si mettono in dialogo\u00a0Monteverdi\u00a0e il suo allievo Francesco Cavalli, a testimonianza della continuit\u00e0 e dell\u2019evoluzione del linguaggio operistico. Da un lato,\u00a0<em>Il ritorno di Ulisse in patria\u00a0<\/em>monteverdiano, in cui l\u2019eroe omerico affronta le sue ultime prove per riconquistare il regno e l\u2019amore di Penelope; dall\u2019altro,\u00a0<em>Ercole Amante<\/em>\u00a0di Cavalli, il titanico viaggio del semidio greco tra amore, potere e divinit\u00e0. Due racconti mitologici che, attraverso la musica, restituiscono la complessit\u00e0 dell\u2019animo umano\u00bb.<\/p>\n<p style=\"font-weight: 400; text-align: justify;\">Apre il Festival al Teatro Ponchielli, venerd\u00ec 13 e sabato 14 giugno, proprio quella che \u00e8 considerata l\u2019opera pi\u00f9 commovente di\u00a0Monteverdi. Il nuovo allestimento del\u00a0<strong><em>Ritorno di Ulisse in patria<\/em><\/strong>, che vede sul podio de\u00a0<strong>\u201cLa Fonte Musica\u201d Michele Pasotti<\/strong>, \u00e8 firmato da<strong>\u00a0Davide Livermore<\/strong>, che<strong>\u00a0oltre ai panni di regista torna\u00a0eccezionalmente anche\u00a0nelle vesti di tenore<\/strong>, interpretando il parassita Iro.<\/p>\n<div id=\"attachment_20910\" style=\"width: 912px\" class=\"wp-caption aligncenter\"><img loading=\"lazy\" decoding=\"async\" aria-describedby=\"caption-attachment-20910\" class=\" wp-image-20910\" src=\"https:\/\/www.pressroom.cloud\/wp-content\/uploads\/Davide-Livermore_Ph.-Eugenio-Pini-300x200.jpg\" alt=\"\" width=\"902\" height=\"601\" srcset=\"https:\/\/www.pressroom.cloud\/wp-content\/uploads\/Davide-Livermore_Ph.-Eugenio-Pini-300x200.jpg 300w, https:\/\/www.pressroom.cloud\/wp-content\/uploads\/Davide-Livermore_Ph.-Eugenio-Pini-1024x683.jpg 1024w, https:\/\/www.pressroom.cloud\/wp-content\/uploads\/Davide-Livermore_Ph.-Eugenio-Pini-768x512.jpg 768w, https:\/\/www.pressroom.cloud\/wp-content\/uploads\/Davide-Livermore_Ph.-Eugenio-Pini-1536x1025.jpg 1536w\" sizes=\"auto, (max-width: 902px) 100vw, 902px\" \/><p id=\"caption-attachment-20910\" class=\"wp-caption-text\">Davide Livermore<\/p><\/div>\n<p style=\"font-weight: 400; text-align: justify;\">Per comprendere appieno il contesto storico e il legame fra i due giganti della scuola veneziana non poteva mancare in cartellone un\u2019opera di\u00a0<strong>Francesco Cavalli<\/strong>, fra le principali novit\u00e0 di questa edizione.<em>\u00a0<\/em><strong>Antonio Greco<\/strong>,\u00a0<strong>Direttore musicale principale del Festival<\/strong>, dirige la nuova produzione di\u00a0<strong><em>Ercole Amante<\/em><\/strong>, che ha la regia del \u201cPremio Abbiati\u201d 2024\u00a0<strong>Andrea Bernard<\/strong>. Il raro capolavoro barocco, interpretato da<strong>\u00a0\u201cCoro e Orchestra del\u00a0Monteverdi\u00a0Festival \u2013 Cremona Antiqua\u201d<\/strong>, \u00e8 in scena al Teatro Ponchielli venerd\u00ec 27 e domenica 29 giugno.<\/p>\n<p style=\"font-weight: 400; text-align: justify;\">Anche la spiritualit\u00e0 \u00e8 al centro della manifestazione cremonese. Tra le speciali anteprime del Festival, sabato 7 giugno alla Chiesa di San Marcellino viene presentato il monumentale\u00a0<strong>Vespro della Beata Vergine<\/strong>\u00a0di\u00a0Monteverdi, diretto dalla star del barocco\u00a0<strong>Jordi Savall<\/strong>,<strong>\u00a0<\/strong>alla guida di\u00a0<strong>\u201cLa Capella Reial de Catalunya\u201d<\/strong>\u00a0e\u00a0<strong>\u201cLe Concert des Nations\u201d<\/strong>.<\/p>\n<div id=\"attachment_20914\" style=\"width: 917px\" class=\"wp-caption aligncenter\"><img loading=\"lazy\" decoding=\"async\" aria-describedby=\"caption-attachment-20914\" class=\" wp-image-20914\" src=\"https:\/\/www.pressroom.cloud\/wp-content\/uploads\/Jordi-Savall_Ph.-david-ignaszewski-203x300.jpg\" alt=\"\" width=\"907\" height=\"1341\" \/><p id=\"caption-attachment-20914\" class=\"wp-caption-text\">Jordi Savall \u00a9 David Ignaszewski<\/p><\/div>\n<p style=\"font-weight: 400; text-align: justify;\">Icona del panorama musicale internazionale,\u00a0<strong>Cecilia Bartoli torna per il secondo anno consecutivo a Cremona<\/strong>. Protagonista di un altro appuntamento che anticipa il Festival, mercoled\u00ec 11 giugno sul palco del Teatro Ponchielli il celebre mezzosoprano interpreta il poeta-cantore mitologico dell\u2019opera\u00a0<em>Orfeo ed Euridice<\/em>\u00a0di Gluck, proposta in forma di concerto nella versione di Parma del 1769. Con la direzione musicale di\u00a0<strong>Gianluca Capuano<\/strong>,<strong>\u00a0<\/strong>che guida gli ensemble strumentali e vocali\u00a0<strong>\u201cLes Musiciens du Prince\u201d<\/strong>\u00a0e\u00a0<strong>\u201cIl canto di Orfeo\u201d<\/strong>, il soprano\u00a0<strong>M\u00e9lissa Petit\u00a0<\/strong>impersonifica Euridice e Amore.<\/p>\n<div id=\"attachment_20911\" style=\"width: 951px\" class=\"wp-caption aligncenter\"><img loading=\"lazy\" decoding=\"async\" aria-describedby=\"caption-attachment-20911\" class=\" wp-image-20911\" src=\"https:\/\/www.pressroom.cloud\/wp-content\/uploads\/Cecilia-Bartoli_Ph.-OMC-Fabrice-Demessence-206x300.jpg\" alt=\"\" width=\"941\" height=\"1370\" srcset=\"https:\/\/www.pressroom.cloud\/wp-content\/uploads\/Cecilia-Bartoli_Ph.-OMC-Fabrice-Demessence-206x300.jpg 206w, https:\/\/www.pressroom.cloud\/wp-content\/uploads\/Cecilia-Bartoli_Ph.-OMC-Fabrice-Demessence-704x1024.jpg 704w, https:\/\/www.pressroom.cloud\/wp-content\/uploads\/Cecilia-Bartoli_Ph.-OMC-Fabrice-Demessence-768x1117.jpg 768w, https:\/\/www.pressroom.cloud\/wp-content\/uploads\/Cecilia-Bartoli_Ph.-OMC-Fabrice-Demessence-1056x1536.jpg 1056w, https:\/\/www.pressroom.cloud\/wp-content\/uploads\/Cecilia-Bartoli_Ph.-OMC-Fabrice-Demessence-scaled.jpg 1760w\" sizes=\"auto, (max-width: 941px) 100vw, 941px\" \/><p id=\"caption-attachment-20911\" class=\"wp-caption-text\">Cecilia Bartoli \u00a9 Fabrice Demessence<\/p><\/div>\n<p style=\"font-weight: 400; text-align: justify;\">Tutti i concerti in programma offrono un\u2019ampia panoramica sulle diverse anime della musica del Seicento e del Barocco, come la\u00a0<strong>prima esecuzione mondiale della nuova edizione critica del\u00a0<em>Requiem<\/em>\u00a0di Giovanni Pierluigi da Palestrina<\/strong>, in occasione dei\u00a0<strong>500 anni dalla nascita del compositore<\/strong>, con i\u00a0<strong>\u201cTallis Scholars\u201d<\/strong>\u00a0diretti da\u00a0<strong>Peter Phillips<\/strong>, il 26 giugno alla Chiesa di San Marcellino; nello stesso edificio sacro cremonese il 21 giugno \u00e8 proposto anche \u201cVenezia salva\u201d, concerto che esplora l\u2019arte musicale veneziana con\u00a0<strong>Michele Pasotti<\/strong>\u00a0e\u00a0<strong>\u201cLa Fonte Musica\u201d<\/strong>. Straordinario, inoltre, l\u2019appuntamento con il sopranista israeliano\u00a0<strong>Maayan Licht<\/strong>,<strong>\u00a0<\/strong>che propone arie di\u00a0Monteverdi, Scarlatti, Haendel e Vivaldi insieme all\u2019<strong>\u201cAccademia Bizantina\u201d<\/strong>\u00a0diretta da\u00a0<strong>Ottavio Dantone,\u00a0<\/strong>il 15 giugno all\u2019Auditorium \u201cG. Arvedi\u201d nel Museo del Violino.<\/p>\n<div id=\"attachment_20912\" style=\"width: 948px\" class=\"wp-caption aligncenter\"><img loading=\"lazy\" decoding=\"async\" aria-describedby=\"caption-attachment-20912\" class=\" wp-image-20912\" src=\"https:\/\/www.pressroom.cloud\/wp-content\/uploads\/Les-Epopees-e-Stephane-Fuget_Ph.-Etienne-Charbonnier-2-1-300x184.jpg\" alt=\"\" width=\"938\" height=\"576\" srcset=\"https:\/\/www.pressroom.cloud\/wp-content\/uploads\/Les-Epopees-e-Stephane-Fuget_Ph.-Etienne-Charbonnier-2-1-300x184.jpg 300w, https:\/\/www.pressroom.cloud\/wp-content\/uploads\/Les-Epopees-e-Stephane-Fuget_Ph.-Etienne-Charbonnier-2-1-768x472.jpg 768w, https:\/\/www.pressroom.cloud\/wp-content\/uploads\/Les-Epopees-e-Stephane-Fuget_Ph.-Etienne-Charbonnier-2-1.jpg 1024w\" sizes=\"auto, (max-width: 938px) 100vw, 938px\" \/><p id=\"caption-attachment-20912\" class=\"wp-caption-text\">Les E\u0301pope\u0301es e Ste\u0301phane Fuget \u00a9 Etienne Charbonnier<\/p><\/div>\n<p style=\"font-weight: 400; text-align: justify;\">Il\u00a0<strong>complesso rapporto fra maestro e allievo\u00a0<\/strong>viene poi approfondito nel concerto\u00a0\u201cMonteverdi\u00a0e Cavalli: due veneziani a Napoli\u201d, che indaga i legami musicali tra i due colossi del Barocco e l\u2019ambiente napoletano, con\u00a0<strong>Christophe Rousset<\/strong>\u00a0alla guida de\u00a0<strong>\u201cLes Talens Lyriques\u201d\u00a0<\/strong>(28 giugno); oltre che<strong>\u00a0<\/strong>nell\u2019incontro con\u00a0<strong>St\u00e9phane Fuget<\/strong>\u00a0e il suo ensemble\u00a0<strong>\u201cLes \u00c9pop\u00e9es\u201d<\/strong>, che mette in luce l\u2019influenza di\u00a0Monteverdi\u00a0sui compositori della generazione successiva (22 giugno).<\/p>\n<p style=\"font-weight: 400; text-align: justify;\">Per pi\u00f9 di due settimane nei luoghi simbolici di Cremona si riscopre la modernit\u00e0 di un linguaggio che \u00e8 sempre vivo, anche con convegni di approfondimento sul tema che fanno parte delle \u201cMonteverdi\u00a0Incursioni\u201d, come l\u2019incontro \u201cIl canto del Divin Claudio\u201d, curato dal Comitato per la Salvaguardia del Canto Lirico Italiano. Si riconferma, inoltre, il \u201cMonteverdi\u00a0Dappertutto\u201d, che porta la musica del genio cremonese alla Casa di cura Ancelle della Carit\u00e0, alla Casa circondariale e al CRIT (Cremona Information Technology); e la \u201cMonteverdi\u00a0Academy\u201d, residenza formativa dedicata ai pi\u00f9 giovani.<\/p>\n","protected":false},"excerpt":{"rendered":"<p>Due nuove produzioni d\u2019opera, una prima esecuzione mondiale, concerti, incontri e lezioni aperte, per un totale di pi\u00f9 di 30 appuntamenti in cartellone: la citt\u00e0 che ha dato i natali a\u00a0Claudio\u00a0Monteverdi\u00a0omaggia il padre dell\u2019opera lirica ospitando grandi stelle della scena musicale internazionale, come\u00a0Cecilia Bartoli,\u00a0Davide Livermore,\u00a0Jordi&#8230;<\/p>\n","protected":false},"author":3,"featured_media":20909,"comment_status":"open","ping_status":"open","sticky":false,"template":"","format":"standard","meta":{"footnotes":""},"categories":[69,5523,66,2202],"tags":[],"class_list":["post-20908","post","type-post","status-publish","format-standard","has-post-thumbnail","hentry","category-cultura","category-magazine","category-newsroom","category-slider"],"_links":{"self":[{"href":"https:\/\/www.pressroom.cloud\/en\/wp-json\/wp\/v2\/posts\/20908","targetHints":{"allow":["GET"]}}],"collection":[{"href":"https:\/\/www.pressroom.cloud\/en\/wp-json\/wp\/v2\/posts"}],"about":[{"href":"https:\/\/www.pressroom.cloud\/en\/wp-json\/wp\/v2\/types\/post"}],"author":[{"embeddable":true,"href":"https:\/\/www.pressroom.cloud\/en\/wp-json\/wp\/v2\/users\/3"}],"replies":[{"embeddable":true,"href":"https:\/\/www.pressroom.cloud\/en\/wp-json\/wp\/v2\/comments?post=20908"}],"version-history":[{"count":4,"href":"https:\/\/www.pressroom.cloud\/en\/wp-json\/wp\/v2\/posts\/20908\/revisions"}],"predecessor-version":[{"id":20918,"href":"https:\/\/www.pressroom.cloud\/en\/wp-json\/wp\/v2\/posts\/20908\/revisions\/20918"}],"wp:featuredmedia":[{"embeddable":true,"href":"https:\/\/www.pressroom.cloud\/en\/wp-json\/wp\/v2\/media\/20909"}],"wp:attachment":[{"href":"https:\/\/www.pressroom.cloud\/en\/wp-json\/wp\/v2\/media?parent=20908"}],"wp:term":[{"taxonomy":"category","embeddable":true,"href":"https:\/\/www.pressroom.cloud\/en\/wp-json\/wp\/v2\/categories?post=20908"},{"taxonomy":"post_tag","embeddable":true,"href":"https:\/\/www.pressroom.cloud\/en\/wp-json\/wp\/v2\/tags?post=20908"}],"curies":[{"name":"wp","href":"https:\/\/api.w.org\/{rel}","templated":true}]}}