{"id":20932,"date":"2025-03-02T15:40:41","date_gmt":"2025-03-02T14:40:41","guid":{"rendered":"https:\/\/www.pressroom.cloud\/un-ricordo-di-carla-fracci-di-augusto-de-luca\/"},"modified":"2025-03-26T17:15:15","modified_gmt":"2025-03-26T16:15:15","slug":"un-ricordo-di-carla-fracci-di-augusto-de-luca","status":"publish","type":"post","link":"https:\/\/www.pressroom.cloud\/en\/un-ricordo-di-carla-fracci-di-augusto-de-luca\/","title":{"rendered":"Un ricordo di Carla Fracci, di Augusto De Luca"},"content":{"rendered":"<p style=\"text-align: justify;\"><strong>Augusto De Luca<\/strong>, (Napoli, 1 luglio 1955) \u00e8 un fotografo e performer. Ha ritratto molti personaggi celebri. Studi classici, laureato in giurisprudenza. \u00c8 diventato fotografo professionista nella met\u00e0 degli anni &#8217;70. Si \u00e8 dedicato alla fotografia tradizionale e alla sperimentazione utilizzando diversi materiali fotografici. Il suo stile \u00e8 caratterizzato da un&#8217;attenzione particolare per le inquadrature e per le minime unit\u00e0 espressive dell&#8217;oggetto inquadrato. Immagini di netto realismo sono affiancate da altre nelle quali forme e segni correlandosi ricordano la lezione della metafisica. \u00c8 conosciuto a livello internazionale, ha esposto in molte gallerie italiane ed estere. Le sue fotografie compaiono in collezioni pubbliche e private come quelle della International Polaroid Collection (USA), della Biblioteca Nazionale di Parigi, dell&#8217;Archivio Fotografico Comunale di Roma, della Galleria Nazionale delle Arti Estetiche della Cina (Pechino), del Museo de la Photographie di Charleroi (Belgio).<\/p>\n<div id=\"attachment_15916\" style=\"width: 946px\" class=\"wp-caption aligncenter\"><img loading=\"lazy\" decoding=\"async\" aria-describedby=\"caption-attachment-15916\" class=\" wp-image-15916\" src=\"https:\/\/www.pressroom.cloud\/wp-content\/uploads\/Augusto-De-Luca-e-Carla-Fracci-300x300.jpg\" alt=\"\" width=\"936\" height=\"936\" srcset=\"https:\/\/www.pressroom.cloud\/wp-content\/uploads\/Augusto-De-Luca-e-Carla-Fracci-300x300.jpg 300w, https:\/\/www.pressroom.cloud\/wp-content\/uploads\/Augusto-De-Luca-e-Carla-Fracci-150x150.jpg 150w, https:\/\/www.pressroom.cloud\/wp-content\/uploads\/Augusto-De-Luca-e-Carla-Fracci-550x550.jpg 550w\" sizes=\"auto, (max-width: 936px) 100vw, 936px\" \/><p id=\"caption-attachment-15916\" class=\"wp-caption-text\">Augusto De Luca e Carla Fracci<\/p><\/div>\n<p style=\"text-align: justify;\">\u201cSono passati diversi anni, ma il ricordo di quell\u2019incontro, la memoria di quel momento magico rester\u00e0 per sempre. Erano i primi anni novanta, per essere precisi il 1991 e da poco era uscito in tutte le librerie il libro \u201cNapoli Donna\u201d, con i miei ritratti di trentasette importanti donne napoletane, accompagnati dalle interviste della giornalista Giuliana Gargiulo. Avendo avuto un notevole riscontro, io e Giuliana decidemmo di realizzare un altro libro, stavolta sulle donne di Milano, libro che per\u00f2 per vari motivi non fu mai pubblicato. Preparammo allora una scaletta di nomi illustri e la prima della lista era\u00a0<em>Carla Fracci<\/em>. Il caso volle che dopo neanche un mese la stupenda ballerina insieme al marito Beppe Menegatti venissero a Napoli proprio da Giuliana che li ospit\u00f2. Ricordo bene infatti che la conobbi ad una cena in casa sua. Le proposi di partecipare al progetto e lei ne fu subito entusiasta. Era andato tutto bene\u2026 per\u00f2 la\u00a0<em>Fracci<\/em> sarebbe rimasta a Napoli pochi giorni, io dovevo subito trovare una location e soprattutto decidere come fotografarla. Cominciai allora a documentarmi e a cercare\u2026. leggendo la sua biografia capii dalla data di nascita che il suo segno zodiacale era il leone, un segno che le calza a pennello; infatti io l\u2019 avevo sempre considerata una donna molto forte, una vera guerriera, caratterialmente e professionalmente.<\/p>\n\n\t\t<style type=\"text\/css\">\n\t\t\t#gallery-1 {\n\t\t\t\tmargin: auto;\n\t\t\t}\n\t\t\t#gallery-1 .gallery-item {\n\t\t\t\tfloat: left;\n\t\t\t\tmargin-top: 10px;\n\t\t\t\ttext-align: center;\n\t\t\t\twidth: 33%;\n\t\t\t}\n\t\t\t#gallery-1 img {\n\t\t\t\tborder: 2px solid #cfcfcf;\n\t\t\t}\n\t\t\t#gallery-1 .gallery-caption {\n\t\t\t\tmargin-left: 0;\n\t\t\t}\n\t\t\t\/* see gallery_shortcode() in wp-includes\/media.php *\/\n\t\t<\/style>\n\t\t<div id='gallery-1' class='gallery galleryid-20932 gallery-columns-3 gallery-size-large'><dl class='gallery-item'>\n\t\t\t<dt class='gallery-icon landscape'>\n\t\t\t\t<a href='https:\/\/www.pressroom.cloud\/en\/un-ricordo-di-carla-fracci-di-augusto-de-luca\/carla-fracci-e-augusto-de-luca-2-2\/'><img loading=\"lazy\" decoding=\"async\" width=\"1024\" height=\"650\" src=\"https:\/\/www.pressroom.cloud\/wp-content\/uploads\/Carla-Fracci-e-Augusto-De-Luca.-2-1024x650.jpg\" class=\"attachment-large size-large\" alt=\"\" srcset=\"https:\/\/www.pressroom.cloud\/wp-content\/uploads\/Carla-Fracci-e-Augusto-De-Luca.-2-1024x650.jpg 1024w, https:\/\/www.pressroom.cloud\/wp-content\/uploads\/Carla-Fracci-e-Augusto-De-Luca.-2-300x191.jpg 300w, https:\/\/www.pressroom.cloud\/wp-content\/uploads\/Carla-Fracci-e-Augusto-De-Luca.-2-768x488.jpg 768w, https:\/\/www.pressroom.cloud\/wp-content\/uploads\/Carla-Fracci-e-Augusto-De-Luca.-2.jpg 1146w\" sizes=\"auto, (max-width: 1024px) 100vw, 1024px\" \/><\/a>\n\t\t\t<\/dt><\/dl><dl class='gallery-item'>\n\t\t\t<dt class='gallery-icon landscape'>\n\t\t\t\t<a href='https:\/\/www.pressroom.cloud\/en\/un-ricordo-di-carla-fracci-di-augusto-de-luca\/carla-fracci-e-augusto-de-luca-5-2\/'><img loading=\"lazy\" decoding=\"async\" width=\"1024\" height=\"650\" src=\"https:\/\/www.pressroom.cloud\/wp-content\/uploads\/Carla-Fracci-e-Augusto-De-Luca.-5-1024x650.jpg\" class=\"attachment-large size-large\" alt=\"\" aria-describedby=\"gallery-1-20893\" srcset=\"https:\/\/www.pressroom.cloud\/wp-content\/uploads\/Carla-Fracci-e-Augusto-De-Luca.-5-1024x650.jpg 1024w, https:\/\/www.pressroom.cloud\/wp-content\/uploads\/Carla-Fracci-e-Augusto-De-Luca.-5-300x190.jpg 300w, https:\/\/www.pressroom.cloud\/wp-content\/uploads\/Carla-Fracci-e-Augusto-De-Luca.-5-768x488.jpg 768w, https:\/\/www.pressroom.cloud\/wp-content\/uploads\/Carla-Fracci-e-Augusto-De-Luca.-5.jpg 1150w\" sizes=\"auto, (max-width: 1024px) 100vw, 1024px\" \/><\/a>\n\t\t\t<\/dt>\n\t\t\t\t<dd class='wp-caption-text gallery-caption' id='gallery-1-20893'>\n\t\t\t\tCarla Fracci e Augusto De Luca\n\t\t\t\t<\/dd><\/dl><dl class='gallery-item'>\n\t\t\t<dt class='gallery-icon landscape'>\n\t\t\t\t<a href='https:\/\/www.pressroom.cloud\/en\/un-ricordo-di-carla-fracci-di-augusto-de-luca\/carla-fracci-e-augusto-de-luca-1-2\/'><img loading=\"lazy\" decoding=\"async\" width=\"1024\" height=\"649\" src=\"https:\/\/www.pressroom.cloud\/wp-content\/uploads\/Carla-Fracci-e-Augusto-De-Luca.-1-1024x649.jpg\" class=\"attachment-large size-large\" alt=\"\" srcset=\"https:\/\/www.pressroom.cloud\/wp-content\/uploads\/Carla-Fracci-e-Augusto-De-Luca.-1-1024x649.jpg 1024w, https:\/\/www.pressroom.cloud\/wp-content\/uploads\/Carla-Fracci-e-Augusto-De-Luca.-1-300x190.jpg 300w, https:\/\/www.pressroom.cloud\/wp-content\/uploads\/Carla-Fracci-e-Augusto-De-Luca.-1-768x487.jpg 768w, https:\/\/www.pressroom.cloud\/wp-content\/uploads\/Carla-Fracci-e-Augusto-De-Luca.-1.jpg 1150w\" sizes=\"auto, (max-width: 1024px) 100vw, 1024px\" \/><\/a>\n\t\t\t<\/dt><\/dl><br style=\"clear: both\" \/>\n\t\t<\/div>\n\n<p style=\"text-align: justify;\">Mi ricordai allora che a casa della mia amica Valeria Carit\u00e0, in un antico palazzo a Monte di Dio, avevo visto un grande leone di pietra. Immediatamente organizzai tutto e il giorno dopo io e la\u00a0<em>Fracci<\/em> ci recammo in quella lussuosa casa. Lei era bellissima, delicata ed eterea come una porcellana cinese e indoss\u00f2 lo stupendo vestito merlettato che si vede nella foto. Dopo qualche prova e pochi scatti capii che avevo la foto giusta. Finalmente potevo rilassarmi. Passammo un po\u2019 di tempo a chiacchierare e poi la riaccompagnai. La rividi a Milano perch\u00e9 venne ad una mia mostra fotografica al \u201cDiaframma\u201d in via Brera. Le diedi il suo ritratto e lei subito mi disse: \u201cBella\u2026..e poi il leone \u00e8 il mio segno zodiacale\u201d, capii di aver fatto centro.<\/p>\n","protected":false},"excerpt":{"rendered":"<p>Augusto De Luca, (Napoli, 1 luglio 1955) \u00e8 un fotografo e performer. Ha ritratto molti personaggi celebri. Studi classici, laureato in giurisprudenza. \u00c8 diventato fotografo professionista nella met\u00e0 degli anni &#8217;70. Si \u00e8 dedicato alla fotografia tradizionale e alla sperimentazione utilizzando diversi materiali fotografici. Il&#8230;<\/p>\n","protected":false},"author":3,"featured_media":20888,"comment_status":"open","ping_status":"open","sticky":false,"template":"","format":"standard","meta":{"footnotes":""},"categories":[4366,4367,1],"tags":[4368,4369,4370,4371],"class_list":["post-20932","post","type-post","status-publish","format-standard","has-post-thumbnail","hentry","category-cultura-en","category-lifestyle-en","category-magazine-en","tag-augusto-de-luca-en","tag-carla-fracci-en","tag-danza-en","tag-fotografia-en"],"_links":{"self":[{"href":"https:\/\/www.pressroom.cloud\/en\/wp-json\/wp\/v2\/posts\/20932","targetHints":{"allow":["GET"]}}],"collection":[{"href":"https:\/\/www.pressroom.cloud\/en\/wp-json\/wp\/v2\/posts"}],"about":[{"href":"https:\/\/www.pressroom.cloud\/en\/wp-json\/wp\/v2\/types\/post"}],"author":[{"embeddable":true,"href":"https:\/\/www.pressroom.cloud\/en\/wp-json\/wp\/v2\/users\/3"}],"replies":[{"embeddable":true,"href":"https:\/\/www.pressroom.cloud\/en\/wp-json\/wp\/v2\/comments?post=20932"}],"version-history":[{"count":1,"href":"https:\/\/www.pressroom.cloud\/en\/wp-json\/wp\/v2\/posts\/20932\/revisions"}],"predecessor-version":[{"id":21710,"href":"https:\/\/www.pressroom.cloud\/en\/wp-json\/wp\/v2\/posts\/20932\/revisions\/21710"}],"wp:featuredmedia":[{"embeddable":true,"href":"https:\/\/www.pressroom.cloud\/en\/wp-json\/wp\/v2\/media\/20888"}],"wp:attachment":[{"href":"https:\/\/www.pressroom.cloud\/en\/wp-json\/wp\/v2\/media?parent=20932"}],"wp:term":[{"taxonomy":"category","embeddable":true,"href":"https:\/\/www.pressroom.cloud\/en\/wp-json\/wp\/v2\/categories?post=20932"},{"taxonomy":"post_tag","embeddable":true,"href":"https:\/\/www.pressroom.cloud\/en\/wp-json\/wp\/v2\/tags?post=20932"}],"curies":[{"name":"wp","href":"https:\/\/api.w.org\/{rel}","templated":true}]}}