{"id":20934,"date":"2025-02-19T17:42:13","date_gmt":"2025-02-19T16:42:13","guid":{"rendered":"https:\/\/www.pressroom.cloud\/io-sono-leonor-fini-prossimamente-a-palazzo-reale-milano\/"},"modified":"2025-03-26T17:15:16","modified_gmt":"2025-03-26T16:15:16","slug":"io-sono-leonor-fini-prossimamente-a-palazzo-reale-milano","status":"publish","type":"post","link":"https:\/\/www.pressroom.cloud\/en\/io-sono-leonor-fini-prossimamente-a-palazzo-reale-milano\/","title":{"rendered":"&#8220;Io sono Leonor Fini&#8221; prossimamente a Palazzo Reale, Milano"},"content":{"rendered":"<p><strong>Leonor Fini\u00a0<\/strong>si inserisce nella lunga storia di <strong>Palazzo Reale<\/strong> nel presentare<strong>\u00a0mostre sul Surrealismo e su artisti legati al movimento<\/strong>, nonch\u00e9 nel pi\u00f9 continuo interesse a promuovere\u00a0<strong>esposizioni incentrate sul riconoscimento delle donne artiste<\/strong>, evidenziandone il ruolo nella societ\u00e0 e nella cultura. La mostra vuole indagare\u00a0<strong>riflessioni aggiornate sul lavoro di Fini<\/strong>, cos\u00ec da renderlo accessibile a tutte le generazioni. Il suo lavoro affronta<strong>\u00a0temi fondamentali della societ\u00e0 contemporanea<\/strong>, come la messa in discussione del genere, dell&#8217;identit\u00e0, dell&#8217;appartenenza, dei modelli consolidati di famiglia, della mascolinit\u00e0 e della femminilit\u00e0.<\/p>\n<div id=\"attachment_15839\" style=\"width: 814px\" class=\"wp-caption aligncenter\"><img loading=\"lazy\" decoding=\"async\" aria-describedby=\"caption-attachment-15839\" class=\"wp-image-15839\" src=\"https:\/\/www.pressroom.cloud\/wp-content\/uploads\/151479-unnamed_4_-300x225.jpg\" alt=\"\" width=\"804\" height=\"603\" srcset=\"https:\/\/www.pressroom.cloud\/wp-content\/uploads\/151479-unnamed_4_-300x225.jpg 300w, https:\/\/www.pressroom.cloud\/wp-content\/uploads\/151479-unnamed_4_.jpg 600w\" sizes=\"auto, (max-width: 804px) 100vw, 804px\" \/><p id=\"caption-attachment-15839\" class=\"wp-caption-text\">\u00a9 Leonor Fini, by SIAE 2024 | Leonor Fini, Femme assise sur un homme nu, 1942, olio su tela<\/p><\/div>\n<p>Il titolo della mostra nasce da una citazione di Leonor Fini:\u00a0<strong><em>\u00abSono una pittrice. Quando mi chiedono come faccia, rispondo: \u201cIo sono\u201d\u00bb<\/em><\/strong>\u00a0\u200b. Questa affermazione riflette la sua\u00a0<strong>identit\u00e0 artistica libera da schemi e definizioni rigide<\/strong>, elemento che caratterizza tutta la sua produzione. Il percorso espositivo comprende pittura, disegno, fotografia, arte decorativa, design di moda, costumi, libri d\u2019artista e documenti per sottolineare la poliedricit\u00e0 dell\u2019artista.<\/p>\n<p><strong>\ud83d\uddd3 26 febbraio &#8211; 22 giugno<\/strong><\/p>\n","protected":false},"excerpt":{"rendered":"<p>Leonor Fini\u00a0si inserisce nella lunga storia di Palazzo Reale nel presentare\u00a0mostre sul Surrealismo e su artisti legati al movimento, nonch\u00e9 nel pi\u00f9 continuo interesse a promuovere\u00a0esposizioni incentrate sul riconoscimento delle donne artiste, evidenziandone il ruolo nella societ\u00e0 e nella cultura. La mostra vuole indagare\u00a0riflessioni aggiornate&#8230;<\/p>\n","protected":false},"author":3,"featured_media":20872,"comment_status":"open","ping_status":"open","sticky":false,"template":"","format":"standard","meta":{"footnotes":""},"categories":[1],"tags":[4375,4364,4376,4365,4377],"class_list":["post-20934","post","type-post","status-publish","format-standard","has-post-thumbnail","hentry","category-magazine-en","tag-leonor-fini-en","tag-milano-en","tag-palazzo-reale-en","tag-palazzo-reale-di-milano-en","tag-surrealismo-en"],"_links":{"self":[{"href":"https:\/\/www.pressroom.cloud\/en\/wp-json\/wp\/v2\/posts\/20934","targetHints":{"allow":["GET"]}}],"collection":[{"href":"https:\/\/www.pressroom.cloud\/en\/wp-json\/wp\/v2\/posts"}],"about":[{"href":"https:\/\/www.pressroom.cloud\/en\/wp-json\/wp\/v2\/types\/post"}],"author":[{"embeddable":true,"href":"https:\/\/www.pressroom.cloud\/en\/wp-json\/wp\/v2\/users\/3"}],"replies":[{"embeddable":true,"href":"https:\/\/www.pressroom.cloud\/en\/wp-json\/wp\/v2\/comments?post=20934"}],"version-history":[{"count":1,"href":"https:\/\/www.pressroom.cloud\/en\/wp-json\/wp\/v2\/posts\/20934\/revisions"}],"predecessor-version":[{"id":21712,"href":"https:\/\/www.pressroom.cloud\/en\/wp-json\/wp\/v2\/posts\/20934\/revisions\/21712"}],"wp:featuredmedia":[{"embeddable":true,"href":"https:\/\/www.pressroom.cloud\/en\/wp-json\/wp\/v2\/media\/20872"}],"wp:attachment":[{"href":"https:\/\/www.pressroom.cloud\/en\/wp-json\/wp\/v2\/media?parent=20934"}],"wp:term":[{"taxonomy":"category","embeddable":true,"href":"https:\/\/www.pressroom.cloud\/en\/wp-json\/wp\/v2\/categories?post=20934"},{"taxonomy":"post_tag","embeddable":true,"href":"https:\/\/www.pressroom.cloud\/en\/wp-json\/wp\/v2\/tags?post=20934"}],"curies":[{"name":"wp","href":"https:\/\/api.w.org\/{rel}","templated":true}]}}