{"id":20936,"date":"2025-02-09T17:15:15","date_gmt":"2025-02-09T16:15:15","guid":{"rendered":"https:\/\/www.pressroom.cloud\/laccademia-verdiana-debutta-a-new-york\/"},"modified":"2025-03-26T17:15:16","modified_gmt":"2025-03-26T16:15:16","slug":"laccademia-verdiana-debutta-a-new-york","status":"publish","type":"post","link":"https:\/\/www.pressroom.cloud\/en\/laccademia-verdiana-debutta-a-new-york\/","title":{"rendered":"L&#8217;Accademia Verdiana debutta a New York"},"content":{"rendered":"<p style=\"text-align: justify;\">L&#8217;Accademia Verdiana del Teatro Regio di Parma, punto di riferimento per la formazione vocale e musicale, ha recentemente debuttato a New York, portando l\u00ec la sua duplice missione di scoprire e valorizzare nuove generazioni di cantanti. Nata da un\u2019idea ambiziosa, realizzata in tempi record, l\u2019iniziativa ha preso forma grazie al supporto degli International Friends of Festival Verdi, della Casa Italiana Zerilli-Marim\u00f2 \u2013 che ha ospitato cinque giornate di masterclass e il concerto finale \u2013 e della Fondazione Prof. Roberto Massini ETS che ha garantito a ogni studente la possibilit\u00e0 di partecipare gratuitamente, con una borsa di studio di 500 dollari. In poche settimane sono arrivate quarantatre candidature da tutto il mondo,\u00a0dagli stessi Stati Uniti fino all\u2019Aia, America Latina ed Europa, tra tutti sono stati selezionati dieci cantanti \u201cunder 35\u201d. Per loro l\u2019Accademia Verdiana ha rappresentato un\u2019esperienza \u00abunica e impagabile\u00bb che ha offerto l&#8217;opportunit\u00e0 di esplorare il repertorio verdiano, approfondire le tendenze attuali nell\u2019esecuzione dell\u2019opera di Verdi e lavorare su pratiche esecutive storicamente informate soprattutto attraverso l\u2019uso di edizioni critiche.\u00a0Un programma impegnativo in relazione ai giorni a disposizione, ma reso accessibile dalla guida esperta di Francesco Izzo, direttore didattico dell\u2019Accademia Verdiana e professore ordinario all&#8217;Universit\u00e0 di Southampton, che ha rivelato essere \u00abmolto soddisfatto del livello complessivo dei dieci allievi che abbiamo selezionato e anche dello svolgimento del corso che ha offerto una prospettiva unica per quel che riguarda il panorama statunitense, combinando musicologia, prassi esecutiva e lavoro sulla tecnica vocale. Inutile dire che il successo \u00e8 stato sancito soprattutto dalla presenza di una fuoriclasse come Eleonora Buratto, oltre alla squadra dell\u2019Accademia Verdiana che comprendeva anche Jonathan Friend, David Lawton e Claudia Zucconi\u00bb.\u00a0E se molti si chiedono se vedremo questi allievi al Teatro Regio, Izzo risponde che \u00abvari di loro hanno tutte le carte in regola per presentarsi a Parma. Le modalit\u00e0 andranno naturalmente studiate in base alla disponibilit\u00e0 di ruoli e altre opportunit\u00e0 che potremmo offrire\u00bb. La sua filosofia, infatti, \u00e8 quella di creare connessioni tra i programmi di formazioni e la programmazione del teatro.<\/p>\n<div id=\"attachment_15765\" style=\"width: 930px\" class=\"wp-caption aligncenter\"><img loading=\"lazy\" decoding=\"async\" aria-describedby=\"caption-attachment-15765\" class=\" wp-image-15765\" src=\"https:\/\/www.pressroom.cloud\/wp-content\/uploads\/66eed6d7-4aaf-428b-8ddc-c93b936e8b79-225x300.jpg\" alt=\"\" width=\"920\" height=\"1227\" srcset=\"https:\/\/www.pressroom.cloud\/wp-content\/uploads\/66eed6d7-4aaf-428b-8ddc-c93b936e8b79-225x300.jpg 225w, https:\/\/www.pressroom.cloud\/wp-content\/uploads\/66eed6d7-4aaf-428b-8ddc-c93b936e8b79-768x1024.jpg 768w, https:\/\/www.pressroom.cloud\/wp-content\/uploads\/66eed6d7-4aaf-428b-8ddc-c93b936e8b79-1152x1536.jpg 1152w, https:\/\/www.pressroom.cloud\/wp-content\/uploads\/66eed6d7-4aaf-428b-8ddc-c93b936e8b79-1320x1760.jpg 1320w, https:\/\/www.pressroom.cloud\/wp-content\/uploads\/66eed6d7-4aaf-428b-8ddc-c93b936e8b79.jpg 1530w\" sizes=\"auto, (max-width: 920px) 100vw, 920px\" \/><p id=\"caption-attachment-15765\" class=\"wp-caption-text\">Francesco Izzo ed Eleonora Buratto<\/p><\/div>\n<p style=\"text-align: justify;\">Come sottolineato dallo stesso Izzo, la masterclass \u00e8 stata arricchita dall&#8217;insegnamento e dalla preziosa esperienza di Eleonora Buratto.\u00a0Io stessa\u00a0ho potuto assistere\u00a0a una giornata di lezioni con il soprano mantovano, ormai presenza fissa al Metropolitan Opera dal suo debutto nel 2016, che, nonostante fosse impegnata come Mim\u00ec nella\u00a0<em>Boh\u00e8me<\/em>\u00a0(quella con la storica regia di Zeffirelli), ha dedicato tempo ed energia ad ogni allievo. Emozionante vederla nella veste di insegnante, un ruolo che sogna di abbracciare \u00abcon calma e nei prossimi dieci anni\u00bb ma che ha gi\u00e0 dimostrato di sapere interpretare con grande abilit\u00e0. Come confermato da Edwin Davis, talentuoso basso dell\u2019Utica, Mississippi: \u00abLa sua capacit\u00e0 di spiegare concetti difficili in maniera chiara e comprensibile, usando esempi concreti e addirittura mostrandoli in prima persona \u00e8 un dono raro. Non \u00e8 solo un&#8217;insegnante di tecnica vocale, ma una vera pedagogista che sa come trasmettere le informazioni in modo che siano comprensibili anche per i pi\u00f9 giovani e inesperti.\u00a0La lezione pi\u00f9 importante che ho appreso \u00e8 stata quella di smettere di dubitare delle mie capacit\u00e0. Ho imparato a non mettermi pi\u00f9 in discussione riguardo al mio potenziale come artista. Ho finalmente compreso che non solo sono in grado di salire sui palcoscenici pi\u00f9 importanti ma che sono destinato a farlo. Ho capito che questo \u00e8 il mio percorso e che devo credere nelle mie capacit\u00e0, senza alcun tipo di esitazione\u00bb.<\/p>\n<p style=\"text-align: justify;\"><img loading=\"lazy\" decoding=\"async\" class=\" wp-image-15764 aligncenter\" src=\"https:\/\/www.pressroom.cloud\/wp-content\/uploads\/6f27bee3-85b0-4eb8-960a-b8f361ff96b2-300x234.jpg\" alt=\"\" width=\"972\" height=\"758\" srcset=\"https:\/\/www.pressroom.cloud\/wp-content\/uploads\/6f27bee3-85b0-4eb8-960a-b8f361ff96b2-300x234.jpg 300w, https:\/\/www.pressroom.cloud\/wp-content\/uploads\/6f27bee3-85b0-4eb8-960a-b8f361ff96b2-1024x800.jpg 1024w, https:\/\/www.pressroom.cloud\/wp-content\/uploads\/6f27bee3-85b0-4eb8-960a-b8f361ff96b2-768x600.jpg 768w, https:\/\/www.pressroom.cloud\/wp-content\/uploads\/6f27bee3-85b0-4eb8-960a-b8f361ff96b2-1536x1200.jpg 1536w, https:\/\/www.pressroom.cloud\/wp-content\/uploads\/6f27bee3-85b0-4eb8-960a-b8f361ff96b2-1320x1031.jpg 1320w\" sizes=\"auto, (max-width: 972px) 100vw, 972px\" \/><br \/>\nUn\u2019Accademia che non rafforza solo le competenze artistiche ma anche la crescita personale. I dieci cantanti si sono mostrati un gruppo affiatato, sostenendosi a vicenda e creando un\u2019atmosfera di collaborazione e spunti di riflessione che si raccolgono dalle testimonianze dei vari partecipanti, come quella di Maria Cenname, unica artista italiana selezionata, che ha apprezzato \u00abL&#8217;opportunit\u00e0 di conoscere Eleonora, per me una delle esperienze pi\u00f9 importanti. Vedere come una figura di tale calibro vive e affronta la sua arte ogni giorno mi ha ispirato enormemente. Non \u00e8 solo una cantante di fama mondiale, ma una pedagogista straordinaria, capace di trasmettere la sua esperienza in un modo che \u00e8 al contempo semplice e profondo. L&#8217;Accademia ci ha offerto l\u2019opportunit\u00e0 di entrare in contatto con artisti affermati che lavorano a livello internazionale, questo \u00e8 un valore inestimabile per noi giovani artisti. Non si tratta solo di apprendere dalle loro performance, ma anche di comprenderne il processo, di vivere l&#8217;esperienza della loro dedizione al mestiere, di vedere come affrontano il repertorio, come lo studiano, come lo vivono ogni giorno. \u00c8 un&#8217;opportunit\u00e0 che mi ha permesso di crescere non solo artisticamente, ma anche mentalmente. Questo incontro con Eleonora e con gli altri maestri mi ha insegnato a guardare la mia arte da un nuovo punto di vista, ad affrontare le sfide con maggiore determinazione, a non smettere mai di imparare\u00bb.<\/p>\n<p style=\"text-align: justify;\"><img loading=\"lazy\" decoding=\"async\" class=\" wp-image-15763 aligncenter\" src=\"https:\/\/www.pressroom.cloud\/wp-content\/uploads\/2bc52292-4c6d-4da9-9b3a-7c046f51224e-225x300.jpg\" alt=\"\" width=\"1027\" height=\"1369\" srcset=\"https:\/\/www.pressroom.cloud\/wp-content\/uploads\/2bc52292-4c6d-4da9-9b3a-7c046f51224e-225x300.jpg 225w, https:\/\/www.pressroom.cloud\/wp-content\/uploads\/2bc52292-4c6d-4da9-9b3a-7c046f51224e-768x1024.jpg 768w, https:\/\/www.pressroom.cloud\/wp-content\/uploads\/2bc52292-4c6d-4da9-9b3a-7c046f51224e-1152x1536.jpg 1152w, https:\/\/www.pressroom.cloud\/wp-content\/uploads\/2bc52292-4c6d-4da9-9b3a-7c046f51224e-1320x1760.jpg 1320w, https:\/\/www.pressroom.cloud\/wp-content\/uploads\/2bc52292-4c6d-4da9-9b3a-7c046f51224e.jpg 1530w\" sizes=\"auto, (max-width: 1027px) 100vw, 1027px\" \/><\/p>\n<p style=\"text-align: justify;\">Esther Tonea, vincitrice del Metropolitan Opera&#8217;s Laffont Competition nel 2022, ha poi aggiunto: \u00abInizialmente, quando pensavo al repertorio verdiano, mi sembrava troppo, quasi intimidatorio, qualcosa da cui mi sarebbe stato difficile avvicinarmi, come se fosse un mondo a s\u00e9 stante, con regole che non mi appartenevano. Ma, lavorando con Francesco e con Eleonora, ho imparato che, pur essendo un repertorio complesso, \u00e8 qualcosa che pu\u00f2 essere affrontato con rispetto, ma anche con vigile libert\u00e0 interpretativa. La bellezza di come il repertorio viene trattato nell&#8217;Accademia \u00e8 che non ci si sente mai esclusi, ma sempre inclusi in un processo di apprendimento che rende tutto accessibile. Ho imparato che ogni pezzo ha la sua essenza, la sua storia, e che non bisogna temerlo, ma rispettarlo, esplorandolo con passione e dedizione. Ora mi sento pi\u00f9 sicura e pronta ad affrontare anche le sfide pi\u00f9 impegnative con una nuova consapevolezza\u00bb.<\/p>\n<p style=\"text-align: justify;\">Il successo dell&#8217;esperimento \u00e8 evidente sin da subito, ma una domanda sorge spontanea:\u00a0<i>continuer\u00e0?<\/i>\u00a0Non c&#8217;\u00e8 bisogno di fare supposizioni perch\u00e9, anche qui, Francesco Izzo risponde con chiarezza: \u00abTroppo presto per annunciare impegni definitivi per il futuro. Tuttavia, la nostra intenzione \u00e8 quella che il progetto continui. Va sottolineato che abbiamo un&#8217;Accademia Verdiana al Teatro Regio di Parma, un corso di perfezionamento che si svolge annualmente con una durata di nove mesi. Questo progetto a New York \u00e8 quindi una naturale estensione di quel corso di Parma. La nostra speranza \u00e8 che diventi una tradizione annuale e, appena sar\u00e0 possibile, lo confermeremo. Al momento non possiamo dire con certezza, ma il desiderio e la determinazione ci sono tutti, soprattutto considerando com\u2019\u00e8 andata quest\u2019anno. Poi vedremo nel dettaglio cosa si potr\u00e0 fare e quando\u00bb.\u00a0<i>Fingers crossed!<\/i><\/p>\n","protected":false},"excerpt":{"rendered":"<p>L&#8217;Accademia Verdiana del Teatro Regio di Parma, punto di riferimento per la formazione vocale e musicale, ha recentemente debuttato a New York, portando l\u00ec la sua duplice missione di scoprire e valorizzare nuove generazioni di cantanti. Nata da un\u2019idea ambiziosa, realizzata in tempi record, l\u2019iniziativa&#8230;<\/p>\n","protected":false},"author":23,"featured_media":20863,"comment_status":"open","ping_status":"open","sticky":false,"template":"","format":"standard","meta":{"footnotes":""},"categories":[4366,1],"tags":[4379,4380],"class_list":["post-20936","post","type-post","status-publish","format-standard","has-post-thumbnail","hentry","category-cultura-en","category-magazine-en","tag-accademia-verdiana-en","tag-eleonora-buratto-en"],"_links":{"self":[{"href":"https:\/\/www.pressroom.cloud\/en\/wp-json\/wp\/v2\/posts\/20936","targetHints":{"allow":["GET"]}}],"collection":[{"href":"https:\/\/www.pressroom.cloud\/en\/wp-json\/wp\/v2\/posts"}],"about":[{"href":"https:\/\/www.pressroom.cloud\/en\/wp-json\/wp\/v2\/types\/post"}],"author":[{"embeddable":true,"href":"https:\/\/www.pressroom.cloud\/en\/wp-json\/wp\/v2\/users\/23"}],"replies":[{"embeddable":true,"href":"https:\/\/www.pressroom.cloud\/en\/wp-json\/wp\/v2\/comments?post=20936"}],"version-history":[{"count":1,"href":"https:\/\/www.pressroom.cloud\/en\/wp-json\/wp\/v2\/posts\/20936\/revisions"}],"predecessor-version":[{"id":21714,"href":"https:\/\/www.pressroom.cloud\/en\/wp-json\/wp\/v2\/posts\/20936\/revisions\/21714"}],"wp:featuredmedia":[{"embeddable":true,"href":"https:\/\/www.pressroom.cloud\/en\/wp-json\/wp\/v2\/media\/20863"}],"wp:attachment":[{"href":"https:\/\/www.pressroom.cloud\/en\/wp-json\/wp\/v2\/media?parent=20936"}],"wp:term":[{"taxonomy":"category","embeddable":true,"href":"https:\/\/www.pressroom.cloud\/en\/wp-json\/wp\/v2\/categories?post=20936"},{"taxonomy":"post_tag","embeddable":true,"href":"https:\/\/www.pressroom.cloud\/en\/wp-json\/wp\/v2\/tags?post=20936"}],"curies":[{"name":"wp","href":"https:\/\/api.w.org\/{rel}","templated":true}]}}