{"id":20938,"date":"2025-01-30T13:09:45","date_gmt":"2025-01-30T12:09:45","guid":{"rendered":"https:\/\/www.pressroom.cloud\/enrico-onofri-dirige-serenata-il-31-gennaio-esce-il-cd\/"},"modified":"2025-03-26T17:15:17","modified_gmt":"2025-03-26T16:15:17","slug":"enrico-onofri-dirige-serenata-il-31-gennaio-esce-il-cd","status":"publish","type":"post","link":"https:\/\/www.pressroom.cloud\/en\/enrico-onofri-dirige-serenata-il-31-gennaio-esce-il-cd\/","title":{"rendered":"Enrico Onofri dirige SERENATA, il 31 gennaio esce il cd"},"content":{"rendered":"<p style=\"text-align: justify;\">Il 31 gennaio esce, pubblicato da\u00a0<strong>Harmonia Mundi<\/strong>, il CD del direttore d\u2019orchestra\u00a0<strong>Enrico Onofri<\/strong>\u00a0alla guida della\u00a0<strong>M\u00fcnchener Kammerorchester\u00a0<\/strong>della quale \u00e8 anche direttore associato. Il disco, intitolato\u00a0<strong><em>Serenata<\/em><\/strong>\u00a0\u00e8 interamente dedicato a Mozart, si avvale del violino solista di\u00a0<strong>Isabelle Faust<\/strong>\u00a0e segna l\u2019inizio di una nuova collaborazione con la casa discografica francese che dar\u00e0 vita a un imponente ciclo sinfonico dedicato ai compositori del periodo classico.<\/p>\n<p><img decoding=\"async\" class=\"aligncenter\" src=\"https:\/\/ci3.googleusercontent.com\/meips\/ADKq_NbJrvapyeeR1o3IW5-2OUTqC6P1CuFv8TctLI6UQrnlM5jfkw6m1jMEwyszrQE9BgZ8zYi4_7W-Ym9_mZgj_Czk1PI_Jah6eL0U1V9VgjCGFMLv9eBD-MTIZAQ=s0-d-e1-ft#https:\/\/www.pressroom.cloud\/wp-content\/uploads\/0X3g9mIg-1024x1024.jpg\" \/><\/p>\n<p style=\"text-align: justify;\">Lo stesso Enrico Onofri spiega, nel booklet:\u00a0<strong>\u00abAbbiamo voluto celebrare le gioie e le delizie \u2013 ma anche alcune malinconie \u2013 della musica \u201cnotturna\u201d di Mozart attraverso tre lavori paradigmatici di questo genere: le serenate\u00a0<em>Haffner<\/em>\u00a0e\u00a0<em>Posthorn<\/em>, e l\u2019ancor pi\u00f9 celebre\u00a0<em>Eine kleine Nachtmusik<\/em>\u00bb<\/strong>.<\/p>\n<div style=\"width: 1034px\" class=\"wp-caption aligncenter\"><img loading=\"lazy\" decoding=\"async\" src=\"https:\/\/ci3.googleusercontent.com\/meips\/ADKq_NYvjM5E5kdv3Wfi-uFkUAADONESeznQqNi-lvZ4iX11qfwkmMfpKUSSrjy6b9JLkMqEakPpzMNYXB_6QhBYjdcwu4AGM520P8SKEIs3M0CixylXt8EguyqWag=s0-d-e1-ft#https:\/\/www.pressroom.cloud\/wp-content\/uploads\/AGC-uyOM-1024x878.jpg\" alt=\"\" width=\"1024\" height=\"878\" \/><p class=\"wp-caption-text\">Enrico Onofri &amp; Isabelle Faust \u00a9 Florian Ganslmeier<\/p><\/div>\n<p style=\"text-align: justify;\">Le Serenate, come altre musiche settecentesche notturne, grazie a Mozart vennero innalzate in una vera sfera artistica ed \u00e8 proprio in questa dimensione che il Maestro Onofri ha voluto\u00a0<strong>\u00abportare lo spirito delle esecuzioni storicamente informate in un contesto orchestrale moderno, non a scopo di archeologia musicale, bens\u00ec come fonte di preziose informazioni per leggere le partiture mozartiane nel modo pi\u00f9 suggestivo, eloquente e sfaccettato possibile, con l&#8217;obiettivo di mostrarne la complessit\u00e0 emotiva e teatrale, cio\u00e8 attraverso ci\u00f2 che amo descrivere come una &#8220;esecuzione storicamente\u00a0<em>ispirata<\/em>&#8220;. Strettamente storiche sono invece le cadenze per il violino solo, tratte da una fonte d&#8217;epoca, e le variazioni e gli ornamenti per le ripetizioni, che ho personalmente composto per Isabelle Faust \u2013 splendida solista nei movimenti a violino solo della serenata Haffner \u2013 e per i vari fiati solisti, seguendo la prassi e il gusto per l&#8217;abbellimento ancora largamente diffusi a fine Settecento\u00bb.<\/strong><\/p>\n<p style=\"text-align: justify;\">A questo link \u00e8 possibile ascoltare e acquistare il CD:<br \/>\n<strong><a title=\"https:\/\/checkpoint.url-protection.com\/v1\/r02\/url?o=https%3A\/\/lnk.to\/MozartSerenades&amp;g=N2YyZGI5MGI4YTUzNmYzZA==&amp;h=NGQ2YzA3Yjk5YWI4ODg4MDBiYzRjOTkyOWU4OGNkYjgyZmFkYTRkYTQ5YzRjMzNlM2E4NmQ2MTdhZThjMDBkNg==&amp;p=YzJlOnBpYXNncm91cDpjOm86MTcyZDgxOGM1YTc3NDdkMDFiZGF\" href=\"https:\/\/checkpoint.url-protection.com\/v1\/r02\/url?o=https%3A\/\/lnk.to\/MozartSerenades&amp;g=N2YyZGI5MGI4YTUzNmYzZA==&amp;h=NGQ2YzA3Yjk5YWI4ODg4MDBiYzRjOTkyOWU4OGNkYjgyZmFkYTRkYTQ5YzRjMzNlM2E4NmQ2MTdhZThjMDBkNg==&amp;p=YzJlOnBpYXNncm91cDpjOm86MTcyZDgxOGM1YTc3NDdkMDFiZGFhOTlmNmNhMjQ1MmI6NzpoOlQ=\" target=\"_blank\" rel=\"noopener\" data-saferedirecturl=\"https:\/\/www.google.com\/url?q=https:\/\/checkpoint.url-protection.com\/v1\/r02\/url?o%3Dhttps%253A\/\/lnk.to\/MozartSerenades%26g%3DN2YyZGI5MGI4YTUzNmYzZA%3D%3D%26h%3DNGQ2YzA3Yjk5YWI4ODg4MDBiYzRjOTkyOWU4OGNkYjgyZmFkYTRkYTQ5YzRjMzNlM2E4NmQ2MTdhZThjMDBkNg%3D%3D%26p%3DYzJlOnBpYXNncm91cDpjOm86MTcyZDgxOGM1YTc3NDdkMDFiZGFhOTlmNmNhMjQ1MmI6NzpoOlQ%3D&amp;source=gmail&amp;ust=1738321778757000&amp;usg=AOvVaw1qN68nVDFdCNvYvLi2RhRW\">https:\/\/lnk.to\/MozartSerenades<\/a><\/strong><\/p>\n","protected":false},"excerpt":{"rendered":"<p>Il 31 gennaio esce, pubblicato da\u00a0Harmonia Mundi, il CD del direttore d\u2019orchestra\u00a0Enrico Onofri\u00a0alla guida della\u00a0M\u00fcnchener Kammerorchester\u00a0della quale \u00e8 anche direttore associato. Il disco, intitolato\u00a0Serenata\u00a0\u00e8 interamente dedicato a Mozart, si avvale del violino solista di\u00a0Isabelle Faust\u00a0e segna l\u2019inizio di una nuova collaborazione con la casa discografica&#8230;<\/p>\n","protected":false},"author":3,"featured_media":20854,"comment_status":"open","ping_status":"open","sticky":false,"template":"","format":"standard","meta":{"footnotes":""},"categories":[1,4358],"tags":[4381,4382,4383,4384,4385,4386],"class_list":["post-20938","post","type-post","status-publish","format-standard","has-post-thumbnail","hentry","category-magazine-en","category-newsroom-en","tag-cd-en","tag-enrico-onofri-en","tag-harmonia-mundi-en","tag-isabelle-faust-en","tag-mozart-en","tag-munchener-kammerorchester-en"],"_links":{"self":[{"href":"https:\/\/www.pressroom.cloud\/en\/wp-json\/wp\/v2\/posts\/20938","targetHints":{"allow":["GET"]}}],"collection":[{"href":"https:\/\/www.pressroom.cloud\/en\/wp-json\/wp\/v2\/posts"}],"about":[{"href":"https:\/\/www.pressroom.cloud\/en\/wp-json\/wp\/v2\/types\/post"}],"author":[{"embeddable":true,"href":"https:\/\/www.pressroom.cloud\/en\/wp-json\/wp\/v2\/users\/3"}],"replies":[{"embeddable":true,"href":"https:\/\/www.pressroom.cloud\/en\/wp-json\/wp\/v2\/comments?post=20938"}],"version-history":[{"count":1,"href":"https:\/\/www.pressroom.cloud\/en\/wp-json\/wp\/v2\/posts\/20938\/revisions"}],"predecessor-version":[{"id":21716,"href":"https:\/\/www.pressroom.cloud\/en\/wp-json\/wp\/v2\/posts\/20938\/revisions\/21716"}],"wp:featuredmedia":[{"embeddable":true,"href":"https:\/\/www.pressroom.cloud\/en\/wp-json\/wp\/v2\/media\/20854"}],"wp:attachment":[{"href":"https:\/\/www.pressroom.cloud\/en\/wp-json\/wp\/v2\/media?parent=20938"}],"wp:term":[{"taxonomy":"category","embeddable":true,"href":"https:\/\/www.pressroom.cloud\/en\/wp-json\/wp\/v2\/categories?post=20938"},{"taxonomy":"post_tag","embeddable":true,"href":"https:\/\/www.pressroom.cloud\/en\/wp-json\/wp\/v2\/tags?post=20938"}],"curies":[{"name":"wp","href":"https:\/\/api.w.org\/{rel}","templated":true}]}}