{"id":20939,"date":"2025-01-26T18:54:39","date_gmt":"2025-01-26T17:54:39","guid":{"rendered":"https:\/\/www.pressroom.cloud\/una-mostra-di-moda-al-louvre-una-novita-assoluta\/"},"modified":"2025-03-26T17:15:18","modified_gmt":"2025-03-26T16:15:18","slug":"una-mostra-di-moda-al-louvre-una-novita-assoluta","status":"publish","type":"post","link":"https:\/\/www.pressroom.cloud\/en\/una-mostra-di-moda-al-louvre-una-novita-assoluta\/","title":{"rendered":"Una mostra di moda al Louvre. Una novit\u00e0 assoluta"},"content":{"rendered":"<p style=\"text-align: justify;\">Il Louvre non smette mai di sorprendere! Per la prima volta nella sua storia, il pi\u00f9 grande museo del mondo organizza una mostra interamente dedicata alla moda, fino al 21 luglio 2025.<br \/>\nPer quasi un mese, il Louvre ospiter\u00e0 una nuova, straordinaria mostra sulla moda che presenter\u00e0 quasi sessanta abiti chiave e trenta accessori di case di alta moda come Chanel by Karl Lagerfeld, Yohji Yamamoto e Dolce &amp; Gabbana.<br \/>\nL\u2019aspetto interessante di questa mostra \u00e8 che ogni pezzo di haute couture sar\u00e0 allestito intorno alle collezioni storiche del museo, dall\u2019epoca bizantina al Secondo Impero francese. Un dialogo senza precedenti che non mancher\u00e0 di sorprendere.<\/p>\n<p style=\"text-align: justify;\"><img loading=\"lazy\" decoding=\"async\" class=\" wp-image-15682 aligncenter\" src=\"https:\/\/www.pressroom.cloud\/wp-content\/uploads\/1142190-louvre-couture-l-exposition-mode-evenement-la-premiere-de-l-histoire-du-musee-du-louvre-img-9087-jpg-300x226.jpg\" alt=\"\" width=\"908\" height=\"684\" srcset=\"https:\/\/www.pressroom.cloud\/wp-content\/uploads\/1142190-louvre-couture-l-exposition-mode-evenement-la-premiere-de-l-histoire-du-musee-du-louvre-img-9087-jpg-300x226.jpg 300w, https:\/\/www.pressroom.cloud\/wp-content\/uploads\/1142190-louvre-couture-l-exposition-mode-evenement-la-premiere-de-l-histoire-du-musee-du-louvre-img-9087-jpg.jpg 624w\" sizes=\"auto, (max-width: 908px) 100vw, 908px\" \/><br \/>\nOltre agli stilisti da non perdere, il museo presenter\u00e0 i giovani designer del momento, con un\u2019attenzione particolare a Marie-Louise Carven. Questa figura di spicco della moda parigina era anche una grande amante dell\u2019arte. Collezionista per passione, nel 1973 don\u00f2 al Louvre una serie di opere d\u2019arte francesi del XVIII secolo.<br \/>\nCon questa prima mostra di moda, il Louvre apre un nuovo promettente capitolo, speriamo che nei prossimi mesi vengano organizzate altre mostre di questo tipo.<\/p>\n\n\t\t<style type=\"text\/css\">\n\t\t\t#gallery-1 {\n\t\t\t\tmargin: auto;\n\t\t\t}\n\t\t\t#gallery-1 .gallery-item {\n\t\t\t\tfloat: left;\n\t\t\t\tmargin-top: 10px;\n\t\t\t\ttext-align: center;\n\t\t\t\twidth: 33%;\n\t\t\t}\n\t\t\t#gallery-1 img {\n\t\t\t\tborder: 2px solid #cfcfcf;\n\t\t\t}\n\t\t\t#gallery-1 .gallery-caption {\n\t\t\t\tmargin-left: 0;\n\t\t\t}\n\t\t\t\/* see gallery_shortcode() in wp-includes\/media.php *\/\n\t\t<\/style>\n\t\t<div id='gallery-1' class='gallery galleryid-20939 gallery-columns-3 gallery-size-large'><dl class='gallery-item'>\n\t\t\t<dt class='gallery-icon landscape'>\n\t\t\t\t<a href='https:\/\/www.pressroom.cloud\/en\/una-mostra-di-moda-al-louvre-una-novita-assoluta\/1142267-louvre-couture-l-exposition-mode-evenement-la-premiere-de-l-histoire-du-musee-du-louvre-img-9037-jpg-2-2\/'><img loading=\"lazy\" decoding=\"async\" width=\"1024\" height=\"683\" src=\"https:\/\/www.pressroom.cloud\/wp-content\/uploads\/1142267-louvre-couture-l-exposition-mode-evenement-la-premiere-de-l-histoire-du-musee-du-louvre-img-9037-jpg-2-1024x683.jpg\" class=\"attachment-large size-large\" alt=\"\" srcset=\"https:\/\/www.pressroom.cloud\/wp-content\/uploads\/1142267-louvre-couture-l-exposition-mode-evenement-la-premiere-de-l-histoire-du-musee-du-louvre-img-9037-jpg-2-1024x683.jpg 1024w, https:\/\/www.pressroom.cloud\/wp-content\/uploads\/1142267-louvre-couture-l-exposition-mode-evenement-la-premiere-de-l-histoire-du-musee-du-louvre-img-9037-jpg-2-300x200.jpg 300w, https:\/\/www.pressroom.cloud\/wp-content\/uploads\/1142267-louvre-couture-l-exposition-mode-evenement-la-premiere-de-l-histoire-du-musee-du-louvre-img-9037-jpg-2-768x513.jpg 768w, https:\/\/www.pressroom.cloud\/wp-content\/uploads\/1142267-louvre-couture-l-exposition-mode-evenement-la-premiere-de-l-histoire-du-musee-du-louvre-img-9037-jpg-2-1536x1025.jpg 1536w, https:\/\/www.pressroom.cloud\/wp-content\/uploads\/1142267-louvre-couture-l-exposition-mode-evenement-la-premiere-de-l-histoire-du-musee-du-louvre-img-9037-jpg-2-900x600.jpg 900w, https:\/\/www.pressroom.cloud\/wp-content\/uploads\/1142267-louvre-couture-l-exposition-mode-evenement-la-premiere-de-l-histoire-du-musee-du-louvre-img-9037-jpg-2-1320x881.jpg 1320w, https:\/\/www.pressroom.cloud\/wp-content\/uploads\/1142267-louvre-couture-l-exposition-mode-evenement-la-premiere-de-l-histoire-du-musee-du-louvre-img-9037-jpg-2.jpg 1798w\" sizes=\"auto, (max-width: 1024px) 100vw, 1024px\" \/><\/a>\n\t\t\t<\/dt><\/dl><dl class='gallery-item'>\n\t\t\t<dt class='gallery-icon portrait'>\n\t\t\t\t<a href='https:\/\/www.pressroom.cloud\/en\/una-mostra-di-moda-al-louvre-una-novita-assoluta\/a9fd7041-7096-469c-bff2-f241cc3176ef-2\/'><img loading=\"lazy\" decoding=\"async\" width=\"768\" height=\"799\" src=\"https:\/\/www.pressroom.cloud\/wp-content\/uploads\/a9fd7041-7096-469c-bff2-f241cc3176ef.jpg\" class=\"attachment-large size-large\" alt=\"\" srcset=\"https:\/\/www.pressroom.cloud\/wp-content\/uploads\/a9fd7041-7096-469c-bff2-f241cc3176ef.jpg 768w, https:\/\/www.pressroom.cloud\/wp-content\/uploads\/a9fd7041-7096-469c-bff2-f241cc3176ef-288x300.jpg 288w\" sizes=\"auto, (max-width: 768px) 100vw, 768px\" \/><\/a>\n\t\t\t<\/dt><\/dl><dl class='gallery-item'>\n\t\t\t<dt class='gallery-icon landscape'>\n\t\t\t\t<a href='https:\/\/www.pressroom.cloud\/en\/una-mostra-di-moda-al-louvre-una-novita-assoluta\/1142180-louvre-couture-l-exposition-mode-evenement-la-premiere-de-l-histoire-du-musee-du-louvre-img-9054-2\/'><img loading=\"lazy\" decoding=\"async\" width=\"1024\" height=\"751\" src=\"https:\/\/www.pressroom.cloud\/wp-content\/uploads\/1142180-louvre-couture-l-exposition-mode-evenement-la-premiere-de-l-histoire-du-musee-du-louvre-img-9054-1024x751.jpg\" class=\"attachment-large size-large\" alt=\"\" srcset=\"https:\/\/www.pressroom.cloud\/wp-content\/uploads\/1142180-louvre-couture-l-exposition-mode-evenement-la-premiere-de-l-histoire-du-musee-du-louvre-img-9054-1024x751.jpg 1024w, https:\/\/www.pressroom.cloud\/wp-content\/uploads\/1142180-louvre-couture-l-exposition-mode-evenement-la-premiere-de-l-histoire-du-musee-du-louvre-img-9054-300x220.jpg 300w, https:\/\/www.pressroom.cloud\/wp-content\/uploads\/1142180-louvre-couture-l-exposition-mode-evenement-la-premiere-de-l-histoire-du-musee-du-louvre-img-9054-768x563.jpg 768w, https:\/\/www.pressroom.cloud\/wp-content\/uploads\/1142180-louvre-couture-l-exposition-mode-evenement-la-premiere-de-l-histoire-du-musee-du-louvre-img-9054-1536x1126.jpg 1536w, https:\/\/www.pressroom.cloud\/wp-content\/uploads\/1142180-louvre-couture-l-exposition-mode-evenement-la-premiere-de-l-histoire-du-musee-du-louvre-img-9054-1320x968.jpg 1320w, https:\/\/www.pressroom.cloud\/wp-content\/uploads\/1142180-louvre-couture-l-exposition-mode-evenement-la-premiere-de-l-histoire-du-musee-du-louvre-img-9054.jpg 1637w\" sizes=\"auto, (max-width: 1024px) 100vw, 1024px\" \/><\/a>\n\t\t\t<\/dt><\/dl><br style=\"clear: both\" \/>\n\t\t<\/div>\n\n<p style=\"text-align: justify;\">Non si tratta solo di una semplice esposizione di abiti di alta moda. La mostra \u00e8 concepita per sottolineare le affinit\u00e0 culturali e stilistiche tra il mondo della moda e quello dell\u2019arte.<\/p>\n<p style=\"text-align: justify;\">In occasione della Paris Fashion Week, che si terr\u00e0 dal 3 all\u201911 marzo 2025, il Mus\u00e9e du Louvre ospiter\u00e0 un evento esclusivo chiamato Le Grand D\u00eener du Louvre. Questa cena di gala, che si terr\u00e0 il 4 marzo, rappresenter\u00e0 una celebrazione unica della moda e dell\u2019arte.<\/p>\n","protected":false},"excerpt":{"rendered":"<p>Il Louvre non smette mai di sorprendere! Per la prima volta nella sua storia, il pi\u00f9 grande museo del mondo organizza una mostra interamente dedicata alla moda, fino al 21 luglio 2025. Per quasi un mese, il Louvre ospiter\u00e0 una nuova, straordinaria mostra sulla moda&#8230;<\/p>\n","protected":false},"author":3,"featured_media":20845,"comment_status":"open","ping_status":"open","sticky":false,"template":"","format":"standard","meta":{"footnotes":""},"categories":[4366,4367,1,4358],"tags":[4387,4388,4389],"class_list":["post-20939","post","type-post","status-publish","format-standard","has-post-thumbnail","hentry","category-cultura-en","category-lifestyle-en","category-magazine-en","category-newsroom-en","tag-louvre-en","tag-moda-en","tag-parigi-en"],"_links":{"self":[{"href":"https:\/\/www.pressroom.cloud\/en\/wp-json\/wp\/v2\/posts\/20939","targetHints":{"allow":["GET"]}}],"collection":[{"href":"https:\/\/www.pressroom.cloud\/en\/wp-json\/wp\/v2\/posts"}],"about":[{"href":"https:\/\/www.pressroom.cloud\/en\/wp-json\/wp\/v2\/types\/post"}],"author":[{"embeddable":true,"href":"https:\/\/www.pressroom.cloud\/en\/wp-json\/wp\/v2\/users\/3"}],"replies":[{"embeddable":true,"href":"https:\/\/www.pressroom.cloud\/en\/wp-json\/wp\/v2\/comments?post=20939"}],"version-history":[{"count":1,"href":"https:\/\/www.pressroom.cloud\/en\/wp-json\/wp\/v2\/posts\/20939\/revisions"}],"predecessor-version":[{"id":21717,"href":"https:\/\/www.pressroom.cloud\/en\/wp-json\/wp\/v2\/posts\/20939\/revisions\/21717"}],"wp:featuredmedia":[{"embeddable":true,"href":"https:\/\/www.pressroom.cloud\/en\/wp-json\/wp\/v2\/media\/20845"}],"wp:attachment":[{"href":"https:\/\/www.pressroom.cloud\/en\/wp-json\/wp\/v2\/media?parent=20939"}],"wp:term":[{"taxonomy":"category","embeddable":true,"href":"https:\/\/www.pressroom.cloud\/en\/wp-json\/wp\/v2\/categories?post=20939"},{"taxonomy":"post_tag","embeddable":true,"href":"https:\/\/www.pressroom.cloud\/en\/wp-json\/wp\/v2\/tags?post=20939"}],"curies":[{"name":"wp","href":"https:\/\/api.w.org\/{rel}","templated":true}]}}