{"id":20940,"date":"2025-01-23T20:11:26","date_gmt":"2025-01-23T19:11:26","guid":{"rendered":"https:\/\/www.pressroom.cloud\/riccardo-frizza-parte-il-suo-donizetti-opera\/"},"modified":"2025-03-26T17:15:18","modified_gmt":"2025-03-26T16:15:18","slug":"riccardo-frizza-parte-il-suo-donizetti-opera","status":"publish","type":"post","link":"https:\/\/www.pressroom.cloud\/en\/riccardo-frizza-parte-il-suo-donizetti-opera\/","title":{"rendered":"Riccardo Frizza, parte il \u201csuo\u201d Donizetti Opera"},"content":{"rendered":"<p style=\"text-align: justify;\">Il Maestro Riccardo Frizza, direttore d\u2019orchestra di fama internazionale, gi\u00e0 direttore musicale del Donizetti Opera dal 2017, nominato anche direttore artistico della manifestazione il 4 dicembre scorso dal CdA della Fondazione Teatro Donizetti, annuncia la sua visione del festival per il triennio 2025-2027. Sotto il segno della parola\u00a0<b>\u201cevoluzione\u201d<\/b>, il M\u00b0 Frizza intende proseguire il percorso intrapreso negli ultimi anni con una visione innovativa, che coniuga continuit\u00e0 e futuro.<\/p>\n<p style=\"text-align: justify;\">Se la manifestazione in precedenza ha inaugurato il suo format rinnovando la programmazione artistica e invadendo la citt\u00e0 con la figura di Donizetti quale illustre bergamasco, ora si mira a un\u2019evoluzione che riporti\u00a0<b>al centro il Gaetano Donizetti compositore<\/b>, protagonista assoluto, accompagnato da un progetto culturale che ambisce a consolidare la posizione del festival tra i grandi eventi internazionali.<\/p>\n<div id=\"attachment_15665\" style=\"width: 948px\" class=\"wp-caption aligncenter\"><img loading=\"lazy\" decoding=\"async\" aria-describedby=\"caption-attachment-15665\" class=\" wp-image-15665\" src=\"https:\/\/www.pressroom.cloud\/wp-content\/uploads\/Presentazione-Riccardo-Frizza-DO-2025-2027_ph.-Gianfranco-Rota_courtesy-Fondazione-Teatro-Donizetti-1-300x200.jpg\" alt=\"\" width=\"938\" height=\"626\" srcset=\"https:\/\/www.pressroom.cloud\/wp-content\/uploads\/Presentazione-Riccardo-Frizza-DO-2025-2027_ph.-Gianfranco-Rota_courtesy-Fondazione-Teatro-Donizetti-1-300x200.jpg 300w, https:\/\/www.pressroom.cloud\/wp-content\/uploads\/Presentazione-Riccardo-Frizza-DO-2025-2027_ph.-Gianfranco-Rota_courtesy-Fondazione-Teatro-Donizetti-1-1024x682.jpg 1024w, https:\/\/www.pressroom.cloud\/wp-content\/uploads\/Presentazione-Riccardo-Frizza-DO-2025-2027_ph.-Gianfranco-Rota_courtesy-Fondazione-Teatro-Donizetti-1-768x512.jpg 768w, https:\/\/www.pressroom.cloud\/wp-content\/uploads\/Presentazione-Riccardo-Frizza-DO-2025-2027_ph.-Gianfranco-Rota_courtesy-Fondazione-Teatro-Donizetti-1-1536x1023.jpg 1536w, https:\/\/www.pressroom.cloud\/wp-content\/uploads\/Presentazione-Riccardo-Frizza-DO-2025-2027_ph.-Gianfranco-Rota_courtesy-Fondazione-Teatro-Donizetti-1-900x600.jpg 900w, https:\/\/www.pressroom.cloud\/wp-content\/uploads\/Presentazione-Riccardo-Frizza-DO-2025-2027_ph.-Gianfranco-Rota_courtesy-Fondazione-Teatro-Donizetti-1-1320x879.jpg 1320w\" sizes=\"auto, (max-width: 938px) 100vw, 938px\" \/><p id=\"caption-attachment-15665\" class=\"wp-caption-text\">Presentazione Riccardo Frizza DO 2025-2027 (ph Gianfranco Rota)<\/p><\/div>\n<p style=\"text-align: justify;\">Sei le linee guida fondamentali che indirizzeranno la manifestazione nei prossimi tre anni, a partire da\u00a0<b>internazionalit\u00e0 e alta qualit\u00e0 artistica, per un festival senza confini<\/b>. Il Donizetti Opera, infatti, intende rafforzare e ampliare la sua dimensione internazionale, puntando ancora di pi\u00f9 sulla qualit\u00e0 artistica e sulla ricerca musicologica, per collocarsi tra i grandi eventi del panorama culturale mondiale. Produzioni di altissimo livello e un dialogo attivo con il pubblico oltre confine faranno del festival un punto di riferimento per gli appassionati e gli esperti del settore, ma anche per i neofiti e i curiosi che vorranno avvicinarsi al corpus del celebre compositore bergamasco, attirati dagli eventi collaterali alla programmazione artistica.<\/p>\n<p style=\"text-align: justify;\">Secondo obiettivo strategico la costruzione di\u00a0<b>ponti tra culture, grazie a gemellaggi e coproduzioni<\/b>. Il festival si vuole porre come un luogo d\u2019incontro tra culture e tradizioni diverse: in quest\u2019ottica le coproduzioni diventano veri e propri gemellaggi che coinvolgono il Teatro e la citt\u00e0. Uniscono comunit\u00e0, intrecciano storie, stimolano nuove letture e visioni, e creano una contaminazione artistica e culturale che abbatte le barriere e le diversit\u00e0, per una manifestazione profondamente inclusiva.<\/p>\n<p style=\"text-align: justify;\">Terzo punto focale fare di\u00a0<b>Bergamo la culla della Voce<\/b>, grazie a progetti rinnovati e nuove proposte che abbracciano diverse arti e discipline. Partendo dalla tradizione belcantistica donizettiana, si celebra la voce in tutte le sue forme, come simbolo contemporaneo di eccellenza e creativit\u00e0.<\/p>\n<p style=\"text-align: justify;\">Quarto obiettivo la costruzione di una\u00a0<b>Rete Donizetti<\/b>: il festival andr\u00e0 a consolidare il concetto, che si \u00e8 fatto strada in questi anni, di \u201cBergamo Citt\u00e0 di Donizetti\u201d, puntando a un\u2019ulteriore valorizzazione del Centro Studi della Fondazione e alla costruzione di una rete che renda Bergamo epicentro del patrimonio donizettiano per stimolare un dialogo a livello mondiale.<\/p>\n<p style=\"text-align: justify;\"><img loading=\"lazy\" decoding=\"async\" class=\" wp-image-15664 aligncenter\" src=\"https:\/\/www.pressroom.cloud\/wp-content\/uploads\/Screenshot-2025-01-23-at-13.43.36-300x169.png\" alt=\"\" width=\"955\" height=\"538\" srcset=\"https:\/\/www.pressroom.cloud\/wp-content\/uploads\/Screenshot-2025-01-23-at-13.43.36-300x169.png 300w, https:\/\/www.pressroom.cloud\/wp-content\/uploads\/Screenshot-2025-01-23-at-13.43.36-1024x576.png 1024w, https:\/\/www.pressroom.cloud\/wp-content\/uploads\/Screenshot-2025-01-23-at-13.43.36-768x432.png 768w, https:\/\/www.pressroom.cloud\/wp-content\/uploads\/Screenshot-2025-01-23-at-13.43.36-1536x864.png 1536w, https:\/\/www.pressroom.cloud\/wp-content\/uploads\/Screenshot-2025-01-23-at-13.43.36-1320x743.png 1320w, https:\/\/www.pressroom.cloud\/wp-content\/uploads\/Screenshot-2025-01-23-at-13.43.36.png 1592w\" sizes=\"auto, (max-width: 955px) 100vw, 955px\" \/><br \/>\nQuindi, sul versante educazione e formazione, le iniziative vedranno il\u00a0<b>Donizetti Opera per le Life Skills<\/b>: il festival rinnova il suo impegno verso le nuove generazioni, integrando nei percorsi formativi le Life Skills, cos\u00ec come riconosciute dall\u2019Organizzazione Mondiale della Sanit\u00e0 quali comportamenti positivi nelle aree emotive, cognitive e relazionali, che permettono all\u2019individuo di far fronte efficacemente alle sfide quotidiane, sia in termini personali che relazionali e sociali. I programmi educational, pensati per bambini e ragazzi, in collaborazione con le scuole e gli istituti di ogni ordine e grado, connettono sogni, aspettative, sfide e visioni delle nuove generazioni con il linguaggio universale della musica, al fine di guidarle all\u2019ascolto di s\u00e9 e della propria voce come espressione della propria vocazione.<\/p>\n<p style=\"text-align: justify;\">Ultimo punto, a completamento della strategia, la riflessione che vede\u00a0<b>il territorio nel Teatro e il Teatro per il territorio<\/b>. Il Teatro Donizetti, con il suo prestigioso festival, si fa sempre pi\u00f9 cuore pulsante della Bergamo creativa e diventa la \u201cCasa della Citt\u00e0\u201d. Un luogo vivo e accessibile, anche oltre le rappresentazioni, non solo per i turisti ma per tutta la comunit\u00e0. A questo si lega un dialogo sempre pi\u00f9 stretto e biunivoco con il fervido terzo settore cittadino e il tessuto produttivo del territorio, invitato a riflettere sul concetto di leadership armonica.<\/p>\n<p style=\"text-align: justify;\">\u00abC\u2019\u00e8 molto della visione della nostra Amministrazione nel progetto del nuovo direttore artistico Riccardo Frizza per il Donizetti Opera 2025-2027: apertura, inclusivit\u00e0 e attrattivit\u00e0. Un progetto volto a rafforzare l\u2019internazionalizzazione e rilanciare il grande compositore Gaetano Donizetti, proiettando Bergamo nel mondo sulle note della sua musica.<br \/>\nLa cultura, lo abbiamo sempre detto, \u00e8 motore di crescita, \u00e8 risorsa dinamica per costruire opportunit\u00e0. Il progetto del direttore Frizza va in questa direzione, tessendo reti di collaborazione e progettazione con altre citt\u00e0, Paesi e le loro culture, valorizzando l\u2019impegno musicologico e il belcanto, investendo nell\u2019educazione delle nuove generazioni e lavorando per avvicinare sempre pi\u00f9 l\u2019opera alle persone, non solo al pubblico appassionato. L\u2019opera lirica, infatti, \u00e8 un\u2019arte profondamente universale, che parla a tutti, al di l\u00e0 delle competenze tecniche o delle conoscenze specifiche, capace da sempre di raccontare le passioni, i sentimenti e le storie che appartengono a ogni essere umano.<br \/>\nAnche chi non \u00e8 un \u201caddetto ai lavori\u201d pu\u00f2 entrare nel mondo dell&#8217;opera, perch\u00e9 essa non richiede di essere esperti per emozionarsi di fronte a una voce potente, una melodia struggente o una messa in scena che stupisce e talvolta interroga. \u00c8 un linguaggio immediato, che attraversa il tempo e i confini, e che continua a parlare a tutti coloro che vogliono lasciarsi coinvolgere.<br \/>\nCi aspettiamo, quindi, molto da questa nuova fase e siamo certi che sar\u00e0 un ulteriore passo per l\u2019affermazione di Bergamo come citt\u00e0 di cultura ed \u201cevoluzione\u201d\u00bb, dichiara\u00a0<b>Elena Carnevali, Sindaca del Comune di Bergamo<\/b>.<\/p>\n<div id=\"attachment_15667\" style=\"width: 971px\" class=\"wp-caption aligncenter\"><img loading=\"lazy\" decoding=\"async\" aria-describedby=\"caption-attachment-15667\" class=\" wp-image-15667\" src=\"https:\/\/www.pressroom.cloud\/wp-content\/uploads\/Presentazione-Riccardo-Frizza-DO-2025-2027_ph.-Gianfranco-Rota_courtesy-Fondazione-Teatro-Donizetti-6-300x200.jpg\" alt=\"\" width=\"961\" height=\"641\" srcset=\"https:\/\/www.pressroom.cloud\/wp-content\/uploads\/Presentazione-Riccardo-Frizza-DO-2025-2027_ph.-Gianfranco-Rota_courtesy-Fondazione-Teatro-Donizetti-6-300x200.jpg 300w, https:\/\/www.pressroom.cloud\/wp-content\/uploads\/Presentazione-Riccardo-Frizza-DO-2025-2027_ph.-Gianfranco-Rota_courtesy-Fondazione-Teatro-Donizetti-6-1024x682.jpg 1024w, https:\/\/www.pressroom.cloud\/wp-content\/uploads\/Presentazione-Riccardo-Frizza-DO-2025-2027_ph.-Gianfranco-Rota_courtesy-Fondazione-Teatro-Donizetti-6-768x512.jpg 768w, https:\/\/www.pressroom.cloud\/wp-content\/uploads\/Presentazione-Riccardo-Frizza-DO-2025-2027_ph.-Gianfranco-Rota_courtesy-Fondazione-Teatro-Donizetti-6-1536x1023.jpg 1536w, https:\/\/www.pressroom.cloud\/wp-content\/uploads\/Presentazione-Riccardo-Frizza-DO-2025-2027_ph.-Gianfranco-Rota_courtesy-Fondazione-Teatro-Donizetti-6-900x600.jpg 900w, https:\/\/www.pressroom.cloud\/wp-content\/uploads\/Presentazione-Riccardo-Frizza-DO-2025-2027_ph.-Gianfranco-Rota_courtesy-Fondazione-Teatro-Donizetti-6-1320x879.jpg 1320w\" sizes=\"auto, (max-width: 961px) 100vw, 961px\" \/><p id=\"caption-attachment-15667\" class=\"wp-caption-text\">Presentazione DO 2025-2027 (ph Gianfranco Rota)<\/p><\/div>\n<p style=\"text-align: justify;\">\u00abDella programmazione proposta da Riccardo Frizza, apprezzo particolarmente il termine evoluzione: partire da basi solide per passare a una successiva fase di maturazione, crescere contando su una identit\u00e0 forte e strutturata. \u00c8 in linea con quello che auspicavamo per questa nuova fase della Fondazione Teatro Donizetti. Il Donizetti Opera avr\u00e0 una vocazione sempre pi\u00f9 internazionale, portando nuove e inedite collaborazioni della nostra citt\u00e0 con altre comunit\u00e0 nazionali ed europee e generando nuova linfa anche nella produzione artistica cittadina. Il tema delle alleanze \u00e8 altrettanto stimolante, soprattutto con altre istituzioni importanti della citt\u00e0, cos\u00ec ricche in ambiti e discipline diversi. Un\u2019alleanza che si potr\u00e0 esprimere nello sviluppo del tema della \u201cVoce\u201d, filo rosso della produzione donizettiana, e soprattutto nella valorizzazione delle Life Skills, un modo nuovo e originale di calare la musica nella vita quotidiana, con quella consueta attenzione alle giovani generazioni che la Fondazione gi\u00e0 esprime da tempo\u00bb, afferma\u00a0<b>Sergio Gandi, Assessore alla Cultura del Comune di Bergamo<\/b>.<\/p>\n<p style=\"text-align: justify;\">\u00abLa visione del M\u00b0 Riccardo Frizza, gi\u00e0 stimato direttore musicale e oggi anche direttore artistico del Donizetti Opera in cui riponiamo piena fiducia, \u00e8 stata favorevolmente accolta e condivisa dal Consiglio d\u2019Amministrazione della Fondazione, che ne ha colto l\u2019innovazione nella continuit\u00e0. Questo progetto non solo celebra la centralit\u00e0 della figura di Donizetti, ma conferma la prospettiva di un festival indirizzato verso un futuro sempre pi\u00f9 internazionale. Siamo certi che, con la sua guida, il Donizetti Opera raggiunger\u00e0 traguardi straordinari, consolidando Bergamo come capitale della voce e del belcanto, e punto di riferimento musicale nel mondo\u00bb, prosegue\u00a0<b>Giorgio Berta, Presidente della Fondazione Teatro Donizetti<\/b>.<\/p>\n<p style=\"text-align: justify;\">\u00abCon la parola \u201cevoluzione\u201d vogliamo consolidare il ruolo di un festival che non si pone solo quale evento artistico di alto livello, ma anche come motore di crescita culturale, sociale ed economica per Bergamo. La nostra citt\u00e0, sede dei pi\u00f9 alti studi donizettiani, merita un maggior riconoscimento internazionale per la sua capacit\u00e0 di approfondire, stimolare, innovare e innovarsi partendo dalla tradizione. Questo triennio vedr\u00e0, quindi, l\u2019attenzione rivolta alla costituzione di reti e gemellaggi, in cui il dialogo con nuove realt\u00e0 internazionali porter\u00e0 la citt\u00e0 e il suo Teatro quale esempio di eccellenza e innovazione\u00bb, aggiunge\u00a0<b>Massimo Boffelli, Direttore generale della Fondazione<\/b>.<\/p>\n<div id=\"attachment_15666\" style=\"width: 917px\" class=\"wp-caption aligncenter\"><img loading=\"lazy\" decoding=\"async\" aria-describedby=\"caption-attachment-15666\" class=\" wp-image-15666\" src=\"https:\/\/www.pressroom.cloud\/wp-content\/uploads\/Screenshot-2025-01-23-at-13.53.25-300x199.png\" alt=\"\" width=\"907\" height=\"601\" srcset=\"https:\/\/www.pressroom.cloud\/wp-content\/uploads\/Screenshot-2025-01-23-at-13.53.25-300x199.png 300w, https:\/\/www.pressroom.cloud\/wp-content\/uploads\/Screenshot-2025-01-23-at-13.53.25-1024x680.png 1024w, https:\/\/www.pressroom.cloud\/wp-content\/uploads\/Screenshot-2025-01-23-at-13.53.25-768x510.png 768w, https:\/\/www.pressroom.cloud\/wp-content\/uploads\/Screenshot-2025-01-23-at-13.53.25-1536x1020.png 1536w, https:\/\/www.pressroom.cloud\/wp-content\/uploads\/Screenshot-2025-01-23-at-13.53.25-822x545.png 822w, https:\/\/www.pressroom.cloud\/wp-content\/uploads\/Screenshot-2025-01-23-at-13.53.25-1320x876.png 1320w\" sizes=\"auto, (max-width: 907px) 100vw, 907px\" \/><p id=\"caption-attachment-15666\" class=\"wp-caption-text\">Riccardo Frizza (ph Gianfranco Rota)<\/p><\/div>\n<p style=\"text-align: justify;\">\u00abDopo la rivoluzione, di cui sono stato parte attiva negli anni scorsi, che ha radicato il festival nel tessuto della citt\u00e0 di Bergamo, ora vogliamo guardare avanti, rafforzando le fondamenta costruite e immaginando un futuro di crescita dal respiro internazionale. Immagino un festival che evolve senza perdere la sua identit\u00e0, che sperimenta e si consolida partendo dalla tradizione e forte delle sue radici, come la figura di Gianandrea Gavazzeni, padre della cosiddetta \u201cDonizetti Renaissance\u201d, con uno sguardo sempre pi\u00f9 aperto al mondo\u00bb, conclude il<b>\u00a0M\u00b0 Riccardo Frizza<\/b>.<\/p>\n<p style=\"text-align: justify;\">Con questa visione ambiziosa il direttore artistico Riccardo Frizza, coadiuvato da Marco Vinco nel ruolo di coordinatore della programmazione e dal rinnovato team del Donizetti Opera, si prepara a scrivere un nuovo capitolo nella storia culturale di Bergamo e del suo Teatro, per una manifestazione che, oltre all\u2019autunno, animi tutto l\u2019anno e che sia appuntamento imperdibile per il pubblico di tutto il mondo.<\/p>\n","protected":false},"excerpt":{"rendered":"<p>Il Maestro Riccardo Frizza, direttore d\u2019orchestra di fama internazionale, gi\u00e0 direttore musicale del Donizetti Opera dal 2017, nominato anche direttore artistico della manifestazione il 4 dicembre scorso dal CdA della Fondazione Teatro Donizetti, annuncia la sua visione del festival per il triennio 2025-2027. Sotto il&#8230;<\/p>\n","protected":false},"author":3,"featured_media":20843,"comment_status":"open","ping_status":"open","sticky":false,"template":"","format":"standard","meta":{"footnotes":""},"categories":[4366,1,4358],"tags":[4390,4391,4392],"class_list":["post-20940","post","type-post","status-publish","format-standard","has-post-thumbnail","hentry","category-cultura-en","category-magazine-en","category-newsroom-en","tag-bergamo-en","tag-donizetti-opera-en","tag-riccardo-frizza-en"],"_links":{"self":[{"href":"https:\/\/www.pressroom.cloud\/en\/wp-json\/wp\/v2\/posts\/20940","targetHints":{"allow":["GET"]}}],"collection":[{"href":"https:\/\/www.pressroom.cloud\/en\/wp-json\/wp\/v2\/posts"}],"about":[{"href":"https:\/\/www.pressroom.cloud\/en\/wp-json\/wp\/v2\/types\/post"}],"author":[{"embeddable":true,"href":"https:\/\/www.pressroom.cloud\/en\/wp-json\/wp\/v2\/users\/3"}],"replies":[{"embeddable":true,"href":"https:\/\/www.pressroom.cloud\/en\/wp-json\/wp\/v2\/comments?post=20940"}],"version-history":[{"count":1,"href":"https:\/\/www.pressroom.cloud\/en\/wp-json\/wp\/v2\/posts\/20940\/revisions"}],"predecessor-version":[{"id":21718,"href":"https:\/\/www.pressroom.cloud\/en\/wp-json\/wp\/v2\/posts\/20940\/revisions\/21718"}],"wp:featuredmedia":[{"embeddable":true,"href":"https:\/\/www.pressroom.cloud\/en\/wp-json\/wp\/v2\/media\/20843"}],"wp:attachment":[{"href":"https:\/\/www.pressroom.cloud\/en\/wp-json\/wp\/v2\/media?parent=20940"}],"wp:term":[{"taxonomy":"category","embeddable":true,"href":"https:\/\/www.pressroom.cloud\/en\/wp-json\/wp\/v2\/categories?post=20940"},{"taxonomy":"post_tag","embeddable":true,"href":"https:\/\/www.pressroom.cloud\/en\/wp-json\/wp\/v2\/tags?post=20940"}],"curies":[{"name":"wp","href":"https:\/\/api.w.org\/{rel}","templated":true}]}}