{"id":20945,"date":"2024-12-07T16:13:44","date_gmt":"2024-12-07T15:13:44","guid":{"rendered":"https:\/\/www.pressroom.cloud\/memorabile-ipermoda-roma-celebra-la-moda-contemporanea\/"},"modified":"2025-03-26T17:15:21","modified_gmt":"2025-03-26T16:15:21","slug":"memorabile-ipermoda-roma-celebra-la-moda-contemporanea","status":"publish","type":"post","link":"https:\/\/www.pressroom.cloud\/en\/memorabile-ipermoda-roma-celebra-la-moda-contemporanea\/","title":{"rendered":"Memorabile Ipermoda. Roma celebra la moda contemporanea"},"content":{"rendered":"<p style=\"text-align: justify;\"><strong>Memorabile. Ipermoda<\/strong>, a cura di Maria Luisa Frisa e in collaborazione con Camera Nazionale della Moda Italiana, aperta al pubblico fino al 23 marzo 2025 al <strong>MAXXI<\/strong> nella pi\u00f9 scenografica delle sue gallerie. A dieci anni dalla mostra <em>Bellissima<\/em>, l\u2019esposizione segna un nuovo capitolo nel dialogo tra moda e museo, con un perfetto intreccio in cui il progetto espositivo e quello editoriale si completano in un\u2019opera autonoma. La mostra, attraverso una ricca collezione di abiti, accessori, materiali d\u2019archivio e video, racconta la moda come strumento per riflettere sul presente.<\/p>\n<p><img loading=\"lazy\" decoding=\"async\" class=\"aligncenter\" src=\"https:\/\/scontent.fmxp6-1.fna.fbcdn.net\/v\/t51.75761-15\/469384418_18455065810070242_5474977829439950322_n.jpg?_nc_cat=103&amp;ccb=1-7&amp;_nc_sid=127cfc&amp;_nc_ohc=H7B5YNw7NJgQ7kNvgFbM3e-&amp;_nc_zt=23&amp;_nc_ht=scontent.fmxp6-1.fna&amp;_nc_gid=AaHfm3botLliejpTqCehnfG&amp;oh=00_AYAze4PVLHcIHkQJz3AZYTnBCHhZKho-uZNODlGqAJKKMg&amp;oe=675A4341\" alt=\"Nessuna descrizione della foto disponibile.\" width=\"947\" height=\"1184\" \/><\/p>\n<p style=\"text-align: justify;\">Tali elementi diventano una lente per indagare le questioni che la moda pone oggi, dimostrando la sua capacit\u00e0 di rispondere e adattarsi ai cambiamenti sociali, politici, economici e culturali. La mostra propone visioni che esplorano temi come il rapporto della moda con il tempo, la gestione degli archivi, il ruolo strategico dei direttori artistici nei grandi gruppi del lusso e la sfida cruciale della sostenibilit\u00e0. Gli abiti e gli accessori sono disposti per creare incontri inaspettati tra haute couture e moda indipendente. Ogni creazione esposta porta con s\u00e9 una storia. Attraverso le visioni artistiche dei designer, le loro ricerche e sperimentazioni, emergono memorie, emozioni e intenzioni.<\/p>\n<p><img loading=\"lazy\" decoding=\"async\" class=\"aligncenter\" src=\"https:\/\/scontent.fmxp6-1.fna.fbcdn.net\/v\/t51.75761-15\/469378809_18455065825070242_7361626905430811531_n.jpg?_nc_cat=101&amp;ccb=1-7&amp;_nc_sid=127cfc&amp;_nc_ohc=BDTy72vW4A4Q7kNvgH2FoAb&amp;_nc_zt=23&amp;_nc_ht=scontent.fmxp6-1.fna&amp;_nc_gid=Alm0VcjO3upIg5f4jAqsT7o&amp;oh=00_AYAKRQiDMrziajwzXgHY0rOFlJvuE0Gkil22Gh2GNApCag&amp;oe=675A1CBB\" alt=\"Nessuna descrizione della foto disponibile.\" width=\"897\" height=\"1120\" \/><\/p>\n<p style=\"text-align: justify;\">\u00c8 una narrazione collettiva che unisce creativit\u00e0, consapevolezza e immaginazione, lasciando al visitatore la possibilit\u00e0 di scoprire e interrogarsi. Memorabile \u00e8 il desiderio di meraviglia che, oggi pi\u00f9 che mai, pervade la moda. Memorabile \u00e8 l\u2019emozione per quei manufatti che costituiscono l\u2019architettura pi\u00f9 prossima al nostro corpo. Memorabile \u00e8 il dialogo tra Ordinario e Straordinario, la costante riattivazione della moda e delle sue rappresentazioni.<\/p>\n<p><span style=\"font-size: 8pt;\">Foto \u00a9 MAXXI<\/span><\/p>\n","protected":false},"excerpt":{"rendered":"<p>Memorabile. Ipermoda, a cura di Maria Luisa Frisa e in collaborazione con Camera Nazionale della Moda Italiana, aperta al pubblico fino al 23 marzo 2025 al MAXXI nella pi\u00f9 scenografica delle sue gallerie. A dieci anni dalla mostra Bellissima, l\u2019esposizione segna un nuovo capitolo nel&#8230;<\/p>\n","protected":false},"author":3,"featured_media":20801,"comment_status":"open","ping_status":"open","sticky":false,"template":"","format":"standard","meta":{"footnotes":""},"categories":[4367,1,4358],"tags":[],"class_list":["post-20945","post","type-post","status-publish","format-standard","has-post-thumbnail","hentry","category-lifestyle-en","category-magazine-en","category-newsroom-en"],"_links":{"self":[{"href":"https:\/\/www.pressroom.cloud\/en\/wp-json\/wp\/v2\/posts\/20945","targetHints":{"allow":["GET"]}}],"collection":[{"href":"https:\/\/www.pressroom.cloud\/en\/wp-json\/wp\/v2\/posts"}],"about":[{"href":"https:\/\/www.pressroom.cloud\/en\/wp-json\/wp\/v2\/types\/post"}],"author":[{"embeddable":true,"href":"https:\/\/www.pressroom.cloud\/en\/wp-json\/wp\/v2\/users\/3"}],"replies":[{"embeddable":true,"href":"https:\/\/www.pressroom.cloud\/en\/wp-json\/wp\/v2\/comments?post=20945"}],"version-history":[{"count":1,"href":"https:\/\/www.pressroom.cloud\/en\/wp-json\/wp\/v2\/posts\/20945\/revisions"}],"predecessor-version":[{"id":21723,"href":"https:\/\/www.pressroom.cloud\/en\/wp-json\/wp\/v2\/posts\/20945\/revisions\/21723"}],"wp:featuredmedia":[{"embeddable":true,"href":"https:\/\/www.pressroom.cloud\/en\/wp-json\/wp\/v2\/media\/20801"}],"wp:attachment":[{"href":"https:\/\/www.pressroom.cloud\/en\/wp-json\/wp\/v2\/media?parent=20945"}],"wp:term":[{"taxonomy":"category","embeddable":true,"href":"https:\/\/www.pressroom.cloud\/en\/wp-json\/wp\/v2\/categories?post=20945"},{"taxonomy":"post_tag","embeddable":true,"href":"https:\/\/www.pressroom.cloud\/en\/wp-json\/wp\/v2\/tags?post=20945"}],"curies":[{"name":"wp","href":"https:\/\/api.w.org\/{rel}","templated":true}]}}