{"id":20949,"date":"2024-11-05T17:02:46","date_gmt":"2024-11-05T16:02:46","guid":{"rendered":"https:\/\/www.pressroom.cloud\/progettazione-partecipata-rinasce-palazzo-lenci-a-barchi\/"},"modified":"2025-03-26T17:15:23","modified_gmt":"2025-03-26T16:15:23","slug":"progettazione-partecipata-rinasce-palazzo-lenci-a-barchi","status":"publish","type":"post","link":"https:\/\/www.pressroom.cloud\/en\/progettazione-partecipata-rinasce-palazzo-lenci-a-barchi\/","title":{"rendered":"Progettazione Partecipata, rinasce Palazzo Lenci a Barchi"},"content":{"rendered":"<p style=\"text-align: justify;\"><em>593Studio, societ\u00e0 trevigiana di architettura e ingegneria avvia un progetto a Barchi, citt\u00e0 ideale costruita nel Cinquecento dall\u2019architetto Filippo Terzi in provincia di Pesaro e Urbino. Sul sito<a href=\"http:\/\/inbarchiamoci.it\/\">\u00a0inbarchiamoci.it\u00a0<\/a>la prima ricostruzione tridimensionale attraverso laser scanner e drone dell\u2019antico borgo. Il ceo, Michele Sbrissa: \u201cAccoglieremo residenti e turisti in una cittadina che ci ha fatto innamorare\u201d<\/em><\/p>\n<p style=\"text-align: justify;\"><img loading=\"lazy\" decoding=\"async\" class=\" wp-image-15368 aligncenter\" src=\"https:\/\/www.pressroom.cloud\/wp-content\/uploads\/458399321_18250569703248863_2170851477155153787_n-300x300.jpg\" alt=\"\" width=\"934\" height=\"934\" srcset=\"https:\/\/www.pressroom.cloud\/wp-content\/uploads\/458399321_18250569703248863_2170851477155153787_n-300x300.jpg 300w, https:\/\/www.pressroom.cloud\/wp-content\/uploads\/458399321_18250569703248863_2170851477155153787_n-1024x1024.jpg 1024w, https:\/\/www.pressroom.cloud\/wp-content\/uploads\/458399321_18250569703248863_2170851477155153787_n-150x150.jpg 150w, https:\/\/www.pressroom.cloud\/wp-content\/uploads\/458399321_18250569703248863_2170851477155153787_n-768x768.jpg 768w, https:\/\/www.pressroom.cloud\/wp-content\/uploads\/458399321_18250569703248863_2170851477155153787_n-550x550.jpg 550w, https:\/\/www.pressroom.cloud\/wp-content\/uploads\/458399321_18250569703248863_2170851477155153787_n.jpg 1179w\" sizes=\"auto, (max-width: 934px) 100vw, 934px\" \/><br \/>\nSe Filippo Terzi potesse sentire le vibrazioni che stanno percorrendo le pietre vive di Palazzo Lenci, nel cuore di Barchi, probabilmente ne sarebbe felice. Siamo nel Comune di Terre Roveresche, in provincia di Pesaro e Urbino, nelle Marche. Vi vivono neppure mille anime, in un luogo iconico per gli urbanisti a livello mondiale: il marchese Pietro Bonarelli della Rovere affid\u00f2 nella seconda met\u00e0 del Cinquecento all&#8217;architetto Filippo Terzi la realizzazione della sua \u201cCittadina Rinascimentale\u201d trasformando Barchi nella piccola capitale della sua signoria, costruendo in rispetto della sezione aurea e creando una sorta di piccola citt\u00e0 ideale.<br \/>\nDai fasti rinascimentali allo spopolamento di oggi: il borgo sta lentamente cercando una nuova identit\u00e0 ed un nuovo ruolo all\u2019interno di un contesto economico e sociale in continua evoluzione. Turismo al centro, certo una prospettiva plausibile, ma come coinvolgere la comunit\u00e0 locale in un percorso che sappia tenere insieme tradizione, storia, cultura con innovazione e nuove forme di cittadinanza attiva.<\/p>\n<p>In questo contesto 593Studio, societ\u00e0 di consulenza in ambiti di ingegneria e progettazione architettonica partecipata con headquarter a Castelfranco Veneto, nel Trevigiano, ha deciso di acquistare Palazzo Lenci per renderlo luogo di incontro, cultura, divulgazione e sviluppo di iniziative legate al rilancio dell\u2019antico borgo medioevale.<br \/>\nLa progettazione partecipata \u00e8 gi\u00e0 iniziata: sul sito\u00a0<a href=\"http:\/\/r.comunicazionepk.com\/mk\/cl\/f\/sh\/1t6Af4OiGsEagEEJjlTvN3HeBTGora\/3GNy1O-RRweS\">www.inbarchiamoci.it\u00a0<\/a>\u00e8 on line una spettacolare ricostruzione tridimensionale realizzata attraverso rilievi con tecnologia laser scanner e supporto di un drone. \u00c8 la prima volta che l\u2019intero borgo viene riprodotto in 3D a questa definizione, \u00e8 possibile vedere ogni dettaglio muovendo il mouse in ogni direzione sul portale che coordina l\u2019iniziativa. Nella ricostruzione tridimensionale di Barchi \u00e8 stato fondamentale l&#8217;apporto del lavoro di ricerca svolto dal giovane architetto tedesco Johannes Kreye, che ha contribuito al lavoro di mappatura ed elaborazione digitale.<br \/>\n\u201cAbbiamo avviato a Barchi un cantiere, ma prima di tutto un laboratorio di partecipazione, sostenibilit\u00e0 ed inclusione seguendo i fondamentali etici che ci animano\u201d, annuncia Michele Sbrissa, ceo di 593Studio. \u201cDopo mesi di lavoro, finalmente la nostra idea \u00e8 diventata progetto grazie al coinvolgimento di una rete di attori che assieme a noi ha accettato di intraprendere un percorso che porter\u00e0 Palazzo Lenci verso un uso nuovo, aperto, sostenibile\u201d.<br \/>\nCollaborer\u00e0 al progetto lo storico Marco De Santi, che ha recentemente pubblicato il libro \u201c\u2018Al tempo dei gigli d\u2019oro, storie di Barchi e del Ducato di Urbino\u201d, un\u2019interessante e inedita immersione nel secolo d\u2019oro di Barchi, dalla nascita del vicariato nel 1539, alla fine del Ducato d\u2019Urbino nel 1631. Un periodo nel quale alcune famiglie del posto acquisirono via via ricchezze, forza e importanza.<\/p>\n<p style=\"text-align: justify;\"><img loading=\"lazy\" decoding=\"async\" class=\" wp-image-15366 aligncenter\" src=\"https:\/\/www.pressroom.cloud\/wp-content\/uploads\/progetto-InBarchiamoci-1-300x192.jpg\" alt=\"\" width=\"946\" height=\"606\" srcset=\"https:\/\/www.pressroom.cloud\/wp-content\/uploads\/progetto-InBarchiamoci-1-300x192.jpg 300w, https:\/\/www.pressroom.cloud\/wp-content\/uploads\/progetto-InBarchiamoci-1-1024x655.jpg 1024w, https:\/\/www.pressroom.cloud\/wp-content\/uploads\/progetto-InBarchiamoci-1-768x492.jpg 768w, https:\/\/www.pressroom.cloud\/wp-content\/uploads\/progetto-InBarchiamoci-1-1536x983.jpg 1536w, https:\/\/www.pressroom.cloud\/wp-content\/uploads\/progetto-InBarchiamoci-1-1320x845.jpg 1320w, https:\/\/www.pressroom.cloud\/wp-content\/uploads\/progetto-InBarchiamoci-1.jpg 1600w\" sizes=\"auto, (max-width: 946px) 100vw, 946px\" \/><\/p>\n<p style=\"text-align: justify;\">L\u2019iter dei lavori \u00e8 definito. Oltre alla ristrutturazione del palazzo del Cinquecento, che sar\u00e0 reso di nuovo agibile, ad est sar\u00e0 aperto il portone di Palazzo Lenci verso corso Umberto, ad ovest sar\u00e0 creato un varco dal giardino interno verso Vicolo degli Ebrei: un nuovo corridoio urbano e architettonico in dialogo coi residenti e i passanti dal forte significato simbolico.<br \/>\nMa la parte pi\u00f9 interessante del progetto \u00e8 il fatto che sia figlio di un&#8217;iniziativa di progettazione partecipata, ribattezza InBarchiamoci. \u00c8 stato infatti creato un portale internet,<a href=\"http:\/\/www.inbarchiamoci.it\/\">\u00a0www.inbarchiamoci.it<\/a>, che spiega le varie fasi del progetto e chiede proposte e suggerimenti da parte dei residenti per condividere con loro come utilizzare lo spazio. Non solo. Le finestre dello stabile sono state rivestite da immagini ed \u00e8 stata posta all\u2019ingresso una bacheca dove \u00e8 possibile attaccare dei fogli con le proprie idee. Il tutto attraverso una mappa concettuale basata su sei parole chiave: ecosistema, innovazione, identit\u00e0, storie, partecipazione e persone.<br \/>\nDi certo, il progetto pilota a Palazzo Lenci doner\u00e0 nuova dignit\u00e0 ad un palazzo storico. Uno dei concetti cruciali di questo progetto \u00e8 espresso questa manifestazione d\u2019intenti che 593Studio riporta nel sito: \u201cQuesto edificio con il suo immediato intorno \u00e8 un componente cruciale di un tessuto urbano ideato fin dall\u2019inizio per essere parte di un equilibrio uomo-ambiente unico e irripetibile. La citt\u00e0 ideale progettata da Filippo Terzi \u00e8 la rappresentazione dinamica di un equilibrio, di una proporzione bilanciata tra uomo e ambiente, in cui i due coabitano uno spazio secondo regole spaziali, materiche, ambientali, generando ampie prospettive, misurati scorci, brezze nei vicoli, giardini segreti, piazze\u201d.<br \/>\n\u201cIl nostro sogno \u00e8 quello di donare nuova vita allo stabile e al borgo\u201d, conclude Sbrissa. \u201cVorremmo \u00a0ospitare piccoli laboratori commerciali e di artigianato, spazi dedicati all\u2019arte e alla cultura, ospitalit\u00e0 lenta, associazioni locali, il tutto in una cornice di semplicit\u00e0, bellezza, coerenza storica ed innovazione sociale. Ringraziamo il Comune di Terre Roveresche, la Pro Loco di Barchi, le associazioni locali e i singoli cittadini per il supporto concesso fin da subito all\u2019iniziativa che ci impegner\u00e0 per i prossimi anni e che speriamo possa venir imitata anche in altri luoghi\u201d.<\/p>\n","protected":false},"excerpt":{"rendered":"<p>593Studio, societ\u00e0 trevigiana di architettura e ingegneria avvia un progetto a Barchi, citt\u00e0 ideale costruita nel Cinquecento dall\u2019architetto Filippo Terzi in provincia di Pesaro e Urbino. Sul sito\u00a0inbarchiamoci.it\u00a0la prima ricostruzione tridimensionale attraverso laser scanner e drone dell\u2019antico borgo. Il ceo, Michele Sbrissa: \u201cAccoglieremo residenti e&#8230;<\/p>\n","protected":false},"author":3,"featured_media":20778,"comment_status":"open","ping_status":"open","sticky":false,"template":"","format":"standard","meta":{"footnotes":""},"categories":[4366,4367,1,4358],"tags":[],"class_list":["post-20949","post","type-post","status-publish","format-standard","has-post-thumbnail","hentry","category-cultura-en","category-lifestyle-en","category-magazine-en","category-newsroom-en"],"_links":{"self":[{"href":"https:\/\/www.pressroom.cloud\/en\/wp-json\/wp\/v2\/posts\/20949","targetHints":{"allow":["GET"]}}],"collection":[{"href":"https:\/\/www.pressroom.cloud\/en\/wp-json\/wp\/v2\/posts"}],"about":[{"href":"https:\/\/www.pressroom.cloud\/en\/wp-json\/wp\/v2\/types\/post"}],"author":[{"embeddable":true,"href":"https:\/\/www.pressroom.cloud\/en\/wp-json\/wp\/v2\/users\/3"}],"replies":[{"embeddable":true,"href":"https:\/\/www.pressroom.cloud\/en\/wp-json\/wp\/v2\/comments?post=20949"}],"version-history":[{"count":1,"href":"https:\/\/www.pressroom.cloud\/en\/wp-json\/wp\/v2\/posts\/20949\/revisions"}],"predecessor-version":[{"id":21727,"href":"https:\/\/www.pressroom.cloud\/en\/wp-json\/wp\/v2\/posts\/20949\/revisions\/21727"}],"wp:featuredmedia":[{"embeddable":true,"href":"https:\/\/www.pressroom.cloud\/en\/wp-json\/wp\/v2\/media\/20778"}],"wp:attachment":[{"href":"https:\/\/www.pressroom.cloud\/en\/wp-json\/wp\/v2\/media?parent=20949"}],"wp:term":[{"taxonomy":"category","embeddable":true,"href":"https:\/\/www.pressroom.cloud\/en\/wp-json\/wp\/v2\/categories?post=20949"},{"taxonomy":"post_tag","embeddable":true,"href":"https:\/\/www.pressroom.cloud\/en\/wp-json\/wp\/v2\/tags?post=20949"}],"curies":[{"name":"wp","href":"https:\/\/api.w.org\/{rel}","templated":true}]}}