{"id":20950,"date":"2024-10-20T16:53:00","date_gmt":"2024-10-20T15:53:00","guid":{"rendered":"https:\/\/www.pressroom.cloud\/national-gallery-200-al-cinema-il-22-e-23-ottobre-2024\/"},"modified":"2025-03-26T17:15:23","modified_gmt":"2025-03-26T16:15:23","slug":"national-gallery-200-al-cinema-il-22-e-23-ottobre-2024","status":"publish","type":"post","link":"https:\/\/www.pressroom.cloud\/en\/national-gallery-200-al-cinema-il-22-e-23-ottobre-2024\/","title":{"rendered":"National Gallery 200. Al cinema il 22 e 23 ottobre 2024"},"content":{"rendered":"<div dir=\"ltr\">\n<div class=\"xmprfx_main-container-segnala\">\n<div class=\"xmprfx_testo-container\">\n<div class=\"xmprfx_testo-segnala\">\n<p style=\"text-align: justify;\">Il cinema celebra la\u00a0<strong>National Gallery<\/strong>\u00a0di Londra in occasione del\u00a0<strong>bicentenario della sua fondazione\u00a0<\/strong>il prossimo\u00a0<strong>22 e 23 ottobre,<\/strong>\u00a0quando arriver\u00e0 nelle sale cinematografiche italiane\u00a0<strong><em>National Gallery 200<\/em>\u00a0<\/strong>il primo appuntamento della nuova stagione della\u00a0<strong>Grande Arte al Cinema<\/strong>, diretto da<strong>\u00a0Ali Ray e Phil Grabsky<\/strong>\u00a0e dedicato a uno dei musei pi\u00f9 importanti del mondo.<br \/>\nFondata nel 1824 dal Governo del Regno Unito che acquist\u00f2 38 dipinti dal banchiere John Julius Angerstein e sin da subito ampliata dai suoi primi direttori, come il celebre Sir Charles Lock Eastlake, la National Gallery \u00e8 un museo ricco di capolavori, una risorsa infinita per ripercorrere i momenti salienti della storia dell\u2019arte, ma anche una fonte inesauribile di racconti individuali e collettivi. Ma a chi appartengono veramente le storie raccontate tra le sue sale e a chi si rivolgono? Quali opere hanno un impatto maggiore e su quali visitatori?<\/p>\n<p><a href=\"https:\/\/www.nexostudios.it\/movie\/national-gallery-200\/\"><strong>Qui l&#8217;elenco di tutti i cinema dove sar\u00e0 possibile vederlo.<\/strong><\/a><\/p>\n<\/div>\n<\/div>\n<\/div>\n<\/div>\n<div dir=\"ltr\">\n<div class=\"xmprfx_main-container-segnala\">\n<div class=\"xmprfx_testo-container\">\n<div class=\"xmprfx_testo-segnala\">\n<p style=\"text-align: justify;\"><a href=\"https:\/\/www.nexodigital.it\/national-gallery-200\/\" target=\"_blank\" rel=\"noopener noreferrer\"><img loading=\"lazy\" decoding=\"async\" class=\"aligncenter\" src=\"https:\/\/www.exibart.com\/repository\/media\/2024\/10\/EOS-My-National-Gallery-London-Gallery-exterior.jpg\" alt=\"\" width=\"940\" height=\"626\" data-unique-identifier=\"\" \/><\/a><\/p>\n<p style=\"text-align: justify;\"><strong><em>National Gallery 200<\/em><\/strong>mostra come il potere della grande arte risieda nella sua capacit\u00e0 di comunicare con chiunque, indipendentemente dalle conoscenze storiche, dal background e dalle convinzioni dei singoli. Questo film d\u00e0 voce a coloro la cui vita \u00e8 stata variamente toccata dalla National Gallery: dalla guardia di sicurezza al direttore, dal visitatore comune alle celebrit\u00e0 fino ai membri della famiglia reale.\u00a0<strong>Claudia Winkleman, Michael Palin, Terry Gilliam, Jacqueline Wilson e la Principessa Eugenie<\/strong>\u00a0ci faranno cos\u00ec conoscere il loro legame personale con la National Gallery. Ciascun intervistato indicher\u00e0 l\u2019opera d\u2019arte che pi\u00f9 gli sta a cuore, spaziando tra capolavori noti a gemme nascoste. Attraverso le storie di queste opere esploreremo cos\u00ec i 200 anni di storia della National Gallery e il futuro di questo spazio spettacolare. Celebrit\u00e0, devoti membri dello staff ed esperti di fama mondiale daranno vita a un discorso corale per dipingere un ritratto unico di questa iconica istituzione britannica attraverso storie commoventi e sorprendenti. Tassello dopo tassello il film cerca di mostrare come l\u2019arte possa parlare a tutti e come tutti i visitatori possano, a loro volta, confrontarsi con le singole opere, senza sentirsi intimidite dalla loro storia e dal loro prestigio.<\/p>\n<\/div>\n<\/div>\n<\/div>\n<\/div>\n<div dir=\"ltr\">\n<div class=\"xmprfx_main-container-segnala\">\n<div class=\"xmprfx_container-footer-segnala\" style=\"text-align: justify;\"><\/div>\n<\/div>\n<\/div>\n","protected":false},"excerpt":{"rendered":"<p>Il cinema celebra la\u00a0National Gallery\u00a0di Londra in occasione del\u00a0bicentenario della sua fondazione\u00a0il prossimo\u00a022 e 23 ottobre,\u00a0quando arriver\u00e0 nelle sale cinematografiche italiane\u00a0National Gallery 200\u00a0il primo appuntamento della nuova stagione della\u00a0Grande Arte al Cinema, diretto da\u00a0Ali Ray e Phil Grabsky\u00a0e dedicato a uno dei musei pi\u00f9 importanti&#8230;<\/p>\n","protected":false},"author":3,"featured_media":20765,"comment_status":"open","ping_status":"open","sticky":false,"template":"","format":"standard","meta":{"footnotes":""},"categories":[4366,1,4358],"tags":[4413,4414,4415],"class_list":["post-20950","post","type-post","status-publish","format-standard","has-post-thumbnail","hentry","category-cultura-en","category-magazine-en","category-newsroom-en","tag-cinema-en","tag-londra-en","tag-national-gallery-en"],"_links":{"self":[{"href":"https:\/\/www.pressroom.cloud\/en\/wp-json\/wp\/v2\/posts\/20950","targetHints":{"allow":["GET"]}}],"collection":[{"href":"https:\/\/www.pressroom.cloud\/en\/wp-json\/wp\/v2\/posts"}],"about":[{"href":"https:\/\/www.pressroom.cloud\/en\/wp-json\/wp\/v2\/types\/post"}],"author":[{"embeddable":true,"href":"https:\/\/www.pressroom.cloud\/en\/wp-json\/wp\/v2\/users\/3"}],"replies":[{"embeddable":true,"href":"https:\/\/www.pressroom.cloud\/en\/wp-json\/wp\/v2\/comments?post=20950"}],"version-history":[{"count":1,"href":"https:\/\/www.pressroom.cloud\/en\/wp-json\/wp\/v2\/posts\/20950\/revisions"}],"predecessor-version":[{"id":21728,"href":"https:\/\/www.pressroom.cloud\/en\/wp-json\/wp\/v2\/posts\/20950\/revisions\/21728"}],"wp:featuredmedia":[{"embeddable":true,"href":"https:\/\/www.pressroom.cloud\/en\/wp-json\/wp\/v2\/media\/20765"}],"wp:attachment":[{"href":"https:\/\/www.pressroom.cloud\/en\/wp-json\/wp\/v2\/media?parent=20950"}],"wp:term":[{"taxonomy":"category","embeddable":true,"href":"https:\/\/www.pressroom.cloud\/en\/wp-json\/wp\/v2\/categories?post=20950"},{"taxonomy":"post_tag","embeddable":true,"href":"https:\/\/www.pressroom.cloud\/en\/wp-json\/wp\/v2\/tags?post=20950"}],"curies":[{"name":"wp","href":"https:\/\/api.w.org\/{rel}","templated":true}]}}