{"id":20961,"date":"2024-07-23T14:48:52","date_gmt":"2024-07-23T13:48:52","guid":{"rendered":"https:\/\/www.pressroom.cloud\/a-pesaro-la-prima-mostra-museale-di-araminta-blue\/"},"modified":"2025-03-26T17:15:28","modified_gmt":"2025-03-26T16:15:28","slug":"a-pesaro-la-prima-mostra-museale-di-araminta-blue","status":"publish","type":"post","link":"https:\/\/www.pressroom.cloud\/en\/a-pesaro-la-prima-mostra-museale-di-araminta-blue\/","title":{"rendered":"A Pesaro la prima mostra museale di Araminta Blue"},"content":{"rendered":"<p style=\"text-align: justify;\">Il\u00a0<strong>MARV \u2013 Museo d\u2019Arte Rubini Vesin<\/strong> ospita la prima mostra museale di <strong>Araminta Blue,\u00a0<\/strong>l\u2019acclamata artista britannica celebrata per le sue opere evocative e cariche di emozioni.\u00a0<strong>Sostenuta dalla Galleria Rosenfeld\u00a0<\/strong>e promossa dal Comune di Gradara, dalla Rete Museale Marche Nord, dal Museo MARV e da Gradara Innova s.r.l., questa mostra storica sar\u00e0 <strong>visitabile fino<\/strong> <strong>all\u20198 settembre 2024\u00a0<\/strong>e offrir\u00e0 una profonda esplorazione del percorso artistico di Blue.<\/p>\n<p style=\"text-align: justify;\">Il lavoro di Araminta Blue si distingue per la profonda risonanza emotiva e la complessit\u00e0 narrativa. Le sue opere attingono spesso a ricordi personali e collettivi, tessendo storie intricate che invitano gli spettatori a un dialogo intimo. Questa mostra, la sua prima in un museo, mette in evidenza il potere della narrazione emotiva e il profondo impatto dell\u2019esperienza personale sulla sua pratica.<\/p>\n<p style=\"text-align: justify;\"><img loading=\"lazy\" decoding=\"async\" class=\" wp-image-15009 aligncenter\" src=\"https:\/\/www.pressroom.cloud\/wp-content\/uploads\/451985110_18052657078735966_3971466744502918890_n-1-300x164.jpg\" alt=\"\" width=\"537\" height=\"294\" srcset=\"https:\/\/www.pressroom.cloud\/wp-content\/uploads\/451985110_18052657078735966_3971466744502918890_n-1-300x164.jpg 300w, https:\/\/www.pressroom.cloud\/wp-content\/uploads\/451985110_18052657078735966_3971466744502918890_n-1-1024x560.jpg 1024w, https:\/\/www.pressroom.cloud\/wp-content\/uploads\/451985110_18052657078735966_3971466744502918890_n-1-768x420.jpg 768w, https:\/\/www.pressroom.cloud\/wp-content\/uploads\/451985110_18052657078735966_3971466744502918890_n-1.jpg 1036w\" sizes=\"auto, (max-width: 537px) 100vw, 537px\" \/><\/p>\n<p style=\"text-align: justify;\">Blue \u00e8 affascinata dall\u2019interazione tra luce calda e fredda, che ha ispirato il titolo di questa mostra: \u201c<strong>Il Calore sulla pelle<\/strong>\u201c. Questo tema esplora le sensazioni ed emozioni contrastanti evocate dalla luce del sole, sia che si tratti del calore confortante di un pomeriggio estivo o della freschezza frizzante di una mattina d\u2019inverno. Attraverso le opere esposte, Blue cattura questi momenti fugaci, invitando gli spettatori a riflettere sulle proprie esperienze e sulle emozioni ad esse associate.<\/p>\n<p style=\"text-align: justify;\">Blue presenta una selezione di opere degli ultimi cinque anni, tra cui un\u00a0<strong>r<\/strong>itratto centrale intitolato<strong>\u00a0<\/strong><em><strong>Threading the Net<\/strong><\/em><strong>\u00a0(Infilare la rete)<\/strong>, che raffigura gli sfortunati amanti di\u00a0<strong>Dante, Paolo\u00a0<\/strong>e\u00a0<strong>Francesca,\u00a0<\/strong>condannati all\u2019eterna sofferenza nell\u2019Inferno. La leggenda vuole che il castello di Gradara sia stato teatro della famosa e tragica storia d\u2019amore, fornendo uno sfondo ancora pi\u00f9 drammatico e potente alle narrazioni di Blue. Il ritratto dantesco dell\u2019amore condannato di Paolo e Francesca risuona profondamente con Blue. La loro storia \u00e8 un potente esempio di come l\u2019amore e la passione possano trascendere il tempo e lo spazio, lasciando un segno indelebile nella nostra coscienza collettiva. Nel suo lavoro, Blue cerca di catturare la stessa intensit\u00e0 di emozioni e il potere duraturo della narrazione.<\/p>\n<p style=\"text-align: justify;\"><img loading=\"lazy\" decoding=\"async\" class=\"aligncenter\" src=\"https:\/\/www.radioincontro.com\/wp-content\/uploads\/2024\/07\/Araminta-blue.jpg\" width=\"908\" height=\"1094\" \/><\/p>\n<p style=\"text-align: justify;\">La mostra presenter\u00e0 una selezione delle opere pi\u00f9 interessanti di Blue, tra cui dipinti di grandi dimensioni e una selezione di pezzi provenienti dalle sue due precedenti grandi mostre personali alla Galleria Rosenfeld. Queste mostre hanno approfondito i temi del movimento, dei corpi, della nascita e dell\u2019acqua. Il processo di Blue prevede l\u2019utilizzo di tela grezza e olio per creare corpi frammentati che si estendono tra astrazione e figurazione, catturando la fluidit\u00e0 e il dinamismo della forma e dell\u2019esperienza umana.<\/p>\n<p style=\"text-align: justify;\">I visitatori del MARV avranno l\u2019opportunit\u00e0 unica di immergersi nel mondo di Araminta Blue, sperimentando in prima persona la profondit\u00e0 emotiva e la ricchezza narrativa che definiscono la sua arte. Questa mostra \u00e8 un\u2019occasione unica per assistere alla progressione e allo sviluppo della gi\u00e0 impressionante carriera della giovane artista.<\/p>\n","protected":false},"excerpt":{"rendered":"<p>Il\u00a0MARV \u2013 Museo d\u2019Arte Rubini Vesin ospita la prima mostra museale di Araminta Blue,\u00a0l\u2019acclamata artista britannica celebrata per le sue opere evocative e cariche di emozioni.\u00a0Sostenuta dalla Galleria Rosenfeld\u00a0e promossa dal Comune di Gradara, dalla Rete Museale Marche Nord, dal Museo MARV e da Gradara&#8230;<\/p>\n","protected":false},"author":3,"featured_media":20712,"comment_status":"open","ping_status":"open","sticky":false,"template":"","format":"standard","meta":{"footnotes":""},"categories":[4356,1,4358],"tags":[4438,4408,4439,4440],"class_list":["post-20961","post","type-post","status-publish","format-standard","has-post-thumbnail","hentry","category-art","category-magazine-en","category-newsroom-en","tag-araminta-blue-en","tag-arte-contemporanea-en","tag-museo-darte-rubini-vesin-en","tag-pesaro-en"],"_links":{"self":[{"href":"https:\/\/www.pressroom.cloud\/en\/wp-json\/wp\/v2\/posts\/20961","targetHints":{"allow":["GET"]}}],"collection":[{"href":"https:\/\/www.pressroom.cloud\/en\/wp-json\/wp\/v2\/posts"}],"about":[{"href":"https:\/\/www.pressroom.cloud\/en\/wp-json\/wp\/v2\/types\/post"}],"author":[{"embeddable":true,"href":"https:\/\/www.pressroom.cloud\/en\/wp-json\/wp\/v2\/users\/3"}],"replies":[{"embeddable":true,"href":"https:\/\/www.pressroom.cloud\/en\/wp-json\/wp\/v2\/comments?post=20961"}],"version-history":[{"count":1,"href":"https:\/\/www.pressroom.cloud\/en\/wp-json\/wp\/v2\/posts\/20961\/revisions"}],"predecessor-version":[{"id":21738,"href":"https:\/\/www.pressroom.cloud\/en\/wp-json\/wp\/v2\/posts\/20961\/revisions\/21738"}],"wp:featuredmedia":[{"embeddable":true,"href":"https:\/\/www.pressroom.cloud\/en\/wp-json\/wp\/v2\/media\/20712"}],"wp:attachment":[{"href":"https:\/\/www.pressroom.cloud\/en\/wp-json\/wp\/v2\/media?parent=20961"}],"wp:term":[{"taxonomy":"category","embeddable":true,"href":"https:\/\/www.pressroom.cloud\/en\/wp-json\/wp\/v2\/categories?post=20961"},{"taxonomy":"post_tag","embeddable":true,"href":"https:\/\/www.pressroom.cloud\/en\/wp-json\/wp\/v2\/tags?post=20961"}],"curies":[{"name":"wp","href":"https:\/\/api.w.org\/{rel}","templated":true}]}}