{"id":20982,"date":"2024-04-22T16:53:30","date_gmt":"2024-04-22T15:53:30","guid":{"rendered":"https:\/\/www.pressroom.cloud\/damiani-100x100-italiani-un-secolo-di-pietre-preziose-alle-gallerie-ditalia-di-milano\/"},"modified":"2025-03-26T17:15:39","modified_gmt":"2025-03-26T16:15:39","slug":"damiani-100x100-italiani-un-secolo-di-pietre-preziose-alle-gallerie-ditalia-di-milano","status":"publish","type":"post","link":"https:\/\/www.pressroom.cloud\/en\/damiani-100x100-italiani-un-secolo-di-pietre-preziose-alle-gallerie-ditalia-di-milano\/","title":{"rendered":"Damiani 100&#215;100 Italiani. Un secolo di pietre preziose"},"content":{"rendered":"<p style=\"text-align: justify;\">Pochi nomi evocano un senso di\u00a0continuit\u00e0,\u00a0artigianato e innovazione come <strong>Damiani<\/strong>. La\u00a0<i>m<\/i><i>aison<\/i>, da sempre orgogliosamente\u00a0a\u00a0Valenza,\u00a0quest\u2019anno\u00a0festeggia il suo centenario con una mostra straordinaria presso le <strong>Gallerie d&#8217;Italia di Milano<\/strong>. Curata da Alba Cappellieri,\u00a0ordinaria in Design del Gioiello al Politecnico di Milano, e realizzata in collaborazione con Intesa Sanpaolo, l\u2019esposizione rimarr\u00e0 aperta fino al 28 aprile.<\/p>\n<p style=\"text-align: justify;\"><b>Damiani 100&#215;100<\/b><b> Italiani<\/b>, ovvero cento opere per cento anni. \u00c8 cos\u00ec che la famiglia Damiani ha scelto di festeggiare, condividendo con il pubblico una preziosa collezione di pietre rare, riportate in vita attraverso il magistrale lavoro dei loro orafi di Valenza, custodi del mestiere fin dal 1924. Il risultato \u00e8 una raccolta di cento capolavori che testimoniano la continuit\u00e0 di una tradizione artigianale unica ma con uno sguardo sempre rivolto al futuro, perch\u00e9 la storia di Damiani non riguarda solo i gioielli; \u00e8 la testimonianza dello spirito duraturo della creativit\u00e0 e della visione imprenditoriale italiane.<\/p>\n<div id=\"attachment_14585\" style=\"width: 974px\" class=\"wp-caption aligncenter\"><img loading=\"lazy\" decoding=\"async\" aria-describedby=\"caption-attachment-14585\" class=\" wp-image-14585\" src=\"https:\/\/www.pressroom.cloud\/wp-content\/uploads\/Sala-Delle-Colonne_Gallerie-dItalia-1-300x200.jpg\" alt=\"\" width=\"964\" height=\"642\" srcset=\"https:\/\/www.pressroom.cloud\/wp-content\/uploads\/Sala-Delle-Colonne_Gallerie-dItalia-1-300x200.jpg 300w, https:\/\/www.pressroom.cloud\/wp-content\/uploads\/Sala-Delle-Colonne_Gallerie-dItalia-1-1024x681.jpg 1024w, https:\/\/www.pressroom.cloud\/wp-content\/uploads\/Sala-Delle-Colonne_Gallerie-dItalia-1-768x511.jpg 768w, https:\/\/www.pressroom.cloud\/wp-content\/uploads\/Sala-Delle-Colonne_Gallerie-dItalia-1-1536x1022.jpg 1536w, https:\/\/www.pressroom.cloud\/wp-content\/uploads\/Sala-Delle-Colonne_Gallerie-dItalia-1-900x600.jpg 900w, https:\/\/www.pressroom.cloud\/wp-content\/uploads\/Sala-Delle-Colonne_Gallerie-dItalia-1-1320x878.jpg 1320w\" sizes=\"auto, (max-width: 964px) 100vw, 964px\" \/><p id=\"caption-attachment-14585\" class=\"wp-caption-text\">Sala Delle Colonne, Gallerie d&#8217;Italia<\/p><\/div>\n<p style=\"text-align: justify;\">Tre generazioni hanno guidato l&#8217;azienda nel corso dei decenni attraverso sfide e trionfi, ciascuna apportando le\u00a0proprie\u00a0convinzioni\u00a0e competenze.\u00a0A partire dal fondatore\u00a0Enrico, orafo di grande abilit\u00e0\u00a0che\u00a0divenne\u00a0presto il gioielliere di riferimento\u00a0delle\u00a0grandi famiglie dell&#8217;epoca. Dieci anni dopo, nel 1934,\u00a0nacque\u00a0il figlio, Damiano,\u00a0il quale inizi\u00f2 un processo di potenziamento industriale e di espansione commerciale che,\u00a0promuovendo\u00a0la ricerca nel design e l\u2019innovazione tecnica, segn\u00f2\u00a0profondamente l\u2019evoluzione aziendale\u00a0di Damiani. Alla tragica e prematura scomparsa di Damiano nel 1996, la gestione pass\u00f2\u00a0alla moglie\u00a0Gabriella\u00a0e ai tre figli: Guido,\u00a0Silvia e Giorgio. Un trauma e una responsabilit\u00e0 enorme da gestire per\u00a0Gabriella e\u00a0gli eredi\u00a0nemmeno trentenni che reagirono, come spiega Guido nel video presente alla mostra, tirandosi su le maniche e dandosi da fare il pi\u00f9 possibile:\u00a0\u00ab<b>Q<\/b><b>uesto ci ha aiutato tantissimo ad essere pi\u00f9 uniti e a far s\u00ec che questa storia di successo possa essere una storia di successo anche nelle prossime generazioni<\/b>\u00bb.\u00a0Grazie a questo spirito determinato sono riusciti a internazionalizzare l&#8217;azienda, trasformandola in una realt\u00e0 globale con oltre 80 boutique in tutto il mondo:\u00a0uno dei modelli di successo di famiglia imprenditoriale italiana.<\/p>\n<div style=\"width: 1610px\" class=\"wp-caption aligncenter\"><img loading=\"lazy\" decoding=\"async\" src=\"https:\/\/compass-media.vogue.it\/photos\/65f4422068bbf4bee9fb0451\/master\/w_1600%2Cc_limit\/gioielli%2520damiani%2520Guido%2C%2520Silvia%2C%2520Giorgio%2520Damiani.JPG\" alt=\"gioielli damiani\" width=\"1600\" height=\"2000\" \/><p class=\"wp-caption-text\">Guido, Silvia, Giorgio Damiani al Damiani Centenary Gala Dinner al Teatro Alcione di Milano (Daniele Venturelli\/Getty Images)<\/p><\/div>\n<p style=\"text-align: justify;\">L\u2019orgoglio dei Damiani, comprensibile e condiviso da generazioni di clienti che hanno cercato e voluto le loro creazioni, si snoda tra le mille luci, i bagliori, i colori, l\u2019eleganza tutta italiana dei\u00a0100\u00a0gioielli in mostra, proposti\u00a0come la\u00a0celebrazione\u00a0di 100 anni di storia e descritti attraverso cinque valori dell\u2019italianit\u00e0:<\/p>\n<p style=\"text-align: justify;\">la\u00a0<b>famiglia<\/b> &#8211; che nel video proiettato durante tutto il percorso e presente qui sotto &#8211; racconta la storia di tre generazioni di gioiellieri ma anche i sogni, l\u2019amore e i successi che hanno portato a questo traguardo.<\/p>\n<p><iframe loading=\"lazy\" title=\"Damiani 100 Years of Passion\" width=\"1060\" height=\"596\" src=\"https:\/\/www.youtube.com\/embed\/abl5oP8Cv6I?feature=oembed\" frameborder=\"0\" allow=\"accelerometer; autoplay; clipboard-write; encrypted-media; gyroscope; picture-in-picture; web-share\" referrerpolicy=\"strict-origin-when-cross-origin\" allowfullscreen><\/iframe><\/p>\n<p style=\"text-align: justify;\">la<b>\u00a0maestria<\/b>, interpretata dalla collezione\u00a0<b>Mimosa<\/b>. Qui, la\u00a0<i>m<\/i><i>aison<\/i>\u00a0dimostra tutta la sua genialit\u00e0 attraverso un \u201ccaos apparente\u201d che accosta in modo innovativo pietre di diverse dimensioni e tagli, creando un&#8217;armonia perfetta. I gioielli avvolgono con morbidezza e naturalezza il corpo. Ed \u00e8 proprio Mimosa che si trova al centro della mostra, con il collier\u00a0<b>Eternal Blue<\/b>\u00a0dove il protagonista \u00e8 un maestoso zaffiro dello Sri Lanka tagliato a cuscino, da cento carati. L&#8217;intensit\u00e0 del suo blu reale \u00e8 magnetico, esaltato ancor di pi\u00f9 dai diamanti che lo circondano in un abbraccio di luce.\u00a0Capolavoro unico che esprime tutta la qualit\u00e0 artistica e la versatilit\u00e0 di Damiani, questo pezzo pu\u00f2 essere indossato in molteplici modi: come collier, come ciondolo pendente da una catena in oro bianco impreziosita da diamanti, oppure come lussuosa spilla.<\/p>\n<div id=\"attachment_14586\" style=\"width: 940px\" class=\"wp-caption aligncenter\"><img loading=\"lazy\" decoding=\"async\" aria-describedby=\"caption-attachment-14586\" class=\"wp-image-14586 \" src=\"https:\/\/www.pressroom.cloud\/wp-content\/uploads\/Damiani_Mimosa-Eternal-Blue_Necklace-white-gold-diamonds-and-sapphire_2-300x226.jpg\" alt=\"\" width=\"930\" height=\"700\" srcset=\"https:\/\/www.pressroom.cloud\/wp-content\/uploads\/Damiani_Mimosa-Eternal-Blue_Necklace-white-gold-diamonds-and-sapphire_2-300x226.jpg 300w, https:\/\/www.pressroom.cloud\/wp-content\/uploads\/Damiani_Mimosa-Eternal-Blue_Necklace-white-gold-diamonds-and-sapphire_2-1024x770.jpg 1024w, https:\/\/www.pressroom.cloud\/wp-content\/uploads\/Damiani_Mimosa-Eternal-Blue_Necklace-white-gold-diamonds-and-sapphire_2-768x577.jpg 768w, https:\/\/www.pressroom.cloud\/wp-content\/uploads\/Damiani_Mimosa-Eternal-Blue_Necklace-white-gold-diamonds-and-sapphire_2-1536x1155.jpg 1536w, https:\/\/www.pressroom.cloud\/wp-content\/uploads\/Damiani_Mimosa-Eternal-Blue_Necklace-white-gold-diamonds-and-sapphire_2-1320x993.jpg 1320w\" sizes=\"auto, (max-width: 930px) 100vw, 930px\" \/><p id=\"caption-attachment-14586\" class=\"wp-caption-text\">Eternal Blue<\/p><\/div>\n<p style=\"text-align: justify;\">la\u00a0<b>creativit\u00e0<\/b>, espressa da\u00a0<b>Margherita<\/b>. Una collezione che al solo vederla suscita gioia, un&#8217;esplosione di margherite su ogni pezzo. Nata negli anni Venti del Novecento come omaggio del fondatore Enrico Grassi Damiani alla Regina d&#8217;Italia Margherita di Savoia, rappresenta una sublime espressione della creativit\u00e0 di Damiani. Un\u2019elegante fusione tra tradizione e modernit\u00e0, Margherita incarna la creativit\u00e0 squisitamente italiana. Al centro della collezione risplende lo splendido collier &#8220;<b>Margherita Desert Garden&#8221;<\/b>: un inestimabile tributo alla magnificenza della natura che, con i toni giallo-marrone-sabbia, evoca l&#8217;alba nel deserto e crea un sontuoso tappeto su cui si posano le margherite realizzate con diamanti bianchi e centrali\u00a0<i>fancy yellow<\/i>, aggiungendo un tocco particolare di colore e<i>\u00a0texture<\/i>\u00a0a questo pezzo rarissimo, degno di una regina.<\/p>\n<div id=\"attachment_14587\" style=\"width: 925px\" class=\"wp-caption aligncenter\"><img loading=\"lazy\" decoding=\"async\" aria-describedby=\"caption-attachment-14587\" class=\"wp-image-14587 \" src=\"https:\/\/www.pressroom.cloud\/wp-content\/uploads\/Damiani_Margherita-Desert-Garden_Necklace-gold-and-fancy-diamonds_1-300x230.jpg\" alt=\"\" width=\"915\" height=\"702\" srcset=\"https:\/\/www.pressroom.cloud\/wp-content\/uploads\/Damiani_Margherita-Desert-Garden_Necklace-gold-and-fancy-diamonds_1-300x230.jpg 300w, https:\/\/www.pressroom.cloud\/wp-content\/uploads\/Damiani_Margherita-Desert-Garden_Necklace-gold-and-fancy-diamonds_1-1024x785.jpg 1024w, https:\/\/www.pressroom.cloud\/wp-content\/uploads\/Damiani_Margherita-Desert-Garden_Necklace-gold-and-fancy-diamonds_1-768x589.jpg 768w, https:\/\/www.pressroom.cloud\/wp-content\/uploads\/Damiani_Margherita-Desert-Garden_Necklace-gold-and-fancy-diamonds_1-1536x1178.jpg 1536w, https:\/\/www.pressroom.cloud\/wp-content\/uploads\/Damiani_Margherita-Desert-Garden_Necklace-gold-and-fancy-diamonds_1-1320x1012.jpg 1320w\" sizes=\"auto, (max-width: 915px) 100vw, 915px\" \/><p id=\"caption-attachment-14587\" class=\"wp-caption-text\">Margherita Desert Garden<\/p><\/div>\n<p style=\"text-align: justify;\">la\u00a0<b>storia<\/b>, definita dalla collezione\u00a0<b>Belle \u00c9poque.\u00a0<\/b>\u00c8\u00a0una manifestazione artistica della\u00a0storia, intesa come capacit\u00e0 di guardare al passato e di elaborarlo con uno sguardo rivolto al futuro per diventare interpreti del proprio tempo. La Belle \u00c9poque \u00e8 stata un\u2019epoca d\u2019oro, caratterizzata un intenso periodo di splendore culturale e artistico. In Francia si afferma l\u2019Impressionismo, in Italia nasce il Futurismo ma\u00a0\u00e8 con il cinema dei fratelli Lumi\u00e8re che si ha l&#8217;innovazione maggiore. Ed \u00e8 proprio questo periodo storico ad ispirare il fondatore della Maison\u00a0nel\u00a0creare creazioni sublimi,\u00a0capaci di catturare l\u2019attenzione e l\u2019emozione come nel bracciale in oro bianco &#8220;<b>Belle \u00c9poque Frame&#8221;<\/b>, che rappresenta\u00a0la\u00a0collezione. La sua geometria perfetta d\u00e0 vita a un&#8217;opera dinamica e luminosa, realizzata alternando diamanti e diamanti\u00a0<i>fancy color<\/i>, evocando la pellicola cinematografica e la stessa luce che ha dato vita al cinema.<\/p>\n<div id=\"attachment_14589\" style=\"width: 920px\" class=\"wp-caption aligncenter\"><img loading=\"lazy\" decoding=\"async\" aria-describedby=\"caption-attachment-14589\" class=\"wp-image-14589 \" src=\"https:\/\/www.pressroom.cloud\/wp-content\/uploads\/Damiani_Belle-Epoque_Bracelet_white-gold-diamonds-and-fancy-diamonds-300x251.jpg\" alt=\"\" width=\"910\" height=\"761\" srcset=\"https:\/\/www.pressroom.cloud\/wp-content\/uploads\/Damiani_Belle-Epoque_Bracelet_white-gold-diamonds-and-fancy-diamonds-300x251.jpg 300w, https:\/\/www.pressroom.cloud\/wp-content\/uploads\/Damiani_Belle-Epoque_Bracelet_white-gold-diamonds-and-fancy-diamonds-1024x857.jpg 1024w, https:\/\/www.pressroom.cloud\/wp-content\/uploads\/Damiani_Belle-Epoque_Bracelet_white-gold-diamonds-and-fancy-diamonds-768x642.jpg 768w, https:\/\/www.pressroom.cloud\/wp-content\/uploads\/Damiani_Belle-Epoque_Bracelet_white-gold-diamonds-and-fancy-diamonds-1536x1285.jpg 1536w, https:\/\/www.pressroom.cloud\/wp-content\/uploads\/Damiani_Belle-Epoque_Bracelet_white-gold-diamonds-and-fancy-diamonds-1320x1104.jpg 1320w\" sizes=\"auto, (max-width: 910px) 100vw, 910px\" \/><p id=\"caption-attachment-14589\" class=\"wp-caption-text\">Belle \u00c9poque Frame<\/p><\/div>\n<p class=\"xmprfx_MsoNormal\" style=\"text-align: justify;\">la\u00a0<b>passione<\/b>, illustrata dalla collezione\u00a0<b>Fantasy Cut\u00a0<\/b>che\u00a0incarna tutto l&#8217;amore della\u00a0<i>maison<\/i>\u00a0per la sua storia, il suo savoir-faire e la bellezza delle materie prime che i maestri orafi valenzani trasformano con abilit\u00e0. Non sono semplici gioielli, ma oggetti d&#8217;arte che narrano una storia e testimoniano il talento straordinario di chi trasforma gemme preziose in meraviglie senza tempo. Tra le creazioni per il centenario spicca il &#8220;<b>Fantasy Cut The Damiani Green Treasure of Muzo&#8221;<\/b>: un collier in oro bianco con diamanti taglio smeraldo e taglio brillante, impreziosito da uno smeraldo di Muzo di quasi 64 carati, simbolo della foresta pluviale. Anche qui, come in Eternal Blue, c\u2019\u00e8 versatilit\u00e0: il ciondolo \u00e8 infatti amovibile e permette quindi una molteplicit\u00e0 di utilizzi.<\/p>\n<div id=\"attachment_14588\" style=\"width: 943px\" class=\"wp-caption aligncenter\"><img loading=\"lazy\" decoding=\"async\" aria-describedby=\"caption-attachment-14588\" class=\"wp-image-14588 \" src=\"https:\/\/www.pressroom.cloud\/wp-content\/uploads\/Damiani_Fantasy-Cut_the-Damiani-Green-Treasure-of-Muzo_necklace-white-gold-diamonds-and-emeralds_2-300x223.jpg\" alt=\"\" width=\"933\" height=\"694\" srcset=\"https:\/\/www.pressroom.cloud\/wp-content\/uploads\/Damiani_Fantasy-Cut_the-Damiani-Green-Treasure-of-Muzo_necklace-white-gold-diamonds-and-emeralds_2-300x223.jpg 300w, https:\/\/www.pressroom.cloud\/wp-content\/uploads\/Damiani_Fantasy-Cut_the-Damiani-Green-Treasure-of-Muzo_necklace-white-gold-diamonds-and-emeralds_2-1024x761.jpg 1024w, https:\/\/www.pressroom.cloud\/wp-content\/uploads\/Damiani_Fantasy-Cut_the-Damiani-Green-Treasure-of-Muzo_necklace-white-gold-diamonds-and-emeralds_2-768x571.jpg 768w, https:\/\/www.pressroom.cloud\/wp-content\/uploads\/Damiani_Fantasy-Cut_the-Damiani-Green-Treasure-of-Muzo_necklace-white-gold-diamonds-and-emeralds_2-1536x1142.jpg 1536w, https:\/\/www.pressroom.cloud\/wp-content\/uploads\/Damiani_Fantasy-Cut_the-Damiani-Green-Treasure-of-Muzo_necklace-white-gold-diamonds-and-emeralds_2-1320x982.jpg 1320w\" sizes=\"auto, (max-width: 933px) 100vw, 933px\" \/><p id=\"caption-attachment-14588\" class=\"wp-caption-text\">Fantasy Cut The Damiani Green Treasure of Muzo<\/p><\/div>\n<p class=\"xmprfx_MsoNormal\" style=\"text-align: justify;\">Ogni pezzo\u00a0ha\u00a0una storia e\u00a0un\u00a0significato particolare. Ma quello che colpisce, oltre la\u00a0loro\u00a0bellezza\u00a0perfetta,\u00a0\u00e8\u00a0la storia del\u00a0percorso: che parte dalla famiglia, naturalmente, e dagli strumenti dell&#8217;orafo. Come se non ci fosse uno senza l&#8217;altro. Un omaggio all&#8217;infinita passione, conoscenza e abilit\u00e0 dei maestri che creano questi gioielli per i quali Damiani ha ricevuto prestigiosi riconoscimenti italiani e internazionali, detenendo ancora oggi il record di\u00a0<b>18 Diamonds International Awards<\/b>, i cosiddetti Oscar della Gioielleria. Tra i pezzi iconici esposti vi sono il bracciale\u00a0<b>&#8220;Shark&#8221;<\/b>\u00a0(1976), loro primo Diamonds International Award, ideato da Gabriella Damiani; e il sontuoso collier<b>\u00a0&#8220;Bloody Mary&#8221;<\/b>\u00a0(1986), ovviamente ispirato da Maria Tudor e dai collari del Cinquecento.\u00a0Questi due pezzi chiudono la mostra.<\/p>\n\n\t\t<style type=\"text\/css\">\n\t\t\t#gallery-1 {\n\t\t\t\tmargin: auto;\n\t\t\t}\n\t\t\t#gallery-1 .gallery-item {\n\t\t\t\tfloat: left;\n\t\t\t\tmargin-top: 10px;\n\t\t\t\ttext-align: center;\n\t\t\t\twidth: 50%;\n\t\t\t}\n\t\t\t#gallery-1 img {\n\t\t\t\tborder: 2px solid #cfcfcf;\n\t\t\t}\n\t\t\t#gallery-1 .gallery-caption {\n\t\t\t\tmargin-left: 0;\n\t\t\t}\n\t\t\t\/* see gallery_shortcode() in wp-includes\/media.php *\/\n\t\t<\/style>\n\t\t<div id='gallery-1' class='gallery galleryid-20982 gallery-columns-2 gallery-size-large'><dl class='gallery-item'>\n\t\t\t<dt class='gallery-icon landscape'>\n\t\t\t\t<a href='https:\/\/www.pressroom.cloud\/en\/damiani-100x100-italiani-un-secolo-di-pietre-preziose-alle-gallerie-ditalia-di-milano\/screenshot-2024-04-22-at-17-45-15-2\/'><img loading=\"lazy\" decoding=\"async\" width=\"1024\" height=\"772\" src=\"https:\/\/www.pressroom.cloud\/wp-content\/uploads\/Screenshot-2024-04-22-at-17.45.15-1024x772.png\" class=\"attachment-large size-large\" alt=\"\" aria-describedby=\"gallery-1-20626\" srcset=\"https:\/\/www.pressroom.cloud\/wp-content\/uploads\/Screenshot-2024-04-22-at-17.45.15-1024x772.png 1024w, https:\/\/www.pressroom.cloud\/wp-content\/uploads\/Screenshot-2024-04-22-at-17.45.15-300x226.png 300w, https:\/\/www.pressroom.cloud\/wp-content\/uploads\/Screenshot-2024-04-22-at-17.45.15-768x579.png 768w, https:\/\/www.pressroom.cloud\/wp-content\/uploads\/Screenshot-2024-04-22-at-17.45.15.png 1306w\" sizes=\"auto, (max-width: 1024px) 100vw, 1024px\" \/><\/a>\n\t\t\t<\/dt>\n\t\t\t\t<dd class='wp-caption-text gallery-caption' id='gallery-1-20626'>\n\t\t\t\tShark \n\t\t\t\t<\/dd><\/dl><dl class='gallery-item'>\n\t\t\t<dt class='gallery-icon landscape'>\n\t\t\t\t<a href='https:\/\/www.pressroom.cloud\/en\/damiani-100x100-italiani-un-secolo-di-pietre-preziose-alle-gallerie-ditalia-di-milano\/screenshot-2024-04-22-at-17-44-44-2\/'><img loading=\"lazy\" decoding=\"async\" width=\"1024\" height=\"798\" src=\"https:\/\/www.pressroom.cloud\/wp-content\/uploads\/Screenshot-2024-04-22-at-17.44.44-1024x798.png\" class=\"attachment-large size-large\" alt=\"\" aria-describedby=\"gallery-1-20625\" srcset=\"https:\/\/www.pressroom.cloud\/wp-content\/uploads\/Screenshot-2024-04-22-at-17.44.44-1024x798.png 1024w, https:\/\/www.pressroom.cloud\/wp-content\/uploads\/Screenshot-2024-04-22-at-17.44.44-300x234.png 300w, https:\/\/www.pressroom.cloud\/wp-content\/uploads\/Screenshot-2024-04-22-at-17.44.44-768x598.png 768w, https:\/\/www.pressroom.cloud\/wp-content\/uploads\/Screenshot-2024-04-22-at-17.44.44.png 1114w\" sizes=\"auto, (max-width: 1024px) 100vw, 1024px\" \/><\/a>\n\t\t\t<\/dt>\n\t\t\t\t<dd class='wp-caption-text gallery-caption' id='gallery-1-20625'>\n\t\t\t\tBloody Mary\n\t\t\t\t<\/dd><\/dl><br style=\"clear: both\" \/>\n\t\t<\/div>\n\n<p class=\"xmprfx_MsoNormal\" style=\"text-align: justify;\">Una mostra che non celebra solamente il glorioso passato di Damiani ma rappresenta un chiaro segnale del suo impegno per il futuro, pronto a continuare il suo viaggio di successo e ispirazione nelle generazioni a venire, come ha racconta in varie occasioni Guido Grassi Damiani, \u00ab<b>L\u2019anniversario per il 100esimo compleanno rappresenta per noi un\u2019occasione per testimoniare l\u2019eterna vitalit\u00e0 di Damiani, che anno dopo anno si rinnova. Festeggeremo, certo, ma soprattutto penseremo al futuro. Siamo all\u2019attacco, stiamo facendo grandi investimenti<\/b>\u00bb. Lasciando cos\u00ec il visitatore curioso e impaziente di vedere quale sar\u00e0 la prossima collezione, il prossimo pezzo che far\u00e0 la storia.<\/p>\n<p>&nbsp;<\/p>\n","protected":false},"excerpt":{"rendered":"<p>Pochi nomi evocano un senso di\u00a0continuit\u00e0,\u00a0artigianato e innovazione come Damiani. La\u00a0maison, da sempre orgogliosamente\u00a0a\u00a0Valenza,\u00a0quest\u2019anno\u00a0festeggia il suo centenario con una mostra straordinaria presso le Gallerie d&#8217;Italia di Milano. Curata da Alba Cappellieri,\u00a0ordinaria in Design del Gioiello al Politecnico di Milano, e realizzata in collaborazione con Intesa&#8230;<\/p>\n","protected":false},"author":23,"featured_media":20627,"comment_status":"open","ping_status":"open","sticky":false,"template":"","format":"standard","meta":{"footnotes":""},"categories":[4367,1,4395],"tags":[4486,4487,4488,4364],"class_list":["post-20982","post","type-post","status-publish","format-standard","has-post-thumbnail","hentry","category-lifestyle-en","category-magazine-en","category-sapori-e-passioni-en","tag-damiani-en","tag-gallerie-ditalia-en","tag-gioielli-en","tag-milano-en"],"_links":{"self":[{"href":"https:\/\/www.pressroom.cloud\/en\/wp-json\/wp\/v2\/posts\/20982","targetHints":{"allow":["GET"]}}],"collection":[{"href":"https:\/\/www.pressroom.cloud\/en\/wp-json\/wp\/v2\/posts"}],"about":[{"href":"https:\/\/www.pressroom.cloud\/en\/wp-json\/wp\/v2\/types\/post"}],"author":[{"embeddable":true,"href":"https:\/\/www.pressroom.cloud\/en\/wp-json\/wp\/v2\/users\/23"}],"replies":[{"embeddable":true,"href":"https:\/\/www.pressroom.cloud\/en\/wp-json\/wp\/v2\/comments?post=20982"}],"version-history":[{"count":1,"href":"https:\/\/www.pressroom.cloud\/en\/wp-json\/wp\/v2\/posts\/20982\/revisions"}],"predecessor-version":[{"id":21759,"href":"https:\/\/www.pressroom.cloud\/en\/wp-json\/wp\/v2\/posts\/20982\/revisions\/21759"}],"wp:featuredmedia":[{"embeddable":true,"href":"https:\/\/www.pressroom.cloud\/en\/wp-json\/wp\/v2\/media\/20627"}],"wp:attachment":[{"href":"https:\/\/www.pressroom.cloud\/en\/wp-json\/wp\/v2\/media?parent=20982"}],"wp:term":[{"taxonomy":"category","embeddable":true,"href":"https:\/\/www.pressroom.cloud\/en\/wp-json\/wp\/v2\/categories?post=20982"},{"taxonomy":"post_tag","embeddable":true,"href":"https:\/\/www.pressroom.cloud\/en\/wp-json\/wp\/v2\/tags?post=20982"}],"curies":[{"name":"wp","href":"https:\/\/api.w.org\/{rel}","templated":true}]}}