{"id":20991,"date":"2024-03-16T17:21:42","date_gmt":"2024-03-16T16:21:42","guid":{"rendered":"https:\/\/www.pressroom.cloud\/tutto-su-bruno-munari-la-mostra-alla-fondazione-magnani-rocca\/"},"modified":"2025-03-26T17:15:45","modified_gmt":"2025-03-26T16:15:45","slug":"tutto-su-bruno-munari-la-mostra-alla-fondazione-magnani-rocca","status":"publish","type":"post","link":"https:\/\/www.pressroom.cloud\/en\/tutto-su-bruno-munari-la-mostra-alla-fondazione-magnani-rocca\/","title":{"rendered":"Tutto su Bruno Munari. La mostra alla Fondazione Magnani-Rocca"},"content":{"rendered":"<p style=\"text-align: justify;\">Alla <strong>Fondazione Magnani-Rocca<\/strong> la pi\u00f9 grande mostra italiana su una delle pi\u00f9 iconiche figure del design e della comunicazione visiva del XX secolo \u2013 <strong>BRUNO MUNARI<\/strong> \u2013 realizzata dopo le memorabili esposizioni della Rotonda della Besana (2007) a Milano, e dell\u2019Ara Pacis (2008) a Roma. <strong>Dal 16 marzo al 30 giugno 2024.<\/strong><\/p>\n<p>Nella celebre Villa dei Capolavori, sede della Fondazione Magnani-Rocca a Mamiano di Traversetolo presso Parma, a pochi passi dalle sale che ospitano opere capitali di Tiziano, D\u00fcrer, Van Dyck, Goya, Canova, Renoir, Monet, C\u00e9zanne, de Chirico, Morandi, Burri e molti altri, dal 16 marzo al 30 giugno 2024 viene cos\u00ec celebrato uno dei pi\u00f9 grandi geni creativi del Novecento, l\u2019 \u2018inventore\u2019 Bruno Munari (Milano 1907-1998), definito da Pierre Restany il Leonardo e il Peter Pan del design italiano.<\/p>\n<div style=\"width: 1191px\" class=\"wp-caption aligncenter\"><img loading=\"lazy\" decoding=\"async\" src=\"https:\/\/www.artribune.com\/wp-content\/uploads\/2024\/03\/Bruno-Munari-Buccia-di-Eva-1929-1930-tempera-su-tela-80-x-205-cm-%C2%A9-Bruno-Munari.-Tutti-i-diritti-riservati-alla-Maurizio-Corraini-s.r.l.jpg\" alt=\"Bruno Munari, Buccia di Eva, 1929 1930, tempera su tela, 80 x 205 cm \u00a9 Bruno Munari. Tutti i diritti riservati alla Maurizio Corraini s.r.l.\" width=\"1181\" height=\"472\" \/><p class=\"wp-caption-text\">Bruno Munari, Buccia di Eva, 1929 1930<\/p><\/div>\n<p style=\"text-align: justify;\">Nella mostra sono concentrati settant\u2019anni di idee e di lavori \u2013 Munari aveva iniziato la propria attivit\u00e0 durante il cosiddetto Secondo Futurismo, attorno al 1927 \u2013 in tutti campi della creativit\u00e0, dall\u2019arte al design, dalla grafica alla pedagogia: proprio per la difficolt\u00e0 di dirimere chiaramente i territori linguistici da lui affrontati nel corso del tempo, la rassegna non sar\u00e0 suddivisa per tipologie o per cronologia, ma per attitudini e concetti, in modo da poter mostrare i collegamenti e le relazioni progettuali tra oggetti anche apparentemente molto diversi l\u2019uno dall\u2019altro.<\/p>\n<p>Grafica, oggetti, opere d\u2019arte, TUTTO risponde a un metodo progettuale che si va precisando con gli anni, con i grandi corsi nelle universit\u00e0 americane e con il progetto pi\u00f9 ambizioso, che \u00e8 quello dei laboratori per stimolare la creativit\u00e0 infantile, che dal 1977 sono tuttora all\u2019avanguardia nella didattica dell\u2019et\u00e0 prescolare e della prima et\u00e0 scolare.<\/p>\n<div style=\"width: 1191px\" class=\"wp-caption aligncenter\"><img loading=\"lazy\" decoding=\"async\" src=\"https:\/\/www.artribune.com\/wp-content\/uploads\/2024\/03\/Bruno-Munari-Anche-la-cornice-1935-1986-acrilico-su-tavola.-Casaperlarte-Fondazione-Paolo-Minoli-Cantu-%C2%A9-Bruno-Munari.-Tutti-i-diritti-riservati-alla-Maurizio-Corraini-s.r.l.jpg\" alt=\"Bruno-Munari-Anche-la-cornice-1935-1986-acrilico-su-tavola.-Casaperlarte-Fondazione-Paolo-Minoli-Cantu-\u00a9-Bruno-Munari.-Tutti-i-diritti-riservati-alla-Maurizio-Corraini-s.r.l\" width=\"1181\" height=\"1203\" \/><p class=\"wp-caption-text\">Bruno Munari, Anche la cornice, 1935-1986<\/p><\/div>\n<p style=\"text-align: justify;\">Il lavoro di Munari negli ultimi anni \u00e8 stato oggetto di una rinnovata attenzione, finalmente anche in campo internazionale, dopo i riconoscimenti ottenuti in vita, soprattutto in Paesi quali il Giappone, gli Stati Uniti, la Francia, la Svizzera e la Germania, oltre naturalmente all\u2019Italia.<\/p>\n<p>\u201cMunari \u2013 spiega Marco Meneguzzo insigne studioso munariano e curatore della mostra \u2013 \u00e8 una figura molto attuale nella societ\u00e0 liquida odierna, nella quale non ci sono limiti fra territori espressivi. \u00c8 un esempio di flessibilit\u00e0, di capacit\u00e0 di adattamento dell\u2019uomo all\u2019ambiente. Il suo metodo consiste nello scoprire il limite delle cose che ci circondano e di volerlo ogni volta superare\u201d.<\/p>\n<div style=\"width: 1191px\" class=\"wp-caption aligncenter\"><img loading=\"lazy\" decoding=\"async\" src=\"https:\/\/www.artribune.com\/wp-content\/uploads\/2024\/03\/Bruno-Munari-Autoritratto-1968-xerografia-su-carta.-Courtesy-kauffmann-repetto-Milan-New-York-%C2%A9-Bruno-Munari.-Tutti-i-diritti-riservati-alla-Maurizio-Corraini-s.r.l.jpg\" alt=\"Bruno Munari, Autoritratto, 1968, xerografia su carta. Courtesy kauffmann repetto, Milan New York \u00a9 Bruno Munari. Tutti i diritti riservati alla Maurizio Corraini s.r.l.\" width=\"1181\" height=\"805\" \/><p class=\"wp-caption-text\">Bruno Munari, Autoritratto, 1968<\/p><\/div>\n<p style=\"text-align: justify;\">Un ricco catalogo con un saggio del curatore Meneguzzo (insieme a Stefano Roffi, direttore scientifico della Fondazione Magnani-Rocca), con inediti contributi critici centrati su singoli \u201ccasi-studio\u201d dei pi\u00f9 importanti studiosi di Munari, oltre alla pubblicazione di tutte le circa 250 opere esposte, verr\u00e0 edito da Dario Cimorelli Editore.<\/p>\n","protected":false},"excerpt":{"rendered":"<p>Alla Fondazione Magnani-Rocca la pi\u00f9 grande mostra italiana su una delle pi\u00f9 iconiche figure del design e della comunicazione visiva del XX secolo \u2013 BRUNO MUNARI \u2013 realizzata dopo le memorabili esposizioni della Rotonda della Besana (2007) a Milano, e dell\u2019Ara Pacis (2008) a Roma&#8230;.<\/p>\n","protected":false},"author":3,"featured_media":20576,"comment_status":"open","ping_status":"open","sticky":false,"template":"","format":"standard","meta":{"footnotes":""},"categories":[4356,4366,1,4358],"tags":[4490,4502,4420,4422],"class_list":["post-20991","post","type-post","status-publish","format-standard","has-post-thumbnail","hentry","category-art","category-cultura-en","category-magazine-en","category-newsroom-en","tag-arte-moderna-en","tag-bruno-munari-en","tag-fondazione-magnani-rocca-en","tag-parma-en"],"_links":{"self":[{"href":"https:\/\/www.pressroom.cloud\/en\/wp-json\/wp\/v2\/posts\/20991","targetHints":{"allow":["GET"]}}],"collection":[{"href":"https:\/\/www.pressroom.cloud\/en\/wp-json\/wp\/v2\/posts"}],"about":[{"href":"https:\/\/www.pressroom.cloud\/en\/wp-json\/wp\/v2\/types\/post"}],"author":[{"embeddable":true,"href":"https:\/\/www.pressroom.cloud\/en\/wp-json\/wp\/v2\/users\/3"}],"replies":[{"embeddable":true,"href":"https:\/\/www.pressroom.cloud\/en\/wp-json\/wp\/v2\/comments?post=20991"}],"version-history":[{"count":1,"href":"https:\/\/www.pressroom.cloud\/en\/wp-json\/wp\/v2\/posts\/20991\/revisions"}],"predecessor-version":[{"id":21771,"href":"https:\/\/www.pressroom.cloud\/en\/wp-json\/wp\/v2\/posts\/20991\/revisions\/21771"}],"wp:featuredmedia":[{"embeddable":true,"href":"https:\/\/www.pressroom.cloud\/en\/wp-json\/wp\/v2\/media\/20576"}],"wp:attachment":[{"href":"https:\/\/www.pressroom.cloud\/en\/wp-json\/wp\/v2\/media?parent=20991"}],"wp:term":[{"taxonomy":"category","embeddable":true,"href":"https:\/\/www.pressroom.cloud\/en\/wp-json\/wp\/v2\/categories?post=20991"},{"taxonomy":"post_tag","embeddable":true,"href":"https:\/\/www.pressroom.cloud\/en\/wp-json\/wp\/v2\/tags?post=20991"}],"curies":[{"name":"wp","href":"https:\/\/api.w.org\/{rel}","templated":true}]}}