{"id":20993,"date":"2024-03-11T10:25:14","date_gmt":"2024-03-11T09:25:14","guid":{"rendered":"https:\/\/www.pressroom.cloud\/premio-arte-sostantivo-femminile-2024\/"},"modified":"2025-03-26T17:15:46","modified_gmt":"2025-03-26T16:15:46","slug":"premio-arte-sostantivo-femminile-2024","status":"publish","type":"post","link":"https:\/\/www.pressroom.cloud\/en\/premio-arte-sostantivo-femminile-2024\/","title":{"rendered":"Premio Arte: Sostantivo Femminile 2024"},"content":{"rendered":"<p class=\"xmprfx_MsoNormal\" style=\"text-align: justify;\" align=\"center\">Torna per la sua 16ma edizione il <b><i>Premio Arte: Sostantivo Femminile<\/i><\/b>, il riconoscimento ideato dall\u2019Associazione A3M \u2013 Amici dell\u2019Arte Moderna a Valle Giulia, mecenati della Galleria Nazionale, che celebra l\u2019impegno delle donne nel plasmare il panorama culturale, artistico e imprenditoriale nazionale e internazionale.<\/p>\n<p class=\"xmprfx_MsoNormal\" style=\"text-align: justify;\">La cerimonia di premiazione si terr\u00e0\u00a0<u>luned\u00ec 11 marzo alle ore 18:00, presso il Salone delle Colonne della Galleria d\u2019Arte Moderna<\/u>, e sar\u00e0 condotta dalla giornalista\u00a0<b>Roberta Petronio<\/b>.<\/p>\n<p class=\"xmprfx_MsoNormal\" style=\"text-align: justify;\">Un riconoscimento importante che per la prima volta vedr\u00e0 nove assegnazioni, e non otto come di consuetudine, per offrire un ulteriore plauso al lavoro straordinario di donne che sono riuscite ad emergere in una societ\u00e0 in cui la parit\u00e0 di genere non \u00e8 ancora raggiunta e con l\u2019obiettivo di ispirare le nuove generazioni a perseguire i propri obiettivi e a realizzare a pieno il proprio potenziale.<\/p>\n<p class=\"xmprfx_MsoNormal\" style=\"text-align: justify;\">\u00ab<i>L\u2019arte ha il potere unico di riuscire a celebrare ed esprimere il concetto di diversit\u00e0 in molteplici modi<\/i>\u00a0\u2013 ha commentato la presidente dell\u2019Associazione A3M\u00a0<b>Maddalena Santeroni\u00a0<\/b>\u2013\u00a0<i>attraverso infinite possibilit\u00e0 di forme e narrazioni. Attribuire ogni anno, proprio nel nome dell\u2019arte, questo Premio a donne che, grazie alla loro unicit\u00e0, si sono distinte in settori cos\u00ec diversi fra loro, significa per noi non solo premiarne il talento e l\u2019impegno, ma anche contribuire a difendere i valori della diversit\u00e0 e dell\u2019inclusione in una societ\u00e0 che ci vorrebbe sempre pi\u00f9 omologati, ma senza riconoscere a tutte e tutti eguali diritti<\/i>\u00bb.<\/p>\n<p class=\"xmprfx_MsoNormal\" style=\"text-align: justify;\"><b> <img decoding=\"async\" src=\"https:\/\/lazioeventi.com\/wp-content\/uploads\/2024\/03\/invito-Premio-Arte-Sostantivo-Femminile-2024.jpeg\" alt=\"Premio Arte: Sostantivo Femminile 2024\" \/><\/b><\/p>\n<p class=\"xmprfx_MsoNormal\" style=\"text-align: justify;\"><span style=\"font-size: 14pt;\"><b>Le premiate dell\u2019edizione 2024<\/b><\/span><\/p>\n<p class=\"xmprfx_MsoNormal\" style=\"text-align: justify;\">A ricevere il Premio \u201cArte: Sostantivo Femminile\u201d 2024, sar\u00e0 la fumettista\u00a0<b>Bianca Bagnarelli<\/b>,<b>\u00a0<\/b>insignita della medaglia d\u2019oro dalla Society of Illustrators nella categoria \u201cshort form\u201d durante la Comic and Cartoon Art<b>\u00a0<\/b>Competition, e le cui illustrazioni sono frequenti sulle pagine del\u00a0<i>New York Times<\/i>\u00a0e del\u00a0<i>New Yorker.<\/i><\/p>\n<p class=\"xmprfx_MsoNormal\" style=\"text-align: justify;\">Sar\u00e0 \u201cSignora dell\u2019Arte\u201d 2024 anche\u00a0<b>Monica Biagiotti<\/b>, Executive Vice President, Global Consumer Marketing and Sponsorships di Mastercard, attualmente\u00a0responsabile delle attivit\u00e0 di brand e delle campagne pubblicitarie Priceless e alla guida della strategia di engagement dei consumatori in tutto il mondo.<\/p>\n<p class=\"xmprfx_MsoNormal\" style=\"text-align: justify;\">L\u2019importante riconoscimento andr\u00e0 inoltre al soprano lirico e Cavaliere della Repubblica\u00a0<b>Eleonora Buratto<\/b>, nota per la sua versatilit\u00e0 vocale, la tecnica impeccabile e la presenza scenica magnetica grazie alle quali ha conquistato il pubblico nei pi\u00f9 prestigiosi teatri d\u2019opera del mondo.<\/p>\n<p class=\"xmprfx_MsoNormal\" style=\"text-align: justify;\">Il Premio verr\u00e0 consegnato anche alla Presidente del Museo Egizio<b>\u00a0Evelina Christillin<\/b>, con una lunga carriera non solo nella cultura ma anche nello sport, tanto da essere stata la prima donna in Italia dirigente sportivo con delega speciale alle Olimpiadi.<\/p>\n<p class=\"xmprfx_MsoNormal\" style=\"text-align: justify;\">Ad essere premiata sar\u00e0 poi\u00a0<b>Teresa Ciabatti<\/b>, scrittrice e sceneggiatrice italiana, autrice noti romanzi tra i quali\u00a0<i>La pi\u00f9 amata<\/i>\u00a0(Mondadori), con il quale \u00e8 stata finalista al Premio Strega 2017,\u00a0e\u00a0<i>Sembrava bellezza\u00a0<\/i>(Mondadori), finalista al Premio Strega 2021.<\/p>\n<p class=\"xmprfx_MsoNormal\" style=\"text-align: justify;\">Ricever\u00e0 il riconoscimento di \u201cSignora dell\u2019Arte\u201d 2024 anche la Presidente e CEO del gruppo Artemide<b>\u00a0Carlotta de Bevilacqua,\u00a0<\/b>imprenditrice e designer, considerata una delle principali protagoniste della progettualit\u00e0 e della visione imprenditoriale contemporanea.<b><\/b><\/p>\n<p class=\"xmprfx_MsoNormal\" style=\"text-align: justify;\">Verr\u00e0 premiata anche la linguista\u00a0<b>Valeria Della Valle<\/b>, Accademica corrispondente della Crusca e socia ordinaria dell\u2019Arcadia, nonch\u00e9 membro Comitato direttivo della Fondazione Bellonci e del Consiglio Direttivo dell\u2019Istituto della Enciclopedia Italiana Treccani.<\/p>\n<p class=\"xmprfx_MsoNormal\" style=\"text-align: justify;\">Per la 16ma edizione del \u201cPremio Arte: Sostantivo Femminile\u201d verr\u00e0 inoltre premiata l\u2019artista e pittrice\u00a0<b>Francesca Leone<\/b>, selezionata nel 2023 dal Museo Maxxi di Roma, su incarico del MiC, per rappresentare l\u2019Italia al Bihar Museum di Patna in occasione del G20 nel progetto\u00a0<i>Together We Art<\/i>.<\/p>\n<p class=\"xmprfx_MsoNormal\" style=\"text-align: justify;\">Premiata, infine,\u00a0<b>Francesca Pennini<\/b>, coreografa, regista e danzatrice, fondatrice e direttrice artistica di CollettivO CineticO, per il quale ha firmato oltre 60 creazioni, creando spettacoli anche per il Balletto di Roma e la compagnia Nazionale di Malta.<\/p>\n","protected":false},"excerpt":{"rendered":"<p>Torna per la sua 16ma edizione il Premio Arte: Sostantivo Femminile, il riconoscimento ideato dall\u2019Associazione A3M \u2013 Amici dell\u2019Arte Moderna a Valle Giulia, mecenati della Galleria Nazionale, che celebra l\u2019impegno delle donne nel plasmare il panorama culturale, artistico e imprenditoriale nazionale e internazionale. La cerimonia&#8230;<\/p>\n","protected":false},"author":3,"featured_media":20574,"comment_status":"open","ping_status":"open","sticky":false,"template":"","format":"standard","meta":{"footnotes":""},"categories":[4367,1,4358],"tags":[],"class_list":["post-20993","post","type-post","status-publish","format-standard","has-post-thumbnail","hentry","category-lifestyle-en","category-magazine-en","category-newsroom-en"],"_links":{"self":[{"href":"https:\/\/www.pressroom.cloud\/en\/wp-json\/wp\/v2\/posts\/20993","targetHints":{"allow":["GET"]}}],"collection":[{"href":"https:\/\/www.pressroom.cloud\/en\/wp-json\/wp\/v2\/posts"}],"about":[{"href":"https:\/\/www.pressroom.cloud\/en\/wp-json\/wp\/v2\/types\/post"}],"author":[{"embeddable":true,"href":"https:\/\/www.pressroom.cloud\/en\/wp-json\/wp\/v2\/users\/3"}],"replies":[{"embeddable":true,"href":"https:\/\/www.pressroom.cloud\/en\/wp-json\/wp\/v2\/comments?post=20993"}],"version-history":[{"count":1,"href":"https:\/\/www.pressroom.cloud\/en\/wp-json\/wp\/v2\/posts\/20993\/revisions"}],"predecessor-version":[{"id":21773,"href":"https:\/\/www.pressroom.cloud\/en\/wp-json\/wp\/v2\/posts\/20993\/revisions\/21773"}],"wp:featuredmedia":[{"embeddable":true,"href":"https:\/\/www.pressroom.cloud\/en\/wp-json\/wp\/v2\/media\/20574"}],"wp:attachment":[{"href":"https:\/\/www.pressroom.cloud\/en\/wp-json\/wp\/v2\/media?parent=20993"}],"wp:term":[{"taxonomy":"category","embeddable":true,"href":"https:\/\/www.pressroom.cloud\/en\/wp-json\/wp\/v2\/categories?post=20993"},{"taxonomy":"post_tag","embeddable":true,"href":"https:\/\/www.pressroom.cloud\/en\/wp-json\/wp\/v2\/tags?post=20993"}],"curies":[{"name":"wp","href":"https:\/\/api.w.org\/{rel}","templated":true}]}}