{"id":21038,"date":"2023-08-15T09:38:47","date_gmt":"2023-08-15T08:38:47","guid":{"rendered":"https:\/\/www.pressroom.cloud\/italia-autentica-ferragosto-al-museo\/"},"modified":"2025-03-26T17:16:09","modified_gmt":"2025-03-26T16:16:09","slug":"italia-autentica-ferragosto-al-museo","status":"publish","type":"post","link":"https:\/\/www.pressroom.cloud\/en\/italia-autentica-ferragosto-al-museo\/","title":{"rendered":"Italia Autentica. (Ferr)Agosto al museo"},"content":{"rendered":"<div class=\"application-pane\">\n<div class=\"main-pane\">\n<div id=\"application-stack\" class=\"dijitContainer dijitStackContainer dijitLayoutContainer\" dir=\"ltr\" role=\"tabpanel\">\n<div id=\"webmail-page\" class=\"main-page dijitContentPane dijitStackContainer-child dijitStackContainer-dijitContentPane dijitVisible menu-not-pinned is-next\" role=\"group\">\n<div class=\"main-page-center-pane\">\n<div class=\"main-page-pane-with-toolbar\">\n<div class=\"main-content\">\n<div id=\"uiLogic_util_StackContainer_0\" class=\"content-stack-container dijitContainer dijitStackContainer dijitLayoutContainer leading-active componentVisible\" dir=\"ltr\" role=\"tabpanel\">\n<div id=\"uiLogic_webmail_WebmailFoldersManager_0\" class=\"webmailfoldersmanager messages-compose-compofeedback-stack dijitContainer dijitStackContainer dijitLayoutContainer dijitStackContainer-child dijitStackContainer-dijitStackContainer dijitVisible componentVisible\" dir=\"ltr\" role=\"tabpanel\">\n<div id=\"dijit_layout_BorderContainer_0\" class=\"trailing-1 messages-container dijitContainer dijitBorderContainer dijitStackContainer-child dijitStackContainer-dijitBorderContainer dijitVisible center-active componentVisible trailing-active\" dir=\"ltr\" lang=\"\">\n<div id=\"dijit_layout_ContentPane_0\" class=\"dijitContentPane dijitBorderContainer-child dijitBorderContainer-dijitContentPane dijitBorderContainerPane dijitContentPaneSingleChild\" dir=\"ltr\" lang=\"\" role=\"group\">\n<div id=\"xandmail_widget_layout_RelativeBorderContainer_0\" class=\"dijitContainer dijitBorderContainer\" dir=\"ltr\" lang=\"\">\n<div id=\"dijit_layout_StackContainer_0\" class=\"dijitContainer dijitStackContainer dijitLayoutContainer dijitBorderContainer-child dijitBorderContainer-dijitStackContainer dijitBorderContainerPane\" dir=\"ltr\" lang=\"\" role=\"tabpanel\">\n<div id=\"dijit_layout_ContentPane_4\" class=\"component-page item-view webmail-view trailing-1 webmail-view-page dijitContentPane dijitStackContainer-child dijitStackContainer-dijitContentPane dijitVisible dijitContentPaneSingleChild\" dir=\"ltr\" lang=\"\" role=\"group\">\n<div id=\"dijit_layout_BorderContainer_4\" class=\"message dijitContainer dijitBorderContainer\" dir=\"ltr\">\n<div id=\"dijit_layout_ContentPane_15\" class=\"content dijitContentPane dijitBorderContainer-child dijitBorderContainer-dijitContentPane dijitBorderContainerPane\" dir=\"ltr\" role=\"group\">\n<div class=\"message-section\">\n<div class=\"content-message\">\n<div class=\"text msg-view-text\" role=\"text\">\n<div class=\"msg-view-text-cnt\">\n<div class=\"xam_msg_class\">\n<div dir=\"ltr\">\n<div data-signature-id=\"1\">\n<div class=\"xam_msg_class\">\n<div class=\"xam_msg_class\">\n<div class=\"xam_msg_class\">\n<p class=\"xmprfx_MsoNormal\" style=\"text-align: justify;\"><span lang=\"IT\">Diciamocela tutta, per chi non va in vacanza,\u00a0<b>agosto \u00e8 un mese strano<\/b>. Gli italiani scappano dalle citt\u00e0 verso mete turistiche in cerca di relax, la luce si accorcia e le ombre si allungano in preparazione della nuova stagione. Poi c\u2019\u00e8 Ferragosto con le sue tradizionali mangiate, le scampagnate in montagna, i bagni e i fal\u00f2 in spiaggia che sembrano accendere l\u2019ultima scintilla dell\u2019estate.<\/span><\/p>\n<\/div>\n<\/div>\n<\/div>\n<\/div>\n<\/div>\n<div dir=\"ltr\">\n<div data-signature-id=\"1\">\n<div class=\"xam_msg_class\">\n<div class=\"xam_msg_class\">\n<div class=\"xam_msg_class\">\n<p class=\"xmprfx_MsoNormal\" style=\"text-align: justify;\"><span lang=\"IT\">Il termine Ferragosto deriva dal latino\u00a0<i>Feriae Auguste<\/i>, che vuol dire &#8220;riposo di Augusto&#8221;, e la festa veniva in origine celebrata il 1\u00b0 agosto. E fino a non molti decenni fa, gli operai lasciavano il lavoro in tale giorno e si recavano in comitiva dal padrone per fargli gli auguri, ricevendo in ricambio o un regalo o delle mance. La festa fu poi trasportata dalla Chiesa cattolica al giorno 15 del mese, in coincidenza col giorno dell\u2019<\/span>Assunzione<span lang=\"IT\">.\u00a0<\/span><span lang=\"IT\">Ma sto divagando,<b>\u00a0torniamo al 2023 e in particolare all\u2019Italia che sembra essere in crisi<\/b>.\u00a0<\/span>S<span lang=\"IT\">\u00ec, perch\u00e9 se\u00a0<\/span>un tempo il ponte dell\u2019Estate era una certezza,\u00a0oggi le partenze sono in calo e\u00a0<span lang=\"IT\"><b>sono gli stranieri a salvare il turismo<\/b>. Lo riporta il Corriere della Sera \u2013 Economia:\u00a0<\/span>\u00ab<span lang=\"IT\">L\u2019analisi prevede nel complesso 15 milioni di presenze, un milione di presenze in pi\u00f9 rispetto allo scorso anno, segnando un +15% nei confronti del 2019. Diverso il discorso per i turisti domestici che a causa del carovita ridurranno la media della loro pausa\u00bb.<\/span><\/p>\n<p class=\"xmprfx_MsoNormal\" style=\"text-align: justify;\"><span lang=\"IT\">Che la tradizione agostana stia cambiando? Non che rimanere a casa sia poi cos\u00ec terribile! Ormai va di moda anche quello, tant&#8217;\u00e8 vero che gli americani hanno coniato un termine speciale per descriverlo, la\u00a0<i>staycation\u00a0<\/i>(stay+vacation): u<\/span>n\u00a0neologismo\u00a0nato con la\u00a0crisieconomica\u00a0del decennio scorso e\u00a0<span lang=\"IT\">diffusosi\u00a0<\/span>molto rapidamente\u00a0<span lang=\"IT\">oltreoceano. Io preferisco parlare di turismo regionale o locale, ma a ciascuno il suo. Insomma, t<\/span><span lang=\"IT\">utto questo era solo per ricordarvi che le nostre citt\u00e0, grandi e piccole, si sono date da fare e che sono pronte a soddisfare\u2013 con proposte vastissime &#8211; ogni nostra curiosit\u00e0 culturale. A\u00a0<b>Milano<\/b>, per esempio, sono\u00a0<b>aperti al pubblico tutti i Musei civici<\/b>, dal Castello Sforzesco al Museo del Novecento. In\u00a0<\/span><strong>Emilia Romagna<\/strong>,\u00a0<span lang=\"IT\">grazie\u00a0<\/span>all\u2019iniziativa\u00a0<strong>Ferragosto al Museo<\/strong>, anche quest\u2019anno sono previste aperture straordinarie di dimore, giardini e aree archeologiche in regione.\u00a0<span lang=\"IT\"><b>Aperti anche i principali musei di Napoli e della Campania<\/b>\u00a0con biglietto ordinario e orari normali. E a<b>\u00a0Napoli a Ferragosto si entra gratis alla Gallerie d\u2019Italia<\/b>\u00a0di via Toledo. Mentre\u00a0<b>Roma<\/b>\u00a0\u00e8\u00a0<b>pronta ad accogliere molti turisti<\/b>\u00a0che come ogni anno approfittano della festivit\u00e0 per visitare i Musei Vaticani, il Colosseo, il Foro Romano e gli altri \u00a0luoghi iconici della citt\u00e0.<\/span><\/p>\n<p class=\"xmprfx_MsoNormal\" style=\"text-align: justify;\"><span lang=\"IT\">Ma, se avete voglia di qualcosa di alternativo, ecco una selezione di eventi da non perdere.<\/span><\/p>\n<p class=\"xmprfx_MsoNormal\" style=\"text-align: justify;\"><span style=\"font-size: 14pt;\"><strong><span lang=\"IT\"><br \/>\nLE<\/span>\u00a0METAMORFOSI DI MATISSE<br \/>\n<\/strong><\/span>Per la prima volta in Italia, il Museo MAN dedica oggi una mostra alla scultura di Henri Matisse. Il progetto espositivo, a cura di Chiara Gatti, rilegge e adatta agli spazi del museo sardo, il concept inedito e complesso della mostra Matisse M\u00e9tamorphoses organizzata nel 2019 dalla Kunsthaus di Zurigo e dal Museo Matisse di Nizza. Un progetto destinato a ripensare Matisse, a riconsiderare il ruolo della sua opera nel panorama dell&#8217;arte della prima met\u00e0 del XX secolo, alla luce di una pi\u00f9 ampia ricerca estetica che vede proprio nella scultura il veicolo per nuove e rivoluzionarie soluzioni formali. In questo affondo necessario, emerge come sia stata in particolare la figura umana il tema principe della sua tensione verso la sintesi. Dall&#8217;indagine sul corpo, la postura, il gesto o la fisionomia, Matisse ha sviluppato un percorso di riduzione geometrica dell&#8217;immagine che lo ha portato verso un&#8217;astrazione ai limiti del radicale.<\/p>\n<p class=\"xmprfx_MsoNormal\" style=\"text-align: justify;\"><b><br \/>\nMAN Museo d&#8217;arte della Provincia di Nuoro<br \/>\n<\/b>14 luglio &#8211; 12 novembre 2023<br \/>\nOrari: 10-20 orario estivo; 10-19 orario invernale. Luned\u00ec chiuso<br \/>\n<span lang=\"IT\">Biglietto<\/span>:\u00a0<span lang=\"IT\">intero\u00a0<\/span>\u20ac\u00a05; ridotto\u00a0\u20ac\u00a03<\/p>\n<p><img decoding=\"async\" class=\"aligncenter\" src=\"https:\/\/img2.rtve.es\/v\/2512140?w=1600&amp;preview=1397573168051.jpg\" alt=\"Dibujando con tijeras: la Modern Tate de Londres analiza la \u00faltima etapa de  Matisse - RTVE.es\" \/><\/p>\n<p>&nbsp;<\/p>\n<p class=\"xmprfx_MsoNormal\" style=\"text-align: justify;\"><span style=\"font-size: 14pt;\"><strong>ACCADDE IN VERSILIA. IL TEMPO DI PLINIO NOMELLINI, LORENZO VIANI, MOSES LEVY<br \/>\n<\/strong><\/span><span lang=\"IT\">P<\/span>rodotta dalla Societ\u00e0 di Belle Arti con il Comune di Forte dei Marmi e Fondazione Villa Bertelli, propone, al Forte Leopoldo, la lettura in punta di pennello di quel magico momento che la Versilia visse a cavallo tra \u2018800 e \u2018900. Quando il paesaggio incredibilmente armonioso, il clima e le acque calamitarono qui il beau monde europeo e non solo. Personalit\u00e0 attratte dai bagni, certo, ma anche dall\u2019ambiente culturale creato da chi \u201cin stagione\u201d qui si dava appuntamento, improvvisando cenacoli artistici, letterari e musicali.<br \/>\nVilleggianti insieme a marinai, contadini, cavatori: mondi diversissimi, spesso solo tangenti. Affascinanti, non meno del paesaggio, agli occhi degli artisti italiani e stranieri che si fecero stregare dalla Versilia: da Puccinelli a Fontanesi, Signorini, Cabianca, Viner, Lear, Vedder, Skovgaard, Poingdestre, tra i molti.<\/p>\n<p class=\"xmprfx_MsoNormal\" style=\"text-align: justify;\"><b>Fortino Leopoldo I<\/b><b><span lang=\"IT\">, Forte dei Marmi<\/span><\/b><br \/>\n17 giugno\u00a0<span lang=\"IT\">&#8211;<\/span>\u00a05 novembre<span lang=\"IT\">\u00a02023<br \/>\n<\/span>Orari<span lang=\"IT\">:<br \/>\n<\/span>17 giugno-10 settembre:tutti i giorni 17-23 \/ mer 10-13<br \/>\n11 settembre-5 novembre:\u00a0mer 10-13 \/ ven, sab e dom 10-13 \/ 16-19.30<br \/>\n<span lang=\"IT\">Biglietto:\u00a0<\/span>intero \u20ac 8<span lang=\"IT\">;\u00a0<\/span>ridotto \u20ac 6<\/p>\n<p><img loading=\"lazy\" decoding=\"async\" class=\"aligncenter\" src=\"https:\/\/www.arte.it\/foto\/600x450\/9e\/138509-Levy-M_-Maschere_-Pierrot_.jpg\" alt=\"Accadde in Versilia. Il tempo di Plinio Nomellini, Lorenzo Viani, Moses Levy  - Mostra - Forte dei Marmi - Forte Lepoldo I - Arte.it\" width=\"946\" height=\"709\" \/><\/p>\n<p style=\"text-align: justify;\"><span style=\"font-size: 14pt;\"><strong>LINO TAGLIAPIETRA. L\u2019ORIGINE DEL VIAGGIO<\/strong><\/span><br \/>\nLa mostra intende rendere omaggio a un artista viaggiatore, sperimentatore, alla costante ricerca di stimoli da trasferire nelle sue opere, tra l\u2019indagine appassionata, il perfezionamento tecnico e la sublimazione della bellezza del vetro.\u00a0Nato a Venezia nel 1934, Tagliapietra lavora con il vetro sin da quando divenne un apprendista gi\u00e0 all\u2019et\u00e0 di undici anni. Sin da giovane si \u00e8 distinto come un talento unico a Murano, guadagnandosi il titolo di maestro, padroneggiando l\u2019arte del vetro soffiato, a soli ventun anni. Il suo prolifico talento nell\u2019isola del vetro nella laguna veneziana, assieme ad una curiosit\u00e0 incessante, lo porta presto a viaggiare molto, tanto che nel 1979 va in America e visita per la prima volta Seattle. Fu qui che introdusse gli studenti della Pilchuck School alle tradizioni della soffiatura del vetro veneziano, cementando cos\u00ec il suo nome nella storia della tradizione americana della soffiatura del vetro. Attraverso i suoi insegnamenti, Tagliapietra ha cambiato irrevocabilmente l\u2019uso del vetro in America, stabilendo un nuovo futuro per questo mezzo, infuso con la conoscenza e l\u2019abilit\u00e0 della tradizione italiana interpretata attraverso una nuova vibrante energia. Oggi questo viaggio fatto di creativit\u00e0, colore e abilit\u00e0 realizzativa trova una nuova sede temporanea nelle rinnovate sale del Museo Ca\u2019 Rezzonico di Venezia.<\/p>\n<p><strong>Museo del Settecento Veneziano<\/strong><span lang=\"IT\"><strong>, Venezia<\/strong><br \/>\n<\/span><span lang=\"IT\">Orari:\u00a0<\/span>10<span lang=\"IT\">&#8211;<\/span>18<span lang=\"IT\">. Marted\u00ec chiuso<br \/>\n<\/span><span lang=\"IT\">Biglietto:\u00a0<\/span>Intero \u20ac\u00a010<span lang=\"IT\">; r<\/span>idotto \u20ac 7,50<\/p>\n<p><img loading=\"lazy\" decoding=\"async\" class=\"aligncenter\" src=\"https:\/\/www.arte.it\/foto\/600x450\/f1\/141881-RLB3120-8-bit-print-copia.jpg\" alt=\"Lino Tagliapietra. L'origine del viaggio - Mostra - Venezia - Ca' Rezzonico  - Museo del Settecento Veneziano - Arte.it\" width=\"924\" height=\"693\" \/><\/p>\n<p class=\"xmprfx_MsoNormal\" style=\"text-align: justify;\"><span style=\"font-size: 14pt;\"><strong><br \/>\nAGOSTINO ARRIVABENE. THESAUROS<\/strong><\/span><br \/>\nLa Fondazione Ferrara Arte e il Servizio Musei d\u2019Arte del Comune di Ferrara presentano una mostra antologica dedicata ad Agostino Arrivabene, che raccoglie quaranta opere fra dipinti e oggetti di mirabilia realizzate dal 1985 a oggi. Nei dipinti, eseguiti con tecniche tradizionali e materiali preziosi, si colgono gli echi dei maestri antichi (Van Eyck, Leonardo, Michelangelo, D\u00fcrer, Rembrandt) che lo hanno guidato nella ricerca di una personalissima figurazione connotata da una forte carica visionaria e richiami simbolici ed esoterici.<\/p>\n<p class=\"xmprfx_MsoNormal\" style=\"text-align: justify;\">Artista colto e raffinato, dotato di una fantasia inesauribile, rinnova temi mitologici, sacri e letterari, sfrutta le potenzialit\u00e0 dell\u2019allegoria, scandaglia il mistero della natura, della vita terrena e di quella oltre la morte.<\/p>\n<p class=\"xmprfx_MsoNormal\" style=\"text-align: justify;\"><strong>Palazzo dei Diamanti<\/strong><span lang=\"IT\"><strong>, Ferrara<\/strong><br \/>\n<\/span>16 luglio\u00a0<span lang=\"IT\">\u2013 1 ottobre\u00a0<\/span>2023<br \/>\n<span lang=\"IT\">Orari: a<\/span>perta tutti i giorni dalle 11 alle 20<br \/>\n<img loading=\"lazy\" decoding=\"async\" class=\"aligncenter\" src=\"https:\/\/www.comune.fe.it\/attachments\/file\/view?hash=d86bb077a880bd55ccf653642c3a0a2a&amp;canCache=1\" alt=\"Comune di Ferrara | Agostino Arrivabene Thesauros\" width=\"958\" height=\"563\" \/><\/p>\n<p class=\"xmprfx_MsoNormal\" style=\"text-align: justify;\"><span style=\"font-size: 14pt;\"><strong>IMMERSIONI<\/strong><\/span><br \/>\nL\u2019evento espositivo, inaugurato il 4 agosto, \u00e8 incentrato sul concetto di \u201cimmersione\u201d che, posto in relazione e collegamento diretto con l\u2019opera di Pino Pascali, viene espresso dagli artisti coinvolti attraverso l\u2019approfondimento della dimensione naturale del mare e della terra, fili conduttori tematici poi esplicitati in lavori video e auto illuminati: \u201cNello spazio buio divenuto acquario lo spettatore \u00e8 un nuotatore, scioglie le tensioni e si immerge nell\u2019opera, lo sguardo si fa lento e meditativo. Immersione \u00e8 lettura e ascolto in profondit\u00e0, \u00e8 scossa, \u00e8 brivido\u201d (Anna D\u2019Elia).<\/p>\n<p><strong>Fondazione Pino Pascali<span lang=\"IT\">, Polignano a Mare (Bari)<br \/>\n<\/span><\/strong>4\u00a0<span lang=\"IT\">a<\/span>gosto\u00a0<span lang=\"IT\">&#8211;<\/span>\u00a024 settembre 2023<br \/>\n<span lang=\"IT\">Orari:\u00a0<\/span>dal mercoled\u00ec alla domenica 10\/13 \u2013 16\/20<br \/>\n<span lang=\"IT\">I<\/span>ngresso a pagamento<\/p>\n<p class=\"xmprfx_MsoNormal\" style=\"text-align: justify;\"><img decoding=\"async\" class=\"aligncenter\" src=\"https:\/\/hips.hearstapps.com\/hmg-prod\/images\/agnese-purgatorio-setaccio-il-mare1-64d60daad223b.jpg?resize=980:*\" alt=\"mostre agosto 2023\" \/><\/p>\n<p style=\"text-align: justify;\"><strong><span style=\"font-size: 14pt;\">FERDINANDO SCIANNA. TI RICORDO SICILIA<br \/>\n<\/span><\/strong>Una selezione di oltre 80 fotografie stampate in diversi formati che attraversa l\u2019intera carriera del grande fotografo siciliano e si sviluppa lungo un articolato percorso narrativo, costruito su diversi capitoli e varie modalit\u00e0 di allestimento in bianco e nero per evidenziare lo stretto legame che lo unisce alla sua terra d\u2019origine. Ti ricordo, Sicilia, \u00e8 un vero e proprio viaggio che permette al visitatore, attraverso soggetti, immagini, luoghi, riti, festivit\u00e0 ed usanze, di conoscere ed esplorare la terra tanto cara al fotografo.<\/p>\n<p class=\"xmprfx_mostra-cnt-par\" style=\"text-align: justify;\"><strong>Museo Civico di Castello Ursino<\/strong><span lang=\"IT\"><strong>, Catania<\/strong><br \/>\n23 giugno \u2013 20 ottobre 2023<br \/>\n<\/span><span lang=\"IT\">Orari:\u00a0<\/span>tutti i giorni dalle 10 alle 19<br \/>\n<span lang=\"IT\">Biglietto: i<\/span>ntero \u20ac 11<span lang=\"IT\">;<\/span> ridotto \u20ac 9<\/p>\n<p><img loading=\"lazy\" decoding=\"async\" class=\"aligncenter\" src=\"https:\/\/immagini.ragusanews.com\/\/immagini_articoli\/22-06-2023\/1687462222-ferdinando-scianna-ti-ricordo-sicilia-ft-3-500.jpg\" alt=\"Ferdinando Scianna. Ti ricordo, Sicilia. FT\" width=\"935\" height=\"625\" \/><\/p>\n<p class=\"xmprfx_MsoNormal\" style=\"text-align: justify;\"><strong><span style=\"font-size: 14pt;\"><br \/>\nALDO MONDINO. START. UN INCESSANTE INIZIO<\/span><br \/>\n<\/strong>L\u2019esposizione racconta con oltre trenta opere l\u2019incredibile ricerca artistica di Mondino che spazia attraverso l\u2019uso di tecniche e materiali diversi. Un percorso coinvolgente, all\u2019interno degli spazi del VI livello di Palazzo Squarcialupi, tra dipinti su linoleum e sculture di medie e grandi dimensioni provenienti da importanti collezioni pubbliche e private.<br \/>\nAldo Mondino \u00e8 uno dei protagonisti indiscussi nel panorama contemporaneo della sperimentazione artistica nazionale e internazionale, un artista poliedrico e curioso, dandy ed eccentrico che attraversa il tempo e lo spazio in modo straordinariamente sorprendente, con uno sguardo aperto e curioso rivolto all\u2019Oriente, al mondo arabo, al Nord Africa, all\u2019India, alla tradizione ebraica.<\/p>\n<p class=\"xmprfx_MsoNormal\" style=\"text-align: justify;\"><strong><span lang=\"IT\">C<\/span>omplesso museale Santa Maria della Scala<span lang=\"IT\">, Siena<br \/>\n<\/span><\/strong><span lang=\"IT\">8 aprile \u2013 8 agosto 2023<br \/>\n<\/span><span lang=\"IT\">Orari:\u00a0<\/span>tutti i giorni\u00a0<span lang=\"IT\">dalle\u00a0<\/span>10<span lang=\"IT\">\u00a0alle\u00a0<\/span>19<br \/>\n<span lang=\"IT\">Biglietto:\u00a0<\/span>\u20ac 6<\/p>\n<p class=\"xmprfx_MsoNormal\" style=\"text-align: justify;\"><img loading=\"lazy\" decoding=\"async\" class=\"aligncenter\" src=\"https:\/\/www.sienacomunica.it\/wp-content\/uploads\/bfi_thumb\/festa-araba-e1680163779692-3c525e9g0ick53ix2h0jbnx9d70zvz6zikhzdyyqy06ea6vk6.jpg\" alt=\"START. Un incessante inizio\u201d, la mostra di Aldo Mondino | Siena Comunica\" width=\"964\" height=\"512\" \/><\/p>\n<p class=\"xmprfx_MsoNormal\" style=\"text-align: justify;\"><span style=\"font-size: 14pt;\"><strong><span lang=\"IT\"><br \/>\nAPERTURA STRAORDINARIA. LA LANTERNA DI GENOVA<br \/>\n<\/span><\/strong><\/span>Nelle giornate di Ferragosto la Lanterna di Genova non si ferma, ma anzi aumenta la propria offerta. Il Complesso Monumentale sar\u00e0 infatti aperto eccezionalmente anche il 15 agosto, dalle 10 alle 18. Nei giorni successivi a Ferragosto e fino al 17 settembre rester\u00e0 comunque in vigore l\u2019orario di apertura estivo: dal marted\u00ec alla domenica, tutti i giorni dalle 10 alle 18, con ultimo ingresso alle ore 17.30. Ed \u00e8 stata prolungata per tutto il periodo estivo Lanterna 2030: Beautiful, Sustainable, Together, la mostra che lega il Complesso Monumentale della Lanterna di Genova al quartiere Sampierdarena.<\/p>\n<p class=\"xmprfx_MsoNormal\" style=\"text-align: justify;\"><img decoding=\"async\" class=\"aligncenter\" src=\"https:\/\/admin.visititaly.eu\/uploads\/articoli\/paragrafo\/20200928122536Formento-Lanterna-di-Genova-9.jpg\" alt=\"La Lanterna: storia e curiosit\u00e0 sul simbolo di Genova | Visititaly.eu\" \/><\/p>\n<p class=\"xmprfx_MsoNormal\" style=\"text-align: justify;\"><strong><span style=\"font-size: 14pt;\"><span lang=\"IT\"><br \/>\nTORINO MUSEI.\u00a0<\/span>GAM, MAO E PALAZZO MADAMA<\/span><br \/>\n<\/strong>Per chi trascorre il Ferragosto in citt\u00e0, la Fondazione Torino Musei propone l\u2019apertura straordinaria di Palazzo Madama e l\u2019ingresso speciale a 1\u20ac alle collezioni e, aggiungendo 1\u20ac, alle mostre temporanee con biglietteria separata di GAM, MAO e Palazzo Madama: un\u2019ottima occasione per conoscere e godere del patrimonio artistico della Citt\u00e0 e trascorrere una giornata diversa dal solito.<\/p>\n<p class=\"xmprfx_MsoNormal\" style=\"text-align: justify;\"><span lang=\"IT\">Orari: il\u00a0<\/span>15 agosto GAM, MAO e Palazzo Madama sono aperti dalle 10 alle 18 (con un ricco programma di visite guidate).<\/p>\n<p class=\"xmprfx_MsoNormal\" style=\"text-align: justify;\"><img decoding=\"async\" class=\"aligncenter\" src=\"https:\/\/upload.wikimedia.org\/wikipedia\/commons\/thumb\/9\/9e\/Palazzo_Madama%2C_Torino_crop.jpg\/1200px-Palazzo_Madama%2C_Torino_crop.jpg\" alt=\"Palazzo Madama e Casaforte degli Acaja - Wikipedia\" \/><\/p>\n<p class=\"xmprfx_MsoNormal\" style=\"text-align: justify;\"><strong><span lang=\"IT\" style=\"font-size: 14pt;\"><br \/>\nCIRCO MASSIMO EXPERIENCE<br \/>\n<\/span><\/strong>Monumento tra i pi\u00f9 significativi della storia di Roma, il\u00a0Circo Massimo\u00a0torna a vivere attraverso un\u00a0innovativo progetto di valorizzazione in realt\u00e0 aumentata\u00a0(AR) e virtuale (VR).\u00a0Per la prima volta il Circo sar\u00e0 visitabile in tutte le sue fasi storiche\u00a0grazie a un\u2019esperienza all\u2019avanguardia che utilizza tecnologie interattive di visualizzazione a oggi mai impiegate in un\u2019area all\u2019aperto di cos\u00ec ampie dimensioni.<\/p>\n<p style=\"text-align: justify;\">Con CIRCO MAXIMO EXPERIENCE\u00a0vedrete la vita dell\u2019antica valle scorrere davanti ai vostri occhi, potrete passeggiare tra le botteghe romane e assistere a una corsa di quadrighe tra urla di incitamento e capovolgimento di carri, in un rimando continuo tra presente e passato.<\/p>\n<p style=\"text-align: justify;\">Il percorso,\u00a0della durata\u00a0di circa 40 minuti, \u00e8\u00a0disponibile in otto lingue\u00a0(<em>italiano, inglese, francese, tedesco, spagnolo, russo, cinese e giapponese<\/em>).<br \/>\nLe otto tappe prevedono: la Valle e le origini del Circo, il Circo da Giulio Cesare a Traiano, il Circo in et\u00e0 imperiale, la Cavea, l\u2019Arco di Tito, le Botteghe (tabernae), il Circo in et\u00e0 medievale e moderna e infine Un giorno al Circo.<\/p>\n<p class=\"xmprfx_MsoNormal\" style=\"text-align: justify;\"><strong><span lang=\"IT\">Circo Massimo, Roma<br \/>\n<\/span><\/strong>Orari:<br \/>\n15<span lang=\"IT\">&#8211;<\/span>27 Agosto<span lang=\"IT\">:\u00a0<\/span>marted\u00ec-domenica e festivi<span lang=\"IT\">:\u00a0<\/span>17<span lang=\"IT\">\/<\/span>20<br \/>\n29\u00a0<span lang=\"IT\">a<\/span>gosto<span lang=\"IT\">&#8211;<\/span>17\u00a0<span lang=\"IT\">s<\/span>ettembre<span lang=\"IT\">:<\/span>marted\u00ec-domenica e festivi: 16<span lang=\"IT\">.<\/span>30<span lang=\"IT\">\/<\/span>19<span lang=\"IT\">.<\/span>30<br \/>\n19\u00a0<span lang=\"IT\">s<\/span>ettembre<span lang=\"IT\">&#8211;<\/span>1\u00a0<span lang=\"IT\">o<\/span>ttobre<span lang=\"IT\">:\u00a0<\/span>marted\u00ec-domenica e festivi: 16<span lang=\"IT\">\/<\/span>19<br \/>\n<span lang=\"IT\">Biglietto: i<\/span>ntero\u00a0\u20ac 12;<span lang=\"IT\">\u00a0r<\/span>idotto\u00a0\u20ac 10<\/p>\n<\/div>\n<\/div>\n<\/div>\n<\/div>\n<\/div>\n<div style=\"text-align: justify;\"><img decoding=\"async\" class=\"aligncenter\" src=\"https:\/\/www.circomaximoexperience.it\/wp-content\/uploads\/2019\/05\/7-1.jpg\" alt=\"Circo Maximo Experience - La storia attraverso la realt\u00e0 aumentata\" \/><\/div>\n<div dir=\"ltr\">\n<div data-signature-id=\"1\">\n<div class=\"xam_msg_class\">\n<div class=\"xam_msg_class\">\n<div class=\"xam_msg_class\">\n<p>&nbsp;<\/p>\n<p class=\"xmprfx_MsoNormal\"><span lang=\"IT\">Concludendo, per chi non ama andare in vacanza o resta a casa\/citt\u00e0\u2026ricordatevi che le mostre non hanno mai ucciso nessuno!<\/span><\/p>\n<\/div>\n<\/div>\n<\/div>\n<\/div>\n<\/div>\n<div dir=\"ltr\">\n<div data-signature-id=\"1\">\n<div class=\"xam_msg_class\">\n<div class=\"xam_msg_class\">\n<div class=\"xam_msg_class\">\n<p class=\"xmprfx_MsoNormal\" style=\"text-align: justify;\"><span lang=\"IT\">Vestiti, usciamo! (parafrasando il titolo di un vecchio delizioso libro di Luigi Settembrini e Chiara Boni).<\/span><\/p>\n<\/div>\n<\/div>\n<\/div>\n<\/div>\n<\/div>\n<\/div>\n<\/div>\n<\/div>\n<\/div>\n<\/div>\n<\/div>\n<\/div>\n<\/div>\n<\/div>\n<\/div>\n<\/div>\n<\/div>\n<\/div>\n<\/div>\n<\/div>\n<\/div>\n<\/div>\n<\/div>\n<\/div>\n<\/div>\n<\/div>\n","protected":false},"excerpt":{"rendered":"<p>Diciamocela tutta, per chi non va in vacanza,\u00a0agosto \u00e8 un mese strano. Gli italiani scappano dalle citt\u00e0 verso mete turistiche in cerca di relax, la luce si accorcia e le ombre si allungano in preparazione della nuova stagione. Poi c\u2019\u00e8 Ferragosto con le sue tradizionali&#8230;<\/p>\n","protected":false},"author":23,"featured_media":20375,"comment_status":"open","ping_status":"open","sticky":false,"template":"","format":"standard","meta":{"footnotes":""},"categories":[4366,1,4395],"tags":[4586,4587],"class_list":["post-21038","post","type-post","status-publish","format-standard","has-post-thumbnail","hentry","category-cultura-en","category-magazine-en","category-sapori-e-passioni-en","tag-estate-2023-en","tag-ferragosto-en"],"_links":{"self":[{"href":"https:\/\/www.pressroom.cloud\/en\/wp-json\/wp\/v2\/posts\/21038","targetHints":{"allow":["GET"]}}],"collection":[{"href":"https:\/\/www.pressroom.cloud\/en\/wp-json\/wp\/v2\/posts"}],"about":[{"href":"https:\/\/www.pressroom.cloud\/en\/wp-json\/wp\/v2\/types\/post"}],"author":[{"embeddable":true,"href":"https:\/\/www.pressroom.cloud\/en\/wp-json\/wp\/v2\/users\/23"}],"replies":[{"embeddable":true,"href":"https:\/\/www.pressroom.cloud\/en\/wp-json\/wp\/v2\/comments?post=21038"}],"version-history":[{"count":1,"href":"https:\/\/www.pressroom.cloud\/en\/wp-json\/wp\/v2\/posts\/21038\/revisions"}],"predecessor-version":[{"id":21820,"href":"https:\/\/www.pressroom.cloud\/en\/wp-json\/wp\/v2\/posts\/21038\/revisions\/21820"}],"wp:featuredmedia":[{"embeddable":true,"href":"https:\/\/www.pressroom.cloud\/en\/wp-json\/wp\/v2\/media\/20375"}],"wp:attachment":[{"href":"https:\/\/www.pressroom.cloud\/en\/wp-json\/wp\/v2\/media?parent=21038"}],"wp:term":[{"taxonomy":"category","embeddable":true,"href":"https:\/\/www.pressroom.cloud\/en\/wp-json\/wp\/v2\/categories?post=21038"},{"taxonomy":"post_tag","embeddable":true,"href":"https:\/\/www.pressroom.cloud\/en\/wp-json\/wp\/v2\/tags?post=21038"}],"curies":[{"name":"wp","href":"https:\/\/api.w.org\/{rel}","templated":true}]}}