{"id":21040,"date":"2023-08-09T17:24:43","date_gmt":"2023-08-09T16:24:43","guid":{"rendered":"https:\/\/www.pressroom.cloud\/limportante-ritrovamento-archeologico-in-romagna-di-cui-nessuno-sta-parlando\/"},"modified":"2025-03-26T17:16:09","modified_gmt":"2025-03-26T16:16:09","slug":"limportante-ritrovamento-archeologico-in-romagna-di-cui-nessuno-sta-parlando","status":"publish","type":"post","link":"https:\/\/www.pressroom.cloud\/en\/limportante-ritrovamento-archeologico-in-romagna-di-cui-nessuno-sta-parlando\/","title":{"rendered":"L\u2019importante ritrovamento archeologico in Romagna di cui nessuno sta parlando"},"content":{"rendered":"<p style=\"text-align: justify;\">A\u00a0<strong>Sarsina<\/strong>\u00a0(in provincia di Forl\u00ec \u2013 Cesena), comune dell\u2019entroterra romagnolo che ha dato i natali al famoso commediografo\u00a0<strong>Tito Maccio Plauto<\/strong>, sono stati recentemente rinvenuti i resti di un imponente edificio pubblico di epoca romana, durante gli scavi per la realizzazione di un supermercato Conad e di un centro sportivo.<\/p>\n<div style=\"width: 891px\" class=\"wp-caption aligncenter\"><img loading=\"lazy\" decoding=\"async\" src=\"https:\/\/www.artribune.com\/wp-content\/uploads\/2023\/08\/Il-ritrovamento-archeologico-di-Sarsina-FC.-Photo-Silvia-Camporesi-3-768x576.jpg\" alt=\"Il ritrovamento archeologico di Sarsina (FC). Photo Luca Bacciocchi\" width=\"881\" height=\"661\" \/><p class=\"wp-caption-text\">Il ritrovamento archeologico di Sarsina (FC). Photo Luca Bacciocchi<\/p><\/div>\n<p class=\"wp-block-heading\" style=\"text-align: justify;\"><strong><span style=\"font-size: 14pt;\">L\u2019importante ritrovamento archeologico a Sarsina<br \/>\n<\/span><\/strong>L\u2019edificio \u2013 parzialmente riportato in luce e di cui si distinguono murature in alzato rivestite in lastre di marmo, blocchi di arenaria squadrati e altre strutture minori probabilmente successive al fabbricato principale \u2013 potrebbe riferirsi al<em>\u00a0<\/em><strong><em>Capitolium<\/em><\/strong>, il principale tempio romano, dedicato alla Triade Capitolina (Giove, Giunone e Minerva) e costruito unicamente nelle citt\u00e0 che avevano acquisito lo status di colonia romana.<br \/>\nLe rovine si affacciano direttamente sui resti in parte visibili dell\u2019antico\u00a0<em>Forum\u00a0<\/em>della citt\u00e0 di Sarsina, a confermare quindi la sua vocazione di edificio di culto, seguendo il modello riconosciuto in innumerevoli realt\u00e0 romane, da\u00a0<a href=\"https:\/\/www.artribune.com\/professioni-e-professionisti\/politica-e-pubblica-amministrazione\/2023\/07\/treno-roma-pompei-polemiche\/\" target=\"_blank\" rel=\"noreferrer noopener\" data-type=\"post\" data-id=\"998595\">Pompei<\/a>\u00a0a Ostia, da Verona a\u00a0<a href=\"https:\/\/www.artribune.com\/arti-visive\/arte-contemporanea\/2023\/07\/tiziano-martini-mostra-brescia\/\" target=\"_blank\" rel=\"noreferrer noopener\" data-type=\"post\" data-id=\"1001074\">Brescia<\/a>, che vedono la piazza come centro economico, sociale, politico e religioso della vita della citt\u00e0, e su cui affacciano i principali edifici pubblici: basiliche, porticati e templi.<br \/>\nGli scavi non sono ancora terminati; dalle immagini si intuisce come debba ancora essere riportato in luce il fronte del tempio, nella speranza che siano ancora conservate la scalinata di accesso al podio (gi\u00e0 in parte esposto) e il lastricato in marmo della piazza.<\/p>\n<div style=\"width: 1210px\" class=\"wp-caption aligncenter\"><img loading=\"lazy\" decoding=\"async\" src=\"https:\/\/www.artribune.com\/wp-content\/uploads\/2023\/08\/Il-ritrovamento-archeologico-di-Sarsina-FC.-Photo-Silvia-Camporesi-4.jpg\" alt=\"Il ritrovamento archeologico di Sarsina (FC). Photo Silvia Camporesi\" width=\"1200\" height=\"1600\" \/><p class=\"wp-caption-text\">Il ritrovamento archeologico di Sarsina (FC). Photo Luca Bacciocchi<\/p><\/div>\n<p class=\"wp-block-heading\" style=\"text-align: justify;\"><strong><span style=\"font-size: 14pt;\">Una notizia nascosta e addirittura sminuita<br \/>\n<\/span><\/strong>Come sottolineato da\u00a0<strong>Sauro Turroni<\/strong>\u00a0(Europa Verde) \u201c<em>L\u2019importanza del ritrovamento \u00e8 molto grande, quello che stupisce \u00e8 che non se ne sia affatto parlato. Una cosa del genere doveva essere nota a tutti e all\u2019attenzione di tutti perch\u00e9 \u00e8 il pi\u00f9 importante rinvenimento che c\u2019\u00e8 stato da queste parti nell\u2019ultimo periodo<\/em>\u201d. La Capogruppo alla Camera di Alleanza Verdi e Sinistra,\u00a0<strong>Luana Zanella<\/strong>, ha presentato un\u2019interpellanza al Ministro della Cultura\u00a0<a href=\"https:\/\/www.artribune.com\/professioni-e-professionisti\/politica-e-pubblica-amministrazione\/2023\/06\/sangiuliano-lavoro-mic-attrattivo-aziende-private\/\" target=\"_blank\" rel=\"noreferrer noopener\" data-type=\"post\" data-id=\"892184\">Gennaro Sangiuliano<\/a>, affermando che \u201c<em>l\u2019importanza di tale ritrovamento non ha eguali in tutta l\u2019Italia settentrionale; purtroppo la portata dell\u2019evento \u00e8 stata tenuta finora nascosta, visto che l\u2019amministrazione comunale e Conad non solo non hanno fatto sapere nulla, ma le notizie fatte filtrare alla stampa sono fuorvianti e tese a\u00a0<\/em><strong><em>minimizzare entit\u00e0 e qualit\u00e0 di ci\u00f2 che sta emergendo<\/em><\/strong><em>, con l\u2019intento di\u00a0 nascondere la reale portata dei ritrovamenti<\/em>\u201d e chiedendo, inoltre, \u201c<em>se il Ministro non ritenga del tutto fuori luogo le informazioni volte a minimizzare, se non a nascondere, quanto sta emergendo dagli scavi<\/em>\u201d, \u201c<em>se risulti a conoscenza del motivo per il quale le attivit\u00e0 di scavo paiono essersi concentrate e limitate ad un\u2019area pi\u00f9 ridotta possibile<\/em>\u201d, \u201c<em>se non ritenga l\u2019intervento di edificazione di un supermercato alimentare Conad, unitamente ad una palestra, incompatibile con il sito archeologico individuato<\/em>\u201d, infine, \u201c<em>se non ritenga che il ritrovamento del\u00a0<\/em>Capitolium<em>\u00a0sarsinate possa costituire, attraverso un accurato progetto di valorizzazione, l\u2019occasione di rilancio della Sarsina romana e umbra e del suo pregevolissimo museo nazionale<\/em>\u201d.<\/p>\n<div style=\"width: 946px\" class=\"wp-caption aligncenter\"><img loading=\"lazy\" decoding=\"async\" src=\"https:\/\/www.artribune.com\/wp-content\/uploads\/2023\/08\/Il-ritrovamento-archeologico-di-Sarsina-FC.-Photo-Silvia-Camporesi-5-768x576.jpg\" alt=\"Il ritrovamento archeologico di Sarsina (FC). Photo Luca Bacciocchi\" width=\"936\" height=\"702\" \/><p class=\"wp-caption-text\">Il ritrovamento archeologico di Sarsina (FC). Photo Luca Bacciocchi<\/p><\/div>\n<p class=\"wp-block-heading\" style=\"text-align: justify;\"><span style=\"font-size: 14pt;\"><strong>Il futuro incerto del Capitolium di Sarsina<br \/>\n<\/strong><\/span>In effetti, ad oggi, il progetto per la costruzione del complesso commerciale non \u00e8 stato modificato affatto: terminati gli scavi archeologici\u00a0<strong>il tempio verr\u00e0 ricoperto interamente dal cemento del supermercato<\/strong>, in cambio di una restituzione grafica in 3D.<br \/>\nEd \u00e8 questo il punto principale della questione: possibile che Sarsina confermi la volont\u00e0 di svilire e mortificare l\u2019immenso patrimonio archeologico del nostro Paese, spesso \u2013 come in questo caso \u2013 unico al mondo? Oppure pu\u00f2 questo ritrovamento essere un modello per tornare a fare nostro il senso pi\u00f9 profondo e nobile di termini quali\u00a0<strong>tutela\u00a0<\/strong>e\u00a0<strong>valorizzazione<\/strong>, vere e proprie colonne portanti del nostro sistema culturale e turistico, da contrapporre a basse logiche commerciali, cos\u00ec da consegnare indistintamente a tutti un tassello \u2013 importante \u2013 della nostra Storia?<\/p>\n<p style=\"text-align: justify;\">Da <a href=\"https:\/\/www.artribune.com\/arti-visive\/archeologia-arte-antica\/2023\/08\/sarsina-scoperta-archeologica\/\"><strong>Artribune<\/strong><\/a><\/p>\n","protected":false},"excerpt":{"rendered":"<p>A\u00a0Sarsina\u00a0(in provincia di Forl\u00ec \u2013 Cesena), comune dell\u2019entroterra romagnolo che ha dato i natali al famoso commediografo\u00a0Tito Maccio Plauto, sono stati recentemente rinvenuti i resti di un imponente edificio pubblico di epoca romana, durante gli scavi per la realizzazione di un supermercato Conad e di&#8230;<\/p>\n","protected":false},"author":3,"featured_media":20373,"comment_status":"open","ping_status":"open","sticky":false,"template":"","format":"standard","meta":{"footnotes":""},"categories":[4366,1],"tags":[],"class_list":["post-21040","post","type-post","status-publish","format-standard","has-post-thumbnail","hentry","category-cultura-en","category-magazine-en"],"_links":{"self":[{"href":"https:\/\/www.pressroom.cloud\/en\/wp-json\/wp\/v2\/posts\/21040","targetHints":{"allow":["GET"]}}],"collection":[{"href":"https:\/\/www.pressroom.cloud\/en\/wp-json\/wp\/v2\/posts"}],"about":[{"href":"https:\/\/www.pressroom.cloud\/en\/wp-json\/wp\/v2\/types\/post"}],"author":[{"embeddable":true,"href":"https:\/\/www.pressroom.cloud\/en\/wp-json\/wp\/v2\/users\/3"}],"replies":[{"embeddable":true,"href":"https:\/\/www.pressroom.cloud\/en\/wp-json\/wp\/v2\/comments?post=21040"}],"version-history":[{"count":1,"href":"https:\/\/www.pressroom.cloud\/en\/wp-json\/wp\/v2\/posts\/21040\/revisions"}],"predecessor-version":[{"id":21822,"href":"https:\/\/www.pressroom.cloud\/en\/wp-json\/wp\/v2\/posts\/21040\/revisions\/21822"}],"wp:featuredmedia":[{"embeddable":true,"href":"https:\/\/www.pressroom.cloud\/en\/wp-json\/wp\/v2\/media\/20373"}],"wp:attachment":[{"href":"https:\/\/www.pressroom.cloud\/en\/wp-json\/wp\/v2\/media?parent=21040"}],"wp:term":[{"taxonomy":"category","embeddable":true,"href":"https:\/\/www.pressroom.cloud\/en\/wp-json\/wp\/v2\/categories?post=21040"},{"taxonomy":"post_tag","embeddable":true,"href":"https:\/\/www.pressroom.cloud\/en\/wp-json\/wp\/v2\/tags?post=21040"}],"curies":[{"name":"wp","href":"https:\/\/api.w.org\/{rel}","templated":true}]}}