{"id":21109,"date":"2023-03-22T17:48:33","date_gmt":"2023-03-22T16:48:33","guid":{"rendered":"https:\/\/www.pressroom.cloud\/laccademia-di-spagna-presenta-la-prima-mostra-a-roma-dedicata-a-joaquin-sorolla\/"},"modified":"2025-03-26T17:16:43","modified_gmt":"2025-03-26T16:16:43","slug":"laccademia-di-spagna-presenta-la-prima-mostra-a-roma-dedicata-a-joaquin-sorolla","status":"publish","type":"post","link":"https:\/\/www.pressroom.cloud\/en\/laccademia-di-spagna-presenta-la-prima-mostra-a-roma-dedicata-a-joaquin-sorolla\/","title":{"rendered":"L&#8217;Accademia di Spagna presenta la prima mostra a Roma dedicata a Joaqu\u00edn Sorolla"},"content":{"rendered":"<p style=\"text-align: justify;\">Dal 21 marzo all\u201911 giugno 2023 la<strong>\u00a0<a href=\"https:\/\/www.accademiaspagna.org\/\">Real Academia de Espa\u00f1a en Roma<\/a><\/strong>\u00a0accoglie la mostra<em>\u00a0Joaqu\u00edn Sorolla, sprazzi di luce e colore<\/em>, a cura di Blanca Pons-Sorolla e Mar\u00eda L\u00f3pez Fern\u00e1ndez. Si tratta della\u00a0<strong>prima mostra dedicata a Sorolla a Roma<\/strong>.<\/p>\n<p style=\"text-align: justify;\">Nel 2023 si celebra il\u00a0<strong>centenario della sua scomparsa<\/strong>. Nel corso della sua vita viaggi\u00f2<strong>\u00a0in Italia<\/strong>\u00a0in varie occasioni; a Roma trascorse un periodo tra il 1885 e il 1889. Questa mostra, nell\u2019ambito del 150\u00b0 anniversario dell\u2019Accademia, intende indagare i rapporti tra Sorolla, gli ambienti artistici di Roma e l\u2019Accademia di Spagna.<\/p>\n<div style=\"width: 2138px\" class=\"wp-caption aligncenter\"><img loading=\"lazy\" decoding=\"async\" src=\"http:\/\/www.arte.it\/foto\/orig\/aa\/138343-Joaqu_n_Sorolla_Spiagga_di_Valencia_1904_Olio_su_imprimitura_bianca_Museo_Sorolla.jpg\" alt=\"Joaqu\u00edn Sorolla, Spiagga di Valencia, 1904, Olio su imprimitura bianca, Museo Sorolla\" width=\"2128\" height=\"1625\" \/><p class=\"wp-caption-text\">Joaqu\u00edn Sorolla, Spiagga di Valencia, 1904, Olio su imprimitura bianca, Museo Sorolla<\/p><\/div>\n<p style=\"text-align: justify;\">Sono esposte<strong>\u00a0pi\u00f9 di duecento opere<\/strong>\u00a0di\u00a0<strong>piccolo formato<\/strong>, selezionate tra le oltre duemila che ha l\u2019artista ha dipinto e che sono in gran parte conservate nel Museo Sorolla di Madrid. Dopo essere stata presentata a Madrid, Bilbao e Barcellona, questa rassegna arriva per la prima volta in Italia, facendo cos\u00ec conoscere questo importante aspetto della produzione del pittore valenciano.<\/p>\n<div style=\"width: 2136px\" class=\"wp-caption aligncenter\"><img loading=\"lazy\" decoding=\"async\" src=\"http:\/\/www.arte.it\/foto\/orig\/e6\/138345-Joaqu_n_Sorolla_Bambino_al_mare_1905_Olio_su_cartone_Museo_Sorolla.jpg\" alt=\"Joaqu\u00edn Sorolla, Bambino al mare, 1905, Olio su cartone, Museo Sorolla\" width=\"2126\" height=\"1320\" \/><p class=\"wp-caption-text\">Joaqu\u00edn Sorolla, Bambino al mare, 1905, Olio su cartone, Museo Sorolla<\/p><\/div>\n<p style=\"text-align: justify;\">Da notare \u00e8 la presenza di una serie di \u201cappunti\u201d dipinti in<strong>\u00a0vari luoghi d\u2019Italia<\/strong>, che dimostrano il legame del pittore con l\u2019Italia.<\/p>\n<p style=\"text-align: justify;\">La mostra \u00e8 ad ingresso libero.<\/p>\n","protected":false},"excerpt":{"rendered":"<p>Dal 21 marzo all\u201911 giugno 2023 la\u00a0Real Academia de Espa\u00f1a en Roma\u00a0accoglie la mostra\u00a0Joaqu\u00edn Sorolla, sprazzi di luce e colore, a cura di Blanca Pons-Sorolla e Mar\u00eda L\u00f3pez Fern\u00e1ndez. Si tratta della\u00a0prima mostra dedicata a Sorolla a Roma. Nel 2023 si celebra il\u00a0centenario della sua&#8230;<\/p>\n","protected":false},"author":3,"featured_media":20167,"comment_status":"open","ping_status":"open","sticky":false,"template":"","format":"standard","meta":{"footnotes":""},"categories":[4356,1,4358],"tags":[4711,4712,4397],"class_list":["post-21109","post","type-post","status-publish","format-standard","has-post-thumbnail","hentry","category-art","category-magazine-en","category-newsroom-en","tag-accademia-di-spagna-en","tag-joaquin-sorolla-en","tag-roma-en"],"_links":{"self":[{"href":"https:\/\/www.pressroom.cloud\/en\/wp-json\/wp\/v2\/posts\/21109","targetHints":{"allow":["GET"]}}],"collection":[{"href":"https:\/\/www.pressroom.cloud\/en\/wp-json\/wp\/v2\/posts"}],"about":[{"href":"https:\/\/www.pressroom.cloud\/en\/wp-json\/wp\/v2\/types\/post"}],"author":[{"embeddable":true,"href":"https:\/\/www.pressroom.cloud\/en\/wp-json\/wp\/v2\/users\/3"}],"replies":[{"embeddable":true,"href":"https:\/\/www.pressroom.cloud\/en\/wp-json\/wp\/v2\/comments?post=21109"}],"version-history":[{"count":1,"href":"https:\/\/www.pressroom.cloud\/en\/wp-json\/wp\/v2\/posts\/21109\/revisions"}],"predecessor-version":[{"id":21892,"href":"https:\/\/www.pressroom.cloud\/en\/wp-json\/wp\/v2\/posts\/21109\/revisions\/21892"}],"wp:featuredmedia":[{"embeddable":true,"href":"https:\/\/www.pressroom.cloud\/en\/wp-json\/wp\/v2\/media\/20167"}],"wp:attachment":[{"href":"https:\/\/www.pressroom.cloud\/en\/wp-json\/wp\/v2\/media?parent=21109"}],"wp:term":[{"taxonomy":"category","embeddable":true,"href":"https:\/\/www.pressroom.cloud\/en\/wp-json\/wp\/v2\/categories?post=21109"},{"taxonomy":"post_tag","embeddable":true,"href":"https:\/\/www.pressroom.cloud\/en\/wp-json\/wp\/v2\/tags?post=21109"}],"curies":[{"name":"wp","href":"https:\/\/api.w.org\/{rel}","templated":true}]}}