{"id":21134,"date":"2023-02-12T16:36:19","date_gmt":"2023-02-12T15:36:19","guid":{"rendered":"https:\/\/www.pressroom.cloud\/il-calendario-della-milano-fashion-week-2023\/"},"modified":"2025-03-26T17:16:56","modified_gmt":"2025-03-26T16:16:56","slug":"il-calendario-della-milano-fashion-week-2023","status":"publish","type":"post","link":"https:\/\/www.pressroom.cloud\/en\/il-calendario-della-milano-fashion-week-2023\/","title":{"rendered":"Il calendario della Milano Fashion Week 2023"},"content":{"rendered":"<p style=\"text-align: justify;\">La <strong>Milano Fashion Week<\/strong> \u00e8 alle porte: <a href=\"https:\/\/www.cameramoda.it\/en\/\"><strong>Camera della Moda<\/strong><\/a> annuncia oggi il calendario ufficiale che vedr\u00e0 la moda invadere la citt\u00e0 meneghina dal 21 al 27 febbraio 2023. Un turbinio di eventi, tra sfilate, presentazioni e appuntamenti. Con un totale di quasi duecento appuntamenti, le novit\u00e0 in arrivo a fine febbraio sono numerose. A partire dai debutti in passerella, tra cui la sfilata fisica di Raxxy, brand cinese con sede a Milano, o Avavav che fa il suo ingresso nel calendario italiano con una presentazione digitale. Non mancano i grandi nomi del Made in Italy , tra cui Fendi e Etro &#8211; 22 febbraio-, Max Mara e Prada &#8211; 23 febbraio &#8211; <a class=\"body-link\" href=\"https:\/\/www.harpersbazaar.com\/it\/moda\/storie\/a42443185\/borsa-gucci-jackie\/\" target=\"_blank\" rel=\"noopener\" data-vars-ga-outbound-link=\"https:\/\/www.harpersbazaar.com\/it\/moda\/storie\/a42443185\/borsa-gucci-jackie\/\"><strong>Gucci<\/strong>\u00a0<\/a>il 24 febbraio, Ferragamo e Bottega Veneta &#8211; 25 febbraio &#8211; e Giorgio Armani domenica 26. Si riconfermano anche le presenze di brand indipendenti, come Act N\u00b01, Cormio e Vitelli &#8211; tutti con sfilata fisica.<\/p>\n<p><img loading=\"lazy\" decoding=\"async\" class=\"aligncenter\" src=\"https:\/\/hips.hearstapps.com\/hmg-prod.s3.amazonaws.com\/images\/5-1675868130.jpg?resize=480:*\" alt=\"camera moda\" width=\"943\" height=\"1415\" \/><\/p>\n<p style=\"text-align: justify;\">Ma il fitto calendario di Camera Moda per la Milano Fashion Week prevede non solo sfilate e presentazioni, ma anche un decisivo numero di eventi collaterali che andranno a colorare le giornate &#8211; e serate &#8211; meneghine. Dai festeggiamenti di<strong>\u00a0<a class=\"body-link\" href=\"https:\/\/www.harpersbazaar.com\/it\/moda\/a34098544\/rene-caovilla-scarpe-moda-estate-2021\/\" target=\"_blank\" rel=\"noopener\" data-vars-ga-outbound-link=\"https:\/\/www.harpersbazaar.com\/it\/moda\/a34098544\/rene-caovilla-scarpe-moda-estate-2021\/\">Rene Caovilla<\/a>\u00a0<\/strong>per l&#8217;iconica scarpa\u00a0<em>Cleo<\/em>\u00a0che compie cinquant\u2019anni, ai\u00a0<em>Black Carpet Awards<\/em>, dove si celebrer\u00e0 la diversit\u00e0 e l\u2019inclusione all\u2019interno della comunit\u00e0 globale, Milano si agghinda a gran festa attraverso eventi culturali e serate a nome della moda sostenibile.<\/p>\n<p style=\"text-align: justify;\">Novit\u00e0 anche per il Fashion Hub che cambia location, trasferendosi a Palazzo Giureconsulti, dove &#8211; durante l&#8217;inaugurazione di marted\u00ec 21 febbraio &#8211; verr\u00e0 svelato il vincitore del\u00a0<em>The Best Shops Award<\/em>. Ma grande attenzione \u00e8 rivolta anche ai talenti emergenti, per cui il Fashion Hub svolge un ruolo fondamentale come culla di progetti, iniziative e idee, che durante la settimana della moda a Milano avranno la possibilit\u00e0 di trasformare lo spazio di Palazzo Giureconsulti in quartier generale per networking e business.<\/p>\n<p><img loading=\"lazy\" decoding=\"async\" class=\"aligncenter\" src=\"https:\/\/hips.hearstapps.com\/hmg-prod.s3.amazonaws.com\/images\/camera-moda-conferenza-2-1675868266.jpg?resize=480:*\" alt=\"moda\" width=\"940\" height=\"1410\" \/><\/p>\n<p style=\"text-align: justify;\">Ultima chicca per i designer emergenti: all\u2019interno degli spazi del Fashion Hub, LuisaViaRoma presenta\u00a0<em>LVRoom<\/em>, una styling suite con una selezione esclusiva di capi &#8211; scelti tra proposte di designer emergenti e grandi brand &#8211; in cui personalit\u00e0 di spicco internazionali avranno la di scegliere i look pi\u00f9 adatti per gli eventi. A conclusione della Milano Fashion Week, la sera del 26 febbraio, l\u2019anteprima del nuovo film documentario,\u00a0<em>&#8220;MILANO: The Inside Story of Italian Fashion&#8221;.<\/em><\/p>\n<p>&nbsp;<\/p>\n<p>Da <a href=\"https:\/\/www.harpersbazaar.com\/it\/moda\/a42800326\/calendario-milano-fashion-week-2023\/\"><b>Harper&#8217;s Bazaar\u00a0<\/b><\/a><\/p>\n<p style=\"text-align: justify;\">\n","protected":false},"excerpt":{"rendered":"<p>La Milano Fashion Week \u00e8 alle porte: Camera della Moda annuncia oggi il calendario ufficiale che vedr\u00e0 la moda invadere la citt\u00e0 meneghina dal 21 al 27 febbraio 2023. Un turbinio di eventi, tra sfilate, presentazioni e appuntamenti. Con un totale di quasi duecento appuntamenti,&#8230;<\/p>\n","protected":false},"author":3,"featured_media":20065,"comment_status":"open","ping_status":"open","sticky":false,"template":"","format":"standard","meta":{"footnotes":""},"categories":[4367,1,4395],"tags":[4769,4388],"class_list":["post-21134","post","type-post","status-publish","format-standard","has-post-thumbnail","hentry","category-lifestyle-en","category-magazine-en","category-sapori-e-passioni-en","tag-milano-fashion-week-en","tag-moda-en"],"_links":{"self":[{"href":"https:\/\/www.pressroom.cloud\/en\/wp-json\/wp\/v2\/posts\/21134","targetHints":{"allow":["GET"]}}],"collection":[{"href":"https:\/\/www.pressroom.cloud\/en\/wp-json\/wp\/v2\/posts"}],"about":[{"href":"https:\/\/www.pressroom.cloud\/en\/wp-json\/wp\/v2\/types\/post"}],"author":[{"embeddable":true,"href":"https:\/\/www.pressroom.cloud\/en\/wp-json\/wp\/v2\/users\/3"}],"replies":[{"embeddable":true,"href":"https:\/\/www.pressroom.cloud\/en\/wp-json\/wp\/v2\/comments?post=21134"}],"version-history":[{"count":1,"href":"https:\/\/www.pressroom.cloud\/en\/wp-json\/wp\/v2\/posts\/21134\/revisions"}],"predecessor-version":[{"id":21917,"href":"https:\/\/www.pressroom.cloud\/en\/wp-json\/wp\/v2\/posts\/21134\/revisions\/21917"}],"wp:featuredmedia":[{"embeddable":true,"href":"https:\/\/www.pressroom.cloud\/en\/wp-json\/wp\/v2\/media\/20065"}],"wp:attachment":[{"href":"https:\/\/www.pressroom.cloud\/en\/wp-json\/wp\/v2\/media?parent=21134"}],"wp:term":[{"taxonomy":"category","embeddable":true,"href":"https:\/\/www.pressroom.cloud\/en\/wp-json\/wp\/v2\/categories?post=21134"},{"taxonomy":"post_tag","embeddable":true,"href":"https:\/\/www.pressroom.cloud\/en\/wp-json\/wp\/v2\/tags?post=21134"}],"curies":[{"name":"wp","href":"https:\/\/api.w.org\/{rel}","templated":true}]}}