{"id":21191,"date":"2022-11-23T17:06:41","date_gmt":"2022-11-23T16:06:41","guid":{"rendered":"https:\/\/www.pressroom.cloud\/recycling-beauty-la-fondazione-prada-guarda-al-passato-per-il-futuro\/"},"modified":"2025-03-26T17:15:16","modified_gmt":"2025-03-26T16:15:16","slug":"recycling-beauty-la-fondazione-prada-guarda-al-passato-per-il-futuro","status":"publish","type":"post","link":"https:\/\/www.pressroom.cloud\/en\/recycling-beauty-la-fondazione-prada-guarda-al-passato-per-il-futuro\/","title":{"rendered":"Recycling Beauty. La Fondazione Prada guarda al passato per il futuro"},"content":{"rendered":"<p style=\"text-align: justify;\">\u201cRecycling Beauty\u201d \u00e8 un\u2019inedita ricognizione dedicata al tema del riuso di antichit\u00e0 greche e romane in contesti post-antichi, dal Medioevo al Barocco. Una mostra, visitabile alla <strong><a href=\"https:\/\/www.fondazioneprada.org\/\">Fondazione Prada<\/a> fino al 27 febbraio 2023<\/strong>, a cura di Salvatore Settis e Anna Anguissola con Denise La Monica il cui progetto allestitivo \u00e8 ideato da Rem Koolhaas\/OMA.<\/p>\n<div style=\"width: 3610px\" class=\"wp-caption aligncenter\"><img loading=\"lazy\" decoding=\"async\" src=\"http:\/\/www.arte.it\/foto\/orig\/70\/134619-Prada.jpg\" alt=\"\" width=\"3600\" height=\"2401\" \/><p class=\"wp-caption-text\">Immagine della mostra \u201cRecycling Beauty\u201d. Fondazione Prada, Milano. Foto Roberto Marossi I Courtesy Fondazione Prada<\/p><\/div>\n<p style=\"text-align: justify;\">La premessa di questa ricerca \u00e8 la necessit\u00e0 di considerare il classico non solo come un\u2019eredit\u00e0 del passato ma come un elemento vitale in grado di incidere sul nostro presente e futuro. Attraverso un innovativo approccio interpretativo e una modalit\u00e0 espositiva sperimentale, il patrimonio antico, e in particolare quello greco-romano, diventa, per usare le parole di Settis, \u201cuna chiave di accesso alla molteplicit\u00e0 delle culture del mondo contemporaneo\u201d.<\/p>\n<div style=\"width: 917px\" class=\"wp-caption aligncenter\"><img loading=\"lazy\" decoding=\"async\" src=\"http:\/\/www.arte.it\/foto\/orig\/26\/134623-13_Fondazione_Prada_Recycling_Beauty_La_Zingarella_e_Moro_Borghese.jpg\" alt=\"\" width=\"907\" height=\"591\" \/><p class=\"wp-caption-text\">Nicolas Cordier, La Zingarella, 1607-1612, riuso di una statua dell\u2019inizio del I secolo d.C., Roma, Galleria Borghese, inv. CCLXIII. Su concessione della Galleria Borghese. Foto Luciano Romano. Nicolas Cordier, Moro Borghese, 1607. Parigi, Mus\u00e9e du Louvre, D\u00e9partment des Antiquit\u00e9s greques, \u00e9trusques et romaines, inv. MR303 \u00a9 2022 Mus\u00e9e du Louvre \/RMN-Grand Palais. Photo Herv\u00e9 Lewandowski \/ Dist. Foto SCALA, Firenze<\/p><\/div>\n<p style=\"text-align: justify;\">Nonostante la sua rilevanza culturale e la sua ampia diffusione, il reimpiego di materiali antichi \u00e8 stato al centro degli studi archeologici solo di recente. Solo negli ultimi anni \u00e8 stato approfondito il dato essenziale di questo fenomeno, ovvero la relazione visuale e concettuale fra gli elementi antichi riusati e il contesto post-antico, lontano da quello di origine, in cui sono stati inclusi. \u201cRecycling Beauty\u201d, al contrario, intende focalizzare l\u2019attenzione sul momento in cui il pezzo antico abbandona la propria condizione iniziale o di rovina e viene riattivato, acquistando nuovo senso e valore grazie al gesto del riuso.<\/p>\n<div style=\"width: 923px\" class=\"wp-caption aligncenter\"><img loading=\"lazy\" decoding=\"async\" src=\"http:\/\/www.arte.it\/foto\/orig\/2a\/134613-Prada_TazzaFarnese.jpg\" alt=\"\" width=\"913\" height=\"913\" \/><p class=\"wp-caption-text\">Tazza Farnese, II\u2013I secolo a.C., cammeo in agata sardonica. Napoli, Museo Archeologico Nazionale di Napoli, inv. 27611. Su concessione del Ministero della Cultura \u2013 Museo Archeologico Nazionale di Napoli<\/p><\/div>\n<p style=\"text-align: justify;\">Il progetto espositivo, concepito da Rem Koolhaas\/OMA con Giulio Margheri, si sviluppa in due edifici della Fondazione, il Podium e la Cisterna, come un percorso di analisi storica, scoperta e immaginazione. Nel Podium un paesaggio di plinti bassi permette di percepire i pezzi esposti come un insieme, mentre le strutture simili a postazioni di lavoro incoraggiano un esame pi\u00f9 ravvicinato grazie alla presenza di sedie da ufficio. Nella Cisterna i visitatori incontrano gli oggetti gradualmente, in una sequenza di spazi che facilitano l\u2019osservazione da punti di vista alternativi. Due sale della Cisterna sono dedicate alla statua colossale di Costantino (IV sec. d.C.), una delle opere pi\u00f9 importanti della scultura romana tardo-antica. Due monumentali frammenti marmorei, la mano e il piede destro, normalmente esposti nel cortile del Palazzo dei Conservatori a Roma, saranno accostati a una ricostruzione del Colosso in scala 1:1, mai tentata prima, che evidenzia come l\u2019opera sia il risultato della rielaborazione di una pi\u00f9 antica statua di culto, probabilmente di Giove. Questo progetto \u00e8 il risultato di una collaborazione tra i Musei Capitolini, Fondazione Prada e Factum Foundation, la cui supervisione scientifica \u00e8 stata seguita da Claudio Parisi Presicce, Sovrintendente Capitolino ai Beni Culturali.<\/p>\n<div style=\"width: 935px\" class=\"wp-caption aligncenter\"><img loading=\"lazy\" decoding=\"async\" src=\"http:\/\/www.arte.it\/foto\/orig\/8c\/134617-PradaCos.jpg\" alt=\"\" width=\"925\" height=\"616\" \/><p class=\"wp-caption-text\">Immagine della mostra \u201cRecycling Beauty\u201d. Fondazione Prada, Milano. Foto Roberto Marossi I Courtesy Fondazione Prada<\/p><\/div>\n<p style=\"text-align: justify;\">Evidenziando l\u2019importanza dei frammenti, del riuso e dell\u2019interpretazione, \u201cRecycling Beauty\u201d contribuisce a considerare il passato come un fenomeno instabile in costante evoluzione. La mostra ospita oltre cinquanta opere d\u2019arte altamente rappresentative provenienti da collezioni pubbliche e musei italiani e internazionali come Mus\u00e9e du Louvre di Parigi, Kunsthistorisches Museum di Vienna, Ny Carlsberg Glyptotek di Copenhagen, Musei Capitolini, Musei Vaticani e Galleria Borghese di Roma, Gallerie degli Uffizi di Firenze e Museo Archeologico Nazionale di Napoli.<\/p>\n","protected":false},"excerpt":{"rendered":"<p>\u201cRecycling Beauty\u201d \u00e8 un\u2019inedita ricognizione dedicata al tema del riuso di antichit\u00e0 greche e romane in contesti post-antichi, dal Medioevo al Barocco. Una mostra, visitabile alla Fondazione Prada fino al 27 febbraio 2023, a cura di Salvatore Settis e Anna Anguissola con Denise La Monica&#8230;<\/p>\n","protected":false},"author":3,"featured_media":19854,"comment_status":"open","ping_status":"open","sticky":false,"template":"","format":"standard","meta":{"footnotes":""},"categories":[4356,4366],"tags":[4899,4900,4408,4562,4364],"class_list":["post-21191","post","type-post","status-publish","format-standard","has-post-thumbnail","hentry","category-art","category-cultura-en","tag-antica-grecia-en","tag-antica-roma-en","tag-arte-contemporanea-en","tag-fondazione-prada-en","tag-milano-en"],"_links":{"self":[{"href":"https:\/\/www.pressroom.cloud\/en\/wp-json\/wp\/v2\/posts\/21191","targetHints":{"allow":["GET"]}}],"collection":[{"href":"https:\/\/www.pressroom.cloud\/en\/wp-json\/wp\/v2\/posts"}],"about":[{"href":"https:\/\/www.pressroom.cloud\/en\/wp-json\/wp\/v2\/types\/post"}],"author":[{"embeddable":true,"href":"https:\/\/www.pressroom.cloud\/en\/wp-json\/wp\/v2\/users\/3"}],"replies":[{"embeddable":true,"href":"https:\/\/www.pressroom.cloud\/en\/wp-json\/wp\/v2\/comments?post=21191"}],"version-history":[{"count":1,"href":"https:\/\/www.pressroom.cloud\/en\/wp-json\/wp\/v2\/posts\/21191\/revisions"}],"predecessor-version":[{"id":22013,"href":"https:\/\/www.pressroom.cloud\/en\/wp-json\/wp\/v2\/posts\/21191\/revisions\/22013"}],"wp:featuredmedia":[{"embeddable":true,"href":"https:\/\/www.pressroom.cloud\/en\/wp-json\/wp\/v2\/media\/19854"}],"wp:attachment":[{"href":"https:\/\/www.pressroom.cloud\/en\/wp-json\/wp\/v2\/media?parent=21191"}],"wp:term":[{"taxonomy":"category","embeddable":true,"href":"https:\/\/www.pressroom.cloud\/en\/wp-json\/wp\/v2\/categories?post=21191"},{"taxonomy":"post_tag","embeddable":true,"href":"https:\/\/www.pressroom.cloud\/en\/wp-json\/wp\/v2\/tags?post=21191"}],"curies":[{"name":"wp","href":"https:\/\/api.w.org\/{rel}","templated":true}]}}