{"id":21193,"date":"2022-11-20T09:51:01","date_gmt":"2022-11-20T08:51:01","guid":{"rendered":"https:\/\/www.pressroom.cloud\/torino-dedica-una-mostra-a-margherita-di-savoia-regina-ditalia\/"},"modified":"2025-03-26T17:15:17","modified_gmt":"2025-03-26T16:15:17","slug":"torino-dedica-una-mostra-a-margherita-di-savoia-regina-ditalia","status":"publish","type":"post","link":"https:\/\/www.pressroom.cloud\/en\/torino-dedica-una-mostra-a-margherita-di-savoia-regina-ditalia\/","title":{"rendered":"Torino dedica una mostra a Margherita di Savoia, regina d\u2019Italia"},"content":{"rendered":"<p style=\"text-align: justify;\"><strong>Palazzo Madama di Torino<\/strong> presenta, fino 30 gennaio 2023, \u201c<strong>Margherita di Savoia, regina d\u2019Italia<\/strong>\u201d, una mostra dedicata alla prima regina italiana.<\/p>\n<p>Margherita di Savoia (Torino 1851 \u2013 Bordighera 1926) \u00e8 stata la prima regina dell\u2019Italia unita. Fin dalle nozze con il principe Umberto, seppe conquistare il cuore degli Italiani e, con la propria popolarit\u00e0, contribu\u00ec a costruire il sentimento di identit\u00e0 della nazione intorno alla corona dei Savoia. Regina dal 1878 al 1900, impose il suo gusto ridondante nella moda, nella decorazione, il suo amore per la musica e la montagna si riverberarono nella vita dell\u2019aristocrazia italiana. Fu testimonial di attivit\u00e0 a sostegno delle donne e promosse lo sviluppo di scuole professionali, e di opere di beneficenza. Il mito di Margherita non si ecliss\u00f2 con l\u2019assassinio di Umberto, anzi, accompagn\u00f2 la nazione nel XX secolo.<\/p>\n<div style=\"width: 931px\" class=\"wp-caption aligncenter\"><img loading=\"lazy\" decoding=\"async\" class=\"\" src=\"https:\/\/artslife.com\/wp-content\/uploads\/2022\/11\/02-727x1000.jpg\" alt=\"Giuseppe Bertini, Ritratto di Margherita di Savoia, 1870. Olio su tela Racconigi (CN), Direzione Regionale Musei Piemonte \u2013 Castello di Racconigi\" width=\"921\" height=\"1267\" \/><p class=\"wp-caption-text\">Giuseppe Bertini, Ritratto di Margherita di Savoia, 1870. Olio su tela Racconigi (CN), Direzione Regionale Musei Piemonte \u2013 Castello di Racconigi<\/p><\/div>\n<p style=\"text-align: justify;\">Figlia di un eroe del Risorgimento, il duca di Savoia Genova Ferdinando, e nipote del Re Vittorio Emanuele II, Margherita sposa a sedici anni il cugino ed erede al trono, Umberto. Negli anni immediatamente successivi all\u2019unificazione nazionale, si rende protagonista nel costruire un forte sentimento di identit\u00e0 nazionale intorno alla monarchia. La mostra illustra il tumultuoso passaggio tra XIX e XX secolo\u00a0del Paese attraverso la\u00a0traiettoria di questa figura che divenne icona femminile di casa Savoia: glamour nelle ricche ed eccessive\u00a0<em>toilettes<\/em>, materna nell\u2019interessarsi alle necessit\u00e0 del popolo e nel sostenerne l\u2019istruzione, apripista di un nuovo stile di vita che si relaziona con la natura e la montagna. Arredi, dipinti, fotografie illustrano il mondo privato e pubblico di Margherita<\/p>\n<div id=\"maincontent\">\n<div class=\"pagecontent\">\n<div class=\"testo\">\n<div id=\"attachment_52271\" style=\"width: 956px\" class=\"wp-caption aligncenter\"><img loading=\"lazy\" decoding=\"async\" aria-describedby=\"caption-attachment-52271\" class=\" lazyloaded wp-image-52271\" src=\"https:\/\/www.guidatorino.com\/wp-content\/uploads\/2021\/12\/margherita-savoia-mostra-torino-2022-3-633x400.jpg\" sizes=\"auto, (max-width: 633px) 100vw, 633px\" srcset=\"https:\/\/www.guidatorino.com\/wp-content\/uploads\/2021\/12\/margherita-savoia-mostra-torino-2022-3-633x400.jpg 633w, https:\/\/www.guidatorino.com\/wp-content\/uploads\/2021\/12\/margherita-savoia-mostra-torino-2022-3-226x143.jpg 226w, https:\/\/www.guidatorino.com\/wp-content\/uploads\/2021\/12\/margherita-savoia-mostra-torino-2022-3.jpg 1200w\" alt=\"Margherita di Savoia mostra Torino 2022\" width=\"946\" height=\"597\" data-srcset=\"https:\/\/www.guidatorino.com\/wp-content\/uploads\/2021\/12\/margherita-savoia-mostra-torino-2022-3-633x400.jpg 633w, https:\/\/www.guidatorino.com\/wp-content\/uploads\/2021\/12\/margherita-savoia-mostra-torino-2022-3-226x143.jpg 226w, https:\/\/www.guidatorino.com\/wp-content\/uploads\/2021\/12\/margherita-savoia-mostra-torino-2022-3.jpg 1200w\" data-src=\"https:\/\/www.guidatorino.com\/wp-content\/uploads\/2021\/12\/margherita-savoia-mostra-torino-2022-3-633x400.jpg\" data-sizes=\"(max-width: 633px) 100vw, 633px\" \/><p id=\"caption-attachment-52271\" class=\"wp-caption-text\">Palazzo Madama \u00a9 Foto di Perottino<\/p><\/div>\n<p style=\"text-align: justify;\">La mostra rende omaggio a questa figura amata dal popolo, usa ispiratrice e benefattrice, modello di azione e di stile. Attraverso numerose proiezioni di\u00a0<strong>filmati e immagini d\u2019epoca<\/strong>, il percorso immersivo dell\u2019esposizione trasporta i visitatori nel mondo e negli anni della Regina che fece l\u2019Italia. Esposte sessantacinque\u00a0<strong>opere, tra ritratti, dipinti, sculture, gioielli, abiti, strumenti musicali, manoscritti, libri, tappezzerie, mobili e oggetti di arredo<\/strong>.<\/p>\n<\/div>\n<\/div>\n<\/div>\n","protected":false},"excerpt":{"rendered":"<p>Palazzo Madama di Torino presenta, fino 30 gennaio 2023, \u201cMargherita di Savoia, regina d\u2019Italia\u201d, una mostra dedicata alla prima regina italiana. Margherita di Savoia (Torino 1851 \u2013 Bordighera 1926) \u00e8 stata la prima regina dell\u2019Italia unita. Fin dalle nozze con il principe Umberto, seppe conquistare&#8230;<\/p>\n","protected":false},"author":3,"featured_media":19851,"comment_status":"open","ping_status":"open","sticky":false,"template":"","format":"standard","meta":{"footnotes":""},"categories":[4356,4358],"tags":[4903,4677,4419],"class_list":["post-21193","post","type-post","status-publish","format-standard","has-post-thumbnail","hentry","category-art","category-newsroom-en","tag-margherita-di-savoia-en","tag-palazzo-madama-en","tag-torino-en"],"_links":{"self":[{"href":"https:\/\/www.pressroom.cloud\/en\/wp-json\/wp\/v2\/posts\/21193","targetHints":{"allow":["GET"]}}],"collection":[{"href":"https:\/\/www.pressroom.cloud\/en\/wp-json\/wp\/v2\/posts"}],"about":[{"href":"https:\/\/www.pressroom.cloud\/en\/wp-json\/wp\/v2\/types\/post"}],"author":[{"embeddable":true,"href":"https:\/\/www.pressroom.cloud\/en\/wp-json\/wp\/v2\/users\/3"}],"replies":[{"embeddable":true,"href":"https:\/\/www.pressroom.cloud\/en\/wp-json\/wp\/v2\/comments?post=21193"}],"version-history":[{"count":1,"href":"https:\/\/www.pressroom.cloud\/en\/wp-json\/wp\/v2\/posts\/21193\/revisions"}],"predecessor-version":[{"id":22017,"href":"https:\/\/www.pressroom.cloud\/en\/wp-json\/wp\/v2\/posts\/21193\/revisions\/22017"}],"wp:featuredmedia":[{"embeddable":true,"href":"https:\/\/www.pressroom.cloud\/en\/wp-json\/wp\/v2\/media\/19851"}],"wp:attachment":[{"href":"https:\/\/www.pressroom.cloud\/en\/wp-json\/wp\/v2\/media?parent=21193"}],"wp:term":[{"taxonomy":"category","embeddable":true,"href":"https:\/\/www.pressroom.cloud\/en\/wp-json\/wp\/v2\/categories?post=21193"},{"taxonomy":"post_tag","embeddable":true,"href":"https:\/\/www.pressroom.cloud\/en\/wp-json\/wp\/v2\/tags?post=21193"}],"curies":[{"name":"wp","href":"https:\/\/api.w.org\/{rel}","templated":true}]}}