{"id":21194,"date":"2022-11-19T17:16:02","date_gmt":"2022-11-19T16:16:02","guid":{"rendered":"https:\/\/www.pressroom.cloud\/italia-autentica-uniti-per-verdi\/"},"modified":"2025-03-26T17:15:18","modified_gmt":"2025-03-26T16:15:18","slug":"italia-autentica-uniti-per-verdi","status":"publish","type":"post","link":"https:\/\/www.pressroom.cloud\/en\/italia-autentica-uniti-per-verdi\/","title":{"rendered":"Italia Autentica. Uniti per Verdi"},"content":{"rendered":"<p class=\"xmprfx_MsoNormal\" style=\"text-align: justify;\"><span lang=\"IT\">Cosa sarebbe l\u2019Italia senza Giuseppe Verdi? Uno dei simboli del nostro paese, l\u2019artista che, forse, simboleggia meglio l\u2019Unit\u00e0 d\u2019Italia. Il Risorgimento ha influenzato la musica di Verdi almeno quanto Verdi ha influenzato la musica del suo tempo, il Cigno di Bussetto infatti simpatizz\u00f2 con il movimento risorgimentale e partecip\u00f2 attivamente, anche se per breve tempo, alla vita politica. Nel corso della sua lunga esistenza stabil\u00ec una posizione unica nella vita civile e artistica italiane, divenendo un simbolo dell&#8217;unit\u00e0 del Paese. Ma pare che il nostro paese se ne sia dimenticato, lasciando che la sua dimora,\u00a0<b>la Villa Verdi di Sant\u2019Agata<\/b>, dove compose alcune delle opere pi\u00f9 famose come\u00a0<i>Rigoletto, Il trovatore, Un ballo in maschera, La traviata<\/i>, finisse all\u2019asta.<\/span><\/p>\n<p class=\"xmprfx_MsoNormal\" style=\"text-align: justify;\"><span lang=\"IT\">Meno male che esistono persone sensibili che hanno preso a cuore la situazione.<\/span><\/p>\n<div id=\"attachment_10773\" style=\"width: 947px\" class=\"wp-caption aligncenter\"><img loading=\"lazy\" decoding=\"async\" aria-describedby=\"caption-attachment-10773\" class=\" wp-image-10773\" src=\"https:\/\/www.pressroom.cloud\/wp-content\/uploads\/giuseppe-verdi-nel-giardino-di-parco-villa-verdi-300x230.jpg\" alt=\"\" width=\"937\" height=\"718\" srcset=\"https:\/\/www.pressroom.cloud\/wp-content\/uploads\/giuseppe-verdi-nel-giardino-di-parco-villa-verdi-300x230.jpg 300w, https:\/\/www.pressroom.cloud\/wp-content\/uploads\/giuseppe-verdi-nel-giardino-di-parco-villa-verdi-768x589.jpg 768w, https:\/\/www.pressroom.cloud\/wp-content\/uploads\/giuseppe-verdi-nel-giardino-di-parco-villa-verdi.jpg 1000w\" sizes=\"auto, (max-width: 937px) 100vw, 937px\" \/><p id=\"caption-attachment-10773\" class=\"wp-caption-text\">Verdi nel giardino di Parco Villa Verdi<\/p><\/div>\n<p class=\"xmprfx_MsoNormal\" style=\"text-align: justify;\">\u00ab<span lang=\"IT\">C<\/span>ome tanti di voi\u00a0<b>sono preoccupato<\/b><span lang=\"IT\">\u00a0&#8211; scrive Francesco Meli su Facebook<\/span><span lang=\"IT\">\u00a0<\/span><span lang=\"IT\">&#8211;\u00a0<\/span>per la chiusura al pubblico di quella che per noi \u00e8 pi\u00f9 di una casa, pi\u00f9 di un museo, \u00e8 un sacrario di memorie, di arte, di storia politica e sociale d\u2019Italia: la\u00a0<span lang=\"IT\">Villa Verdi<\/span>\u00a0di Sant\u2019Agata.\u00a0<b>Noi vogliamo che la Villa divenga patrimonio di tutti gli italiani, conservata, curata, fruibile da tutti. Noi vogliamo che lo Stato e tutte le altre istituzioni coinvolte a vario titolo nella vicenda sappiano che non staremo zitti finch\u00e9 la questione non sar\u00e0 risolta positivamente<\/b>. E vogliamo far sapere a tutti che siamo disposti a fare altre attivit\u00e0 a sostegno di questa causa. Per questo abbiamo bisogno di tutti voi, del pubblico che ama Verdi e che lo considera anche un padre della Patria\u00bb.<\/p>\n<div id=\"attachment_10774\" style=\"width: 950px\" class=\"wp-caption aligncenter\"><img loading=\"lazy\" decoding=\"async\" aria-describedby=\"caption-attachment-10774\" class=\"wp-image-10774 \" src=\"https:\/\/www.pressroom.cloud\/wp-content\/uploads\/francesco-meli-ph-victor-santiago-300x150.png\" alt=\"\" width=\"940\" height=\"470\" srcset=\"https:\/\/www.pressroom.cloud\/wp-content\/uploads\/francesco-meli-ph-victor-santiago-300x150.png 300w, https:\/\/www.pressroom.cloud\/wp-content\/uploads\/francesco-meli-ph-victor-santiago-1024x512.png 1024w, https:\/\/www.pressroom.cloud\/wp-content\/uploads\/francesco-meli-ph-victor-santiago-768x384.png 768w, https:\/\/www.pressroom.cloud\/wp-content\/uploads\/francesco-meli-ph-victor-santiago-1536x768.png 1536w, https:\/\/www.pressroom.cloud\/wp-content\/uploads\/francesco-meli-ph-victor-santiago-1320x660.png 1320w\" sizes=\"auto, (max-width: 940px) 100vw, 940px\" \/><p id=\"caption-attachment-10774\" class=\"wp-caption-text\">Francesco Meli \u00a9 Victor Santiago<\/p><\/div>\n<p class=\"xmprfx_MsoNormal\" style=\"text-align: justify;\"><span lang=\"IT\">Ma non sono solo parole.\u00a0<b><span dir=\"ltr\">Luned\u00ec 21 novembre alle 20.30\u00a0<\/span>presso il Teatro Lirico di Milano<\/b>\u00a0si terr\u00e0\u00a0<b>\u201cUniti per Verdi\u201d,\u00a0<\/b>un Gala con grandi star della lirica internazionale per porre l&#8217;attenzione sulla vicenda di Villa Verdi. Gi\u00e0 dal titolo si capisce lo spirito e la forza della serata. \u00a0<\/span><span lang=\"IT\">\u00a0<\/span><\/p>\n<p class=\"xmprfx_MsoNormal\" style=\"text-align: justify;\"><span lang=\"IT\">L\u2019idea \u00e8 nata da due big della lirica,\u00a0<b>il tenore <a href=\"https:\/\/www.francescomeli.it\/\">Francesco Meli<\/a> e il direttore d\u2019orchestra <a href=\"https:\/\/riccardofrizza.com\/\">Riccardo Frizza<\/a><\/b>, ed \u00e8 stata accolta in primis dalla <a href=\"https:\/\/www.quartettomilano.it\/\"><strong>Societ\u00e0 del Quartetto<\/strong><\/a> e dalla sua presidente Ilaria Borletti Buitoni che hanno subito messo a disposizione il Teatro Lirico di Milano. Poi \u00e8 arrivata la OFI (Orchestra Filarmonica Italiana) che ha radunato le prime parti delle orchestre pi\u00f9 prestigiose d\u2019Italia per formare un\u2019unica orchestra, che per l\u2019occasione si esibir\u00e0 senza nome.<\/span><\/p>\n<div id=\"attachment_10775\" style=\"width: 914px\" class=\"wp-caption aligncenter\"><img loading=\"lazy\" decoding=\"async\" aria-describedby=\"caption-attachment-10775\" class=\" wp-image-10775\" src=\"https:\/\/www.pressroom.cloud\/wp-content\/uploads\/6243e2ff5abbbcdd64c5a64388f14f85-300x300.jpg\" alt=\"\" width=\"904\" height=\"904\" srcset=\"https:\/\/www.pressroom.cloud\/wp-content\/uploads\/6243e2ff5abbbcdd64c5a64388f14f85-300x300.jpg 300w, https:\/\/www.pressroom.cloud\/wp-content\/uploads\/6243e2ff5abbbcdd64c5a64388f14f85-150x150.jpg 150w, https:\/\/www.pressroom.cloud\/wp-content\/uploads\/6243e2ff5abbbcdd64c5a64388f14f85-550x550.jpg 550w, https:\/\/www.pressroom.cloud\/wp-content\/uploads\/6243e2ff5abbbcdd64c5a64388f14f85.jpg 700w\" sizes=\"auto, (max-width: 904px) 100vw, 904px\" \/><p id=\"caption-attachment-10775\" class=\"wp-caption-text\">Uniti x Verdi, locandina ufficiale \u00a9 Societ\u00e0 del Quartetto di Milano<\/p><\/div>\n<p class=\"xmprfx_MsoNormal\" style=\"text-align: justify;\">\u00ab<span lang=\"IT\">Sono orgoglioso di collaborare con la Societ\u00e0 del Quartetto di Milano e Francesco Meli per questo Gala che \u00e8 pi\u00f9 di un concerto. Gli artisti della lirica si mobilitano per sensibilizzare le istituzioni sulla vicenda di Villa Verdi, chiusa al pubblico dal 30 ottobre e presto all\u2019asta. \u2013\u00a0dichiara Frizza sui social\u00a0&#8211;\u00a0<b>Non permettiamo scempi e uniamoci per far sentire la nostra voce. Io e altri colleghi avremo l\u2019onore di dirigere un\u2019orchestra composta da professori provenienti da varie Fondazioni Lirico Sinfoniche<\/b><\/span>\u00bb<span lang=\"IT\">.<\/span><\/p>\n<div id=\"attachment_10042\" style=\"width: 953px\" class=\"wp-caption aligncenter\"><img loading=\"lazy\" decoding=\"async\" aria-describedby=\"caption-attachment-10042\" class=\" wp-image-10042\" src=\"https:\/\/www.pressroom.cloud\/wp-content\/uploads\/Riccardo-Frizza_photo-credit-Simone-Falcetta-300x198.jpg\" alt=\"\" width=\"943\" height=\"622\" srcset=\"https:\/\/www.pressroom.cloud\/wp-content\/uploads\/Riccardo-Frizza_photo-credit-Simone-Falcetta-300x198.jpg 300w, https:\/\/www.pressroom.cloud\/wp-content\/uploads\/Riccardo-Frizza_photo-credit-Simone-Falcetta-1024x677.jpg 1024w, https:\/\/www.pressroom.cloud\/wp-content\/uploads\/Riccardo-Frizza_photo-credit-Simone-Falcetta-768x508.jpg 768w\" sizes=\"auto, (max-width: 943px) 100vw, 943px\" \/><p id=\"caption-attachment-10042\" class=\"wp-caption-text\">Riccardo Frizza \u00a9 Simone Falcetta<\/p><\/div>\n<p class=\"xmprfx_MsoNormal\" style=\"text-align: justify;\"><span lang=\"IT\">Hanno gi\u00e0 confermato la loro presenza Massimo Cavalletti, Roberto de Candia, Chiara Isotton, Caterina Piva, Piero Pretti, Annalisa Stroppa, Riccardo Zanellato e Davide Livermore; quelli che non riescono a esserci di persona stanno lasciando dei messaggi che si possono leggere sui social di Meli. <strong>Ospite d\u2019onore<\/strong> della serata sar\u00e0 il grande baritono <strong>Leo Nucci<\/strong> che canter\u00e0 &#8220;Di Provenza il mar, il suol\u201d dalla Traviata. Un lusso. E man mano che passano i giorni, arrivano sempre pi\u00f9 adesioni da parte di direttori, giornalisti, critici, musicologi, politici e, naturalmente, il pubblico che ha risposto immediatamente con il sold-out del Lirico. <b>Un segnale forte e chiaro<\/b>. Per chi non fosse riuscito ad assicurarsi un biglietto \u2013 da quello che leggo in giro, ce ne sono tanti &#8211;\u00a0<b>il Corriere della Sera trasmetter\u00e0 il concerto in diretta sulla sua tv.<\/b><\/span><\/p>\n<p class=\"xmprfx_MsoNormal\" style=\"text-align: justify;\"><span lang=\"IT\">Sottolineo, come tiene a farlo anche il\u00a0<i>tenorissimo,<\/i>\u00a0che nessuno degli artisti coinvolti percepir\u00e0 cachet e che l\u2019ingresso al concerto \u00e8 assolutamente libero perch\u00e9\u00a0<\/span>\u00ab<span lang=\"IT\">l<\/span>a nostra voce e la vostra voce devono arrivare forti e chiare l\u00ec dove si prendono le decisioni\u00bb.<\/p>\n<div id=\"attachment_10776\" style=\"width: 945px\" class=\"wp-caption aligncenter\"><img loading=\"lazy\" decoding=\"async\" aria-describedby=\"caption-attachment-10776\" class=\"wp-image-10776\" src=\"https:\/\/www.pressroom.cloud\/wp-content\/uploads\/villa-verdi-camera-da-letto-di-Giuseppe-Verdi-con-calco-della-mano-300x300.jpg\" alt=\"\" width=\"935\" height=\"935\" srcset=\"https:\/\/www.pressroom.cloud\/wp-content\/uploads\/villa-verdi-camera-da-letto-di-Giuseppe-Verdi-con-calco-della-mano-300x300.jpg 300w, https:\/\/www.pressroom.cloud\/wp-content\/uploads\/villa-verdi-camera-da-letto-di-Giuseppe-Verdi-con-calco-della-mano-1024x1024.jpg 1024w, https:\/\/www.pressroom.cloud\/wp-content\/uploads\/villa-verdi-camera-da-letto-di-Giuseppe-Verdi-con-calco-della-mano-150x150.jpg 150w, https:\/\/www.pressroom.cloud\/wp-content\/uploads\/villa-verdi-camera-da-letto-di-Giuseppe-Verdi-con-calco-della-mano-768x768.jpg 768w, https:\/\/www.pressroom.cloud\/wp-content\/uploads\/villa-verdi-camera-da-letto-di-Giuseppe-Verdi-con-calco-della-mano-550x550.jpg 550w, https:\/\/www.pressroom.cloud\/wp-content\/uploads\/villa-verdi-camera-da-letto-di-Giuseppe-Verdi-con-calco-della-mano.jpg 1080w\" sizes=\"auto, (max-width: 935px) 100vw, 935px\" \/><p id=\"caption-attachment-10776\" class=\"wp-caption-text\">Camera da letto di Giuseppe Verdi con calco della mano \u00a9 Villa Verdi<\/p><\/div>\n<p class=\"xmprfx_MsoNormal\" style=\"text-align: justify;\"><span lang=\"IT\">E qualcosa \u00e8 gi\u00e0 arrivato al\u00a0<\/span>ministro per la Cultura Gennaro Sangiuliano<span lang=\"IT\">\u00a0che,\u00a0<\/span>rispondendo a un<span lang=\"IT\">\u2019<\/span>interrogazione di Fratelli d&#8217;Italia<span lang=\"IT\">\u00a0il 16 novembre,\u00a0ha\u00a0detto<\/span><span lang=\"IT\">\u00a0<\/span>\u00abLo Stato non si pu\u00f2 permettere di lasciare che vada<span lang=\"IT\">\u00a0(la villa)<\/span>\u00a0in degrado. Bisogna aspettare la decisione del tribunale civile, poi due strade, quella della trattativa diretta o far concludere un\u2019eventuale asta e poi intervenire con la prelazione. Ma in ogni caso ci siamo\u00bb.<\/p>\n","protected":false},"excerpt":{"rendered":"<p>Cosa sarebbe l\u2019Italia senza Giuseppe Verdi? Uno dei simboli del nostro paese, l\u2019artista che, forse, simboleggia meglio l\u2019Unit\u00e0 d\u2019Italia. Il Risorgimento ha influenzato la musica di Verdi almeno quanto Verdi ha influenzato la musica del suo tempo, il Cigno di Bussetto infatti simpatizz\u00f2 con il&#8230;<\/p>\n","protected":false},"author":23,"featured_media":19846,"comment_status":"open","ping_status":"open","sticky":false,"template":"","format":"standard","meta":{"footnotes":""},"categories":[4366,4540],"tags":[4904,4905,4801,4364,4392,4665,4906],"class_list":["post-21194","post","type-post","status-publish","format-standard","has-post-thumbnail","hentry","category-cultura-en","category-spettacoli-en","tag-francesco-meli-en","tag-giuseppe-verdi-en","tag-italia-autentica-en","tag-milano-en","tag-riccardo-frizza-en","tag-societa-del-quartetto-di-milano-en","tag-villa-verdi-en"],"_links":{"self":[{"href":"https:\/\/www.pressroom.cloud\/en\/wp-json\/wp\/v2\/posts\/21194","targetHints":{"allow":["GET"]}}],"collection":[{"href":"https:\/\/www.pressroom.cloud\/en\/wp-json\/wp\/v2\/posts"}],"about":[{"href":"https:\/\/www.pressroom.cloud\/en\/wp-json\/wp\/v2\/types\/post"}],"author":[{"embeddable":true,"href":"https:\/\/www.pressroom.cloud\/en\/wp-json\/wp\/v2\/users\/23"}],"replies":[{"embeddable":true,"href":"https:\/\/www.pressroom.cloud\/en\/wp-json\/wp\/v2\/comments?post=21194"}],"version-history":[{"count":1,"href":"https:\/\/www.pressroom.cloud\/en\/wp-json\/wp\/v2\/posts\/21194\/revisions"}],"predecessor-version":[{"id":22019,"href":"https:\/\/www.pressroom.cloud\/en\/wp-json\/wp\/v2\/posts\/21194\/revisions\/22019"}],"wp:featuredmedia":[{"embeddable":true,"href":"https:\/\/www.pressroom.cloud\/en\/wp-json\/wp\/v2\/media\/19846"}],"wp:attachment":[{"href":"https:\/\/www.pressroom.cloud\/en\/wp-json\/wp\/v2\/media?parent=21194"}],"wp:term":[{"taxonomy":"category","embeddable":true,"href":"https:\/\/www.pressroom.cloud\/en\/wp-json\/wp\/v2\/categories?post=21194"},{"taxonomy":"post_tag","embeddable":true,"href":"https:\/\/www.pressroom.cloud\/en\/wp-json\/wp\/v2\/tags?post=21194"}],"curies":[{"name":"wp","href":"https:\/\/api.w.org\/{rel}","templated":true}]}}