{"id":21203,"date":"2022-11-09T13:11:04","date_gmt":"2022-11-09T12:11:04","guid":{"rendered":"https:\/\/www.pressroom.cloud\/bosch-il-suo-rinascimento-alternativo-a-palazzo-reale-milano\/"},"modified":"2025-03-26T17:15:25","modified_gmt":"2025-03-26T16:15:25","slug":"bosch-il-suo-rinascimento-alternativo-a-palazzo-reale-milano","status":"publish","type":"post","link":"https:\/\/www.pressroom.cloud\/en\/bosch-il-suo-rinascimento-alternativo-a-palazzo-reale-milano\/","title":{"rendered":"Bosch il suo Rinascimento alternativo a Palazzo Reale Milano"},"content":{"rendered":"<p style=\"text-align: justify;\"><strong>&#8220;Bosch e un altro Rinascimento&#8221;<\/strong>\u00a0\u00e8 promossa dal\u00a0<strong>Comune di Milano-Cultura<\/strong>,\u00a0<a href=\"https:\/\/www.palazzorealemilano.it\/\"><strong>Palazzo Reale<\/strong><\/a>\u00a0e\u00a0<strong>Castello Sforzesco<\/strong>, realizzata da\u00a0<strong>24 ORE Cultura-Gruppo 24 ORE<\/strong>\u00a0e\u00a0<strong>curata<\/strong>\u00a0da\u00a0<strong>Bernard Aikema<\/strong>, gi\u00e0 professore di Storia dell&#8217;Arte Moderna presso l&#8217;Universit\u00e0 di Verona,\u00a0<strong>Fernando Checa Cremades<\/strong>, professore di Storia dell&#8217;Arte all&#8217;Universit\u00e0 Complutense di Madrid e gi\u00e0 direttore del Museo del Prado e\u00a0<strong>Claudio Salsi<\/strong>, direttore Castello Sforzesco, Musei Archeologici e Musei Storici e docente di storia dell&#8217;incisione presso l&#8217;Universit\u00e0 Cattolica di Milano.<\/p>\n<div style=\"width: 1144px\" class=\"wp-caption aligncenter\"><img loading=\"lazy\" decoding=\"async\" src=\"http:\/\/www.palazzorealemilano.it\/sites\/default\/files\/gallery\/2022-09\/Lisbona.jpg\" alt=\"Jheronymus Bosch, Trittico delle Tentazioni di sant\u2019Antonio, 1500 circa, Olio su tavola, Lisbona, Museu Nacional de Arte Antiga  \u00a9 DGPC\/Lu\u00edsa Oliveira\" width=\"1134\" height=\"655\" \/><p class=\"wp-caption-text\">Jheronymus Bosch, Trittico delle Tentazioni di sant\u2019Antonio, 1500 circa, Olio su tavola, Lisbona, Museu Nacional de Arte Antiga \u00a9 DGPC\/Lu\u00edsa Oliveira<\/p><\/div>\n<p style=\"text-align: justify;\">Il percorso espositivo presenta\u00a0<strong>un centinaio di opere d&#8217;arte tra dipinti, sculture, arazzi, incisioni, bronzetti e volumi antichi<\/strong>, inclusi una trentina di oggetti rari e preziosi provenienti da w\u00fcnderkammern.<\/p>\n<div style=\"width: 1144px\" class=\"wp-caption alignnone\"><img loading=\"lazy\" decoding=\"async\" src=\"http:\/\/www.palazzorealemilano.it\/sites\/default\/files\/gallery\/2022-09\/01_Stregozzo.jpg\" alt=\"Marcantonio Raimondi o Agostino Veneziano, Lo Stregozzo, Ante 1527, Bulino, Milano, Civica Raccolta delle Stampe \u201cAchille Bertarelli\u201d, \u00a9 Comune di Milano\" width=\"1134\" height=\"570\" \/><p class=\"wp-caption-text\">Marcantonio Raimondi o Agostino Veneziano, Lo Stregozzo, Ante 1527, Bulino, Milano, Civica Raccolta delle Stampe \u201cAchille Bertarelli\u201d, \u00a9 Comune di Milano<\/p><\/div>\n<p style=\"text-align: justify;\">In questo ricchissimo corpus spiccano alcuni dei\u00a0<strong>pi\u00f9 celebri capolavori di Bosch<\/strong>\u00a0e opere derivate da soggetti del Maestro &#8211; mai presentate insieme prima d&#8217;ora in un&#8217;unica mostra. Bosch \u00e8 infatti autore di pochissime opere universalmente a lui attribuite e conservate nei musei di tutto il mondo, proprio perch\u00e9 cosi rari e preziosi, difficilmente i capolavori di questo artista lasciano i musei cui appartengono, e ancora pi\u00f9 raramente si ha la possibilit\u00e0 di vederli riuniti in un&#8217;unica esposizione.<\/p>\n<div style=\"width: 1144px\" class=\"wp-caption aligncenter\"><img loading=\"lazy\" decoding=\"async\" src=\"http:\/\/www.palazzorealemilano.it\/sites\/default\/files\/gallery\/2022-09\/Lisbona_particolare_2.jpg\" alt=\"Jheronymus Bosch, Trittico delle Tentazioni di sant\u2019Antonio - particolare, 1500 circa, Olio su tavola, Lisbona, Museu Nacional de Arte Antiga  \u00a9 DGPC\/Lu\u00edsa Oliveira\" width=\"1134\" height=\"891\" \/><p class=\"wp-caption-text\">Jheronymus Bosch, Trittico delle Tentazioni di sant\u2019Antonio &#8211; particolare, 1500 circa, Olio su tavola, Lisbona, Museu Nacional de Arte Antiga \u00a9 DGPC\/Lu\u00edsa Oliveira<\/p><\/div>\n<p style=\"text-align: justify;\">L&#8217;esposizione non \u00e8 una monografica convenzionale, ma mette\u00a0<strong>in dialogo capolavori<\/strong>\u00a0tradizionalmente attribuiti al Maestro\u00a0<strong>con importanti opere di altri maestri fiamminghi, italiani e spagnoli<\/strong>, in un confronto che ha l&#8217;intento di spiegare al visitatore quanto l&#8217;altro&#8217; Rinascimento non solo italiano e non solo boschiano negli anni coevi o immediatamente-successivi influenzer\u00e0 grandi artisti come Tiziano, Raffaello, Gerolamo Savoldo, Dosso Dossi, El Greco e molti altri.<\/p>\n","protected":false},"excerpt":{"rendered":"<p>&#8220;Bosch e un altro Rinascimento&#8221;\u00a0\u00e8 promossa dal\u00a0Comune di Milano-Cultura,\u00a0Palazzo Reale\u00a0e\u00a0Castello Sforzesco, realizzata da\u00a024 ORE Cultura-Gruppo 24 ORE\u00a0e\u00a0curata\u00a0da\u00a0Bernard Aikema, gi\u00e0 professore di Storia dell&#8217;Arte Moderna presso l&#8217;Universit\u00e0 di Verona,\u00a0Fernando Checa Cremades, professore di Storia dell&#8217;Arte all&#8217;Universit\u00e0 Complutense di Madrid e gi\u00e0 direttore del Museo del Prado&#8230;<\/p>\n","protected":false},"author":3,"featured_media":19781,"comment_status":"open","ping_status":"open","sticky":false,"template":"","format":"standard","meta":{"footnotes":""},"categories":[4356,4358],"tags":[4930,4364,4376,4931],"class_list":["post-21203","post","type-post","status-publish","format-standard","has-post-thumbnail","hentry","category-art","category-newsroom-en","tag-hieronymus-bosch-en","tag-milano-en","tag-palazzo-reale-en","tag-palazzo-reale-e-en"],"_links":{"self":[{"href":"https:\/\/www.pressroom.cloud\/en\/wp-json\/wp\/v2\/posts\/21203","targetHints":{"allow":["GET"]}}],"collection":[{"href":"https:\/\/www.pressroom.cloud\/en\/wp-json\/wp\/v2\/posts"}],"about":[{"href":"https:\/\/www.pressroom.cloud\/en\/wp-json\/wp\/v2\/types\/post"}],"author":[{"embeddable":true,"href":"https:\/\/www.pressroom.cloud\/en\/wp-json\/wp\/v2\/users\/3"}],"replies":[{"embeddable":true,"href":"https:\/\/www.pressroom.cloud\/en\/wp-json\/wp\/v2\/comments?post=21203"}],"version-history":[{"count":1,"href":"https:\/\/www.pressroom.cloud\/en\/wp-json\/wp\/v2\/posts\/21203\/revisions"}],"predecessor-version":[{"id":22037,"href":"https:\/\/www.pressroom.cloud\/en\/wp-json\/wp\/v2\/posts\/21203\/revisions\/22037"}],"wp:featuredmedia":[{"embeddable":true,"href":"https:\/\/www.pressroom.cloud\/en\/wp-json\/wp\/v2\/media\/19781"}],"wp:attachment":[{"href":"https:\/\/www.pressroom.cloud\/en\/wp-json\/wp\/v2\/media?parent=21203"}],"wp:term":[{"taxonomy":"category","embeddable":true,"href":"https:\/\/www.pressroom.cloud\/en\/wp-json\/wp\/v2\/categories?post=21203"},{"taxonomy":"post_tag","embeddable":true,"href":"https:\/\/www.pressroom.cloud\/en\/wp-json\/wp\/v2\/tags?post=21203"}],"curies":[{"name":"wp","href":"https:\/\/api.w.org\/{rel}","templated":true}]}}