{"id":21245,"date":"2022-09-19T11:28:05","date_gmt":"2022-09-19T10:28:05","guid":{"rendered":"https:\/\/www.pressroom.cloud\/al-parenti-di-milano-il-primo-festival-di-gastronomika\/"},"modified":"2025-03-26T17:15:54","modified_gmt":"2025-03-26T16:15:54","slug":"al-parenti-di-milano-il-primo-festival-di-gastronomika","status":"publish","type":"post","link":"https:\/\/www.pressroom.cloud\/en\/al-parenti-di-milano-il-primo-festival-di-gastronomika\/","title":{"rendered":"Al Parenti di Milano il primo Festival di Gastronomika!"},"content":{"rendered":"<p style=\"text-align: justify;\">Ormai lo sappiamo, il <strong>5 ottobre<\/strong> sar\u00e0 una giornata piena: il <a href=\"https:\/\/teatrofrancoparenti.it\/\"><strong>Teatro Franco Parenti<\/strong><\/a> di Milano aprir\u00e0 le porte per accogliere il primo <strong><a href=\"https:\/\/www.eventbrite.it\/e\/biglietti-gastronomika-festival-416529630337\">Festival di Gastronomika.<\/a><\/strong><\/p>\n<p style=\"text-align: justify;\">Il mondo della ristorazione e del cibo verr\u00e0 inquadrato dalla prospettiva dei giovani under 40 che in questo settore lavorano: protagonisti di oggi e di domani, si confronteranno, dialogheranno e si metteranno in gioco nel corso della mattinata, attraverso una serie di tavoli tematici. Ma \u00e8 nel pomeriggio che il cuore dell\u2019evento prender\u00e0 vita: l\u2019incontro con il pubblico, vera anima del festival, motore di ogni forma di comunicazione.<\/p>\n<div class=\"banner-inread\" style=\"text-align: justify;\"><\/div>\n<p style=\"text-align: justify;\"><img loading=\"lazy\" decoding=\"async\" class=\" wp-image-10084 aligncenter\" src=\"https:\/\/www.pressroom.cloud\/wp-content\/uploads\/307641142_5514013175334058_4495463807999642401_n-300x300.jpg\" alt=\"\" width=\"935\" height=\"935\" srcset=\"https:\/\/www.pressroom.cloud\/wp-content\/uploads\/307641142_5514013175334058_4495463807999642401_n-300x300.jpg 300w, https:\/\/www.pressroom.cloud\/wp-content\/uploads\/307641142_5514013175334058_4495463807999642401_n-1024x1024.jpg 1024w, https:\/\/www.pressroom.cloud\/wp-content\/uploads\/307641142_5514013175334058_4495463807999642401_n-150x150.jpg 150w, https:\/\/www.pressroom.cloud\/wp-content\/uploads\/307641142_5514013175334058_4495463807999642401_n-768x768.jpg 768w, https:\/\/www.pressroom.cloud\/wp-content\/uploads\/307641142_5514013175334058_4495463807999642401_n-1536x1536.jpg 1536w, https:\/\/www.pressroom.cloud\/wp-content\/uploads\/307641142_5514013175334058_4495463807999642401_n-550x550.jpg 550w, https:\/\/www.pressroom.cloud\/wp-content\/uploads\/307641142_5514013175334058_4495463807999642401_n-1320x1320.jpg 1320w\" sizes=\"auto, (max-width: 935px) 100vw, 935px\" \/><br \/>\nIl sipario del Franco Parenti si alzer\u00e0 su un palcoscenico dove si alterneranno quattro diversi talk: con lo sguardo sempre rivolto al futuro analizzeremo differenti tematiche, interrogandoci sulle prospettive del settore, su come questo possa essere riorganizzato e ristrutturato, passando attraverso la formazione delle nuove generazioni e la rivalutazione delle professioni legate alla gastronomia, sempre alla luce del nuovo sistema produttivo, etico e organizzativo nel quale i professionisti operano. Sar\u00e0 un momento unico per mettere in contatto quelli che il cibo lo producono e lo servono con quelli che il cibo lo raccontano e soprattutto con il pubblico, ossia i clienti di negozi e botteghe, i lettori di giornali e magazine, gli ospiti di locali e ristoranti.<\/p>\n<p>Per iscriversi gratuitamente, <a href=\"https:\/\/www.eventbrite.it\/e\/biglietti-gastronomika-festival-416529630337\"><strong>qui<\/strong><\/a>.<\/p>\n<p style=\"text-align: justify;\"><span style=\"font-size: 14pt;\"><strong>Quattro i momenti in cui si articoler\u00e0 il pomeriggio del Festival<\/strong><\/span><\/p>\n<p style=\"text-align: justify;\">Nel corso del primo incontro (ore 14.30\/15) parleremo di come sta cambiando la formazione delle figure professionali legate al mondo del cibo, di quali sono le nuove modalit\u00e0 per entrare nel mondo del lavoro di questo settore e di quali realt\u00e0 investano nel settore.\u00a0<em>\u201c<\/em>Riformare la formazione<em>\u201c<\/em>\u00a0vedr\u00e0 come relatori Andrea Sinigaglia, direttore di\u00a0<strong><a href=\"https:\/\/www.alma.scuolacucina.it\/\" target=\"_blank\" rel=\"noopener\">Alma<\/a><\/strong>, la Scuola Internazionale di Cucina Italiana, Federico Lorefice, fondatore di\u00a0<strong><a href=\"https:\/\/www.congusto.com\/\" target=\"_blank\" rel=\"noopener\">Congusto Gourmet Institute<\/a><\/strong>, Daniele Paino, responsabile della formazione professionale di<strong> <a href=\"https:\/\/piazzadeimestieri.it\/\" target=\"_blank\" rel=\"noopener\">Piazza dei Mestieri<\/a><\/strong>, Marco Martinelli, cuoco, laureato in Scienze della Formazione, docente in CAST Alimenti. A moderare sar\u00e0 Anna Prandoni, direttore di Gastronomika, a documentare l\u2019evento in veste di reporter Roberto Magro, collaboratore di Gastronomika.<\/p>\n<div id=\"attachment_10085\" style=\"width: 947px\" class=\"wp-caption aligncenter\"><img loading=\"lazy\" decoding=\"async\" aria-describedby=\"caption-attachment-10085\" class=\" wp-image-10085\" src=\"https:\/\/www.pressroom.cloud\/wp-content\/uploads\/Congusto-Gourmet-Institute-Open-Day-300x197.jpg\" alt=\"\" width=\"937\" height=\"615\" srcset=\"https:\/\/www.pressroom.cloud\/wp-content\/uploads\/Congusto-Gourmet-Institute-Open-Day-300x197.jpg 300w, https:\/\/www.pressroom.cloud\/wp-content\/uploads\/Congusto-Gourmet-Institute-Open-Day-1024x672.jpg 1024w, https:\/\/www.pressroom.cloud\/wp-content\/uploads\/Congusto-Gourmet-Institute-Open-Day-768x504.jpg 768w, https:\/\/www.pressroom.cloud\/wp-content\/uploads\/Congusto-Gourmet-Institute-Open-Day.jpg 1280w\" sizes=\"auto, (max-width: 937px) 100vw, 937px\" \/><p id=\"caption-attachment-10085\" class=\"wp-caption-text\">Congusto Gourmet Institute<\/p><\/div>\n<p style=\"text-align: justify;\">Il secondo atto sar\u00e0 intitolato\u00a0<em>\u201c<\/em>Da dipendente a risorsa<em>\u201c<\/em>\u00a0(ore 15\/15.45): fulcro del dibattito sar\u00e0 il servizio di sala, ponendo al centro il tema attualissimo della carenza del personale, senza dimenticare di guardare a una nuova visione etica del lavoro. Relatori saranno Claudio Liu, anima del<strong>\u00a0<a href=\"https:\/\/www.iyo-experience.com\/\" target=\"_blank\" rel=\"noopener\">Gruppo Iyo<\/a><\/strong><a href=\"https:\/\/www.iyo-experience.com\/\" target=\"_blank\" rel=\"noopener\">\u00a0<\/a>e Ilaria Puddu, manager di diversi locali tra i quali Gelsomina e\u00a0<strong><a href=\"http:\/\/www.giolina.it\/\">Giolina<\/a><\/strong>, e\u00a0<strong><a href=\"https:\/\/www.linkedin.com\/in\/francescoarmillei\/?originalSubdomain=it\" target=\"_blank\" rel=\"noopener\">Francesco Armillei<\/a><\/strong>, economista all\u2019universit\u00e0 Bocconi di Milano e socio del think-tank Tortuga. A moderare Lidia Baratta, giornalista de Linkiesta.<\/p>\n<div id=\"attachment_10087\" style=\"width: 941px\" class=\"wp-caption aligncenter\"><img loading=\"lazy\" decoding=\"async\" aria-describedby=\"caption-attachment-10087\" class=\" wp-image-10087\" src=\"https:\/\/www.pressroom.cloud\/wp-content\/uploads\/franco-300x196.jpg\" alt=\"\" width=\"931\" height=\"608\" srcset=\"https:\/\/www.pressroom.cloud\/wp-content\/uploads\/franco-300x196.jpg 300w, https:\/\/www.pressroom.cloud\/wp-content\/uploads\/franco.jpg 600w\" sizes=\"auto, (max-width: 931px) 100vw, 931px\" \/><p id=\"caption-attachment-10087\" class=\"wp-caption-text\">Teatro Franco Parenti<\/p><\/div>\n<p style=\"text-align: justify;\"><em>\u201c<\/em>L\u2019etica del cibo<em>\u201c<\/em>\u00a0sar\u00e0 il terzo tema trattato (ore 16\/16.45): un tema fortemente attuale e sfaccettato, che abbraccia argomenti legati alla sostenibilit\u00e0 e all\u2019ambiente, al benessere e alla salute. Relatori saranno<strong>\u00a0<a href=\"https:\/\/www.instagram.com\/maria_chiara_gadda\/?hl=it\" target=\"_blank\" rel=\"noopener\">Maria Chiara Gadda<\/a><\/strong>, firmataria della legge Gadda, Giovanni Bruno, presidente di<strong>\u00a0<a href=\"https:\/\/www.bancoalimentare.it\/it\" target=\"_blank\" rel=\"noopener\">Banco alimentare<\/a><\/strong>, Ilaria Ricotti, Pr Manager di\u00a0<strong><a href=\"https:\/\/toogoodtogo.it\/it\/\" target=\"_blank\" rel=\"noopener\">Too Good To Go<\/a><\/strong>\u00a0e Francesco Giangregorio, Direttore Generale della rete di economia civile\u00a0<strong><a href=\"https:\/\/consorziosaledellaterra.it\/\" target=\"_blank\" rel=\"noopener\">Sale della Terra<\/a><\/strong>. Moderatore sar\u00e0 Anna Prandoni, reporter Benedetta Baroni, giornalista de Linkiesta.<\/p>\n<div id=\"attachment_10088\" style=\"width: 931px\" class=\"wp-caption aligncenter\"><img loading=\"lazy\" decoding=\"async\" aria-describedby=\"caption-attachment-10088\" class=\"wp-image-10088\" src=\"https:\/\/www.pressroom.cloud\/wp-content\/uploads\/50663691_2045916745473330_3238603309111574528_n-300x201.jpg\" alt=\"\" width=\"921\" height=\"617\" srcset=\"https:\/\/www.pressroom.cloud\/wp-content\/uploads\/50663691_2045916745473330_3238603309111574528_n-300x201.jpg 300w, https:\/\/www.pressroom.cloud\/wp-content\/uploads\/50663691_2045916745473330_3238603309111574528_n-1024x687.jpg 1024w, https:\/\/www.pressroom.cloud\/wp-content\/uploads\/50663691_2045916745473330_3238603309111574528_n-768x516.jpg 768w, https:\/\/www.pressroom.cloud\/wp-content\/uploads\/50663691_2045916745473330_3238603309111574528_n-1320x886.jpg 1320w, https:\/\/www.pressroom.cloud\/wp-content\/uploads\/50663691_2045916745473330_3238603309111574528_n.jpg 1375w\" sizes=\"auto, (max-width: 921px) 100vw, 921px\" \/><p id=\"caption-attachment-10088\" class=\"wp-caption-text\">Filonificio Ferrara<\/p><\/div>\n<p style=\"text-align: justify;\">Infine andr\u00e0 in scena il talk\u00a0<em>\u201c<\/em>Le donne e il pane<em>\u201c<\/em>\u00a0(ore 17\/17.45), per dare una voce forte e chiara a una giovane presenza femminile in un mondo tradizionalmente maschile. I relatori saranno Alice Bernardi di\u00a0Ferrara, Aurora Zancanaro di\u00a0<strong><a href=\"https:\/\/www.lepolveri.com\/\" target=\"_blank\" rel=\"noopener\">Le Polveri<\/a><\/strong>, Gaia Bongiovanni, Molino Bongiovanni, Francesca Marcatognini di<strong>\u00a0<a href=\"https:\/\/temapizzeriaelementare.com\/\" target=\"_blank\" rel=\"noopener\">Tema Milano<\/a><\/strong>. A moderare il dibattito sar\u00e0 Anna Prandoni, mentre a documentarlo, come reporter, ci sar\u00e0 la giornalista Chiara Di Paola.<\/p>\n","protected":false},"excerpt":{"rendered":"<p>Ormai lo sappiamo, il 5 ottobre sar\u00e0 una giornata piena: il Teatro Franco Parenti di Milano aprir\u00e0 le porte per accogliere il primo Festival di Gastronomika. Il mondo della ristorazione e del cibo verr\u00e0 inquadrato dalla prospettiva dei giovani under 40 che in questo settore&#8230;<\/p>\n","protected":false},"author":3,"featured_media":19586,"comment_status":"open","ping_status":"open","sticky":false,"template":"","format":"standard","meta":{"footnotes":""},"categories":[4358,4395],"tags":[4849,4652,5020,5021,5022,5023,4364,5024],"class_list":["post-21245","post","type-post","status-publish","format-standard","has-post-thumbnail","hentry","category-newsroom-en","category-sapori-e-passioni-en","tag-cibo-en","tag-cucina-en","tag-festival-di-gastronomika-en","tag-food-festival-en","tag-gastronomika-en","tag-linkiesta-en","tag-milano-en","tag-teatro-franco-parenti-en"],"_links":{"self":[{"href":"https:\/\/www.pressroom.cloud\/en\/wp-json\/wp\/v2\/posts\/21245","targetHints":{"allow":["GET"]}}],"collection":[{"href":"https:\/\/www.pressroom.cloud\/en\/wp-json\/wp\/v2\/posts"}],"about":[{"href":"https:\/\/www.pressroom.cloud\/en\/wp-json\/wp\/v2\/types\/post"}],"author":[{"embeddable":true,"href":"https:\/\/www.pressroom.cloud\/en\/wp-json\/wp\/v2\/users\/3"}],"replies":[{"embeddable":true,"href":"https:\/\/www.pressroom.cloud\/en\/wp-json\/wp\/v2\/comments?post=21245"}],"version-history":[{"count":1,"href":"https:\/\/www.pressroom.cloud\/en\/wp-json\/wp\/v2\/posts\/21245\/revisions"}],"predecessor-version":[{"id":22121,"href":"https:\/\/www.pressroom.cloud\/en\/wp-json\/wp\/v2\/posts\/21245\/revisions\/22121"}],"wp:featuredmedia":[{"embeddable":true,"href":"https:\/\/www.pressroom.cloud\/en\/wp-json\/wp\/v2\/media\/19586"}],"wp:attachment":[{"href":"https:\/\/www.pressroom.cloud\/en\/wp-json\/wp\/v2\/media?parent=21245"}],"wp:term":[{"taxonomy":"category","embeddable":true,"href":"https:\/\/www.pressroom.cloud\/en\/wp-json\/wp\/v2\/categories?post=21245"},{"taxonomy":"post_tag","embeddable":true,"href":"https:\/\/www.pressroom.cloud\/en\/wp-json\/wp\/v2\/tags?post=21245"}],"curies":[{"name":"wp","href":"https:\/\/api.w.org\/{rel}","templated":true}]}}