{"id":21251,"date":"2022-05-26T11:37:39","date_gmt":"2022-05-26T10:37:39","guid":{"rendered":"https:\/\/www.pressroom.cloud\/memphis-again-mobili-e-oggetti-anni-80-alla-triennale-milano\/"},"modified":"2025-03-26T17:16:33","modified_gmt":"2025-03-26T16:16:33","slug":"memphis-again-mobili-e-oggetti-anni-80-alla-triennale-milano","status":"publish","type":"post","link":"https:\/\/www.pressroom.cloud\/en\/memphis-again-mobili-e-oggetti-anni-80-alla-triennale-milano\/","title":{"rendered":"Memphis Again. Mobili e oggetti anni &#8217;80 alla Triennale Milano"},"content":{"rendered":"<p style=\"text-align: justify;\"><a href=\"https:\/\/triennale.org\/\"><strong>Triennale Milano<\/strong><\/a> e\u00a0<a href=\"https:\/\/www.memphis-milano.com\/\"><strong>Memphis Milano<\/strong><\/a> presentano <strong><em>Memphis Again<\/em><\/strong>, un\u2019esposizione diretta e curata da <strong>Christoph Radl <\/strong>che si terr\u00e0 nella Curva di <strong>Triennale fino al 12 giugno 2022<\/strong>.<\/p>\n<p style=\"text-align: justify;\">La mostra presenta oltre <strong>duecento tra mobili e oggetti <\/strong>(librerie, divisori, vetrine, mobili da toilette, tavoli da pranzo, tavoli da appoggio, tavolini da caff\u00e8, scrittoi, sedie, poltrone, divani letto, lampade da tavolo, da parete, da terra, a soffitto, posaceneri, vasi per fiori, contenitori per frutta, accessori tessili, tappeti, nei materiali pi\u00f9 diversi, legni, plastiche, laminati, vetri, ceramiche, porcellane, argenti, acciaio, tessuti) <strong>realizzati tra il 1981 e il 1986 <\/strong>per la collezione Memphis.<\/p>\n<div style=\"width: 6263px\" class=\"wp-caption aligncenter\"><img loading=\"lazy\" decoding=\"async\" src=\"https:\/\/uc1498841ce391afdcf1f333c618.previews.dropboxusercontent.com\/p\/thumb\/ABgvlYVUvVkenG3zwAeFvhdB9DQuQxt-s8b72OXRi4HXqViNDKfya1NG9pivx9M_St9OMvGmhk8xjUikaqakfPdfqnJpvtQoDR_U5RR7sjjkqhSCfqowJ3iIrZ5qIpDDpqz8LmBNK7ueipL3LM0_3scrM5pXA8LCcw7hr_5vb5XZLCRL9O8Y2ZgOuul6VpUnvnT7bLz7EBZfyDILMYw0gXeEzxp1Cm-kIInVH68v5_4R0nXVlXPCg8oFC3uTYO4btEtKJ0HTNaD-XAi1PxiB1LyHIQCw7uNkkWpVTlIAgDdotBS1iZuYj1PNQUv7ltPVL32a_2usUjKBRfPlVACZPv8I4H7VXO9aprXLdjlqIqSFrHW6OqAhNVXmlIGWz_hrt2sfssPa7T1n1jjMA_PDpRa_1eUXgQicJN0mpNLZ-FZmshF4DPRqJxWHGXObfUptVqs6lvNW2Ye8Deh6fxZDIEhOzsluHXOCTJQHAOYsXvQAAVPk13SWb7IrScJBT0Z4HQgDqWZFDrO9bklHS2bjt_56g0p1OZRc0Cp8GRaLN97flIEFO6bfjigqKUjyHpUvu4g\/p.jpeg\" alt=\"IMG \u00a9Delfino Sisto Legnani e A\u2026SL Studio\" width=\"6253\" height=\"4169\" \/><p class=\"wp-caption-text\">Allestimento \u00a9 Delfino Sisto Legnani e Alessandro Saletta<\/p><\/div>\n<p style=\"text-align: justify;\">Nello spazio della Curva di Triennale, lunga oltre cento metri, gli oggetti sono presentati in ordine cronologico, come una sfilata, nella quale sar\u00e0 lo spettatore a muoversi lungo la passerella in un\u2019atmosfera da night club suggerita dall\u2019allestimento e dalla colonna sonora di <strong>Seth Troxler<\/strong>. Alle pareti sono proiettate frasi di protagonisti, critici, architetti e designer.<\/p>\n<p style=\"text-align: justify;\">La mostra <strong>non \u00e8 un omaggio n\u00e9 una storicizzazione<\/strong>. Intende, oggi come allora (1981), riproporre l\u2019attenzione sulle possibilit\u00e0 espressive e culturali di un design oltre il marketing. Memphis era nata come proposta di aggiornamento del linguaggio del design e dell\u2019architettura. Una proposta alternativa a un design immaginato per risolvere problemi soprattutto funzionali industriali, sottolineando invece anche l\u2019aspetto o versante psicologico emotivo del problema e della disciplina. Ogni designer, per esempio, era libero di disegnare quello che voleva, senza alcuna restrizione. Pi\u00f9 tardi, quando poi da necessit\u00e0 culturale \u00e8 diventata, come previsto, \u201cprogetti e prototipi\u201d, \u00e8 nata la societ\u00e0 per distribuire e vendere.<\/p>\n<div style=\"width: 6010px\" class=\"wp-caption aligncenter\"><img loading=\"lazy\" decoding=\"async\" src=\"https:\/\/uc459b33cbe266dd8633805e13ef.previews.dropboxusercontent.com\/p\/thumb\/ABi_A4eCdzgp1eUQObsfYKGa46-iDf4W5K9XvWGmwzg9s5Ol7ySjO8i4JeAXvFeH-JEUj4iQxkRj0fKrRFqWn3HSBUmr2dWviSUsYFOvek8VglzeO1eisJdTQeXQimQtE4thIH3yeBW8i7V0iy5-QrrGc16CpQy10JqYxzu92LeTE-RTJT32IvSkQfPVvoNNwijqNeqBk9b5ssvvuaSudwLtQhQRVacKNa9uk_hsGMiE1UOTvqZ6rfh5hEHIv1Ju_AokSO1nlDGqZMwFKMUIsDa8ch0557XNGhrR_KCVUMSa6qCkH9Cq3DxDue3d8tsQk2lBM3ybN3G3bJ5Fclk0a8_7LgQ4K0rURJMetju12U-GpGnmtCT6HSgBaaXcHu0f-2afyu_5cFFRoaB5Ym1M12hBoOY1X5kvwZJLrw9290nMh7WQ3Z58Df2YzSmIk1i54cthL8cE1kQxMEFgIQyv1gUXxwfS5WRW2XRO9faQDuPPgCP9QfWvyMyuDwZn1pO1n-GEzk1rycB6nFuLNKGnfoI31h_pGEbrVXw9Q4HR5k2u2Qb-9I9u1GgDztz-X4qS7glm9PDZYQiZs6Z0YEBBbebRabupfVUWComACnMXBLuhOhtyjpEmL5IDsR6BrPfQxcGLlWMHlHOd_An1YrroVzF0GPzJVSq85Xz8Qlu2DylySUVGIToWt4OA2i3ly0_-AYLhx-K3h9-efU27KFiPhAvcD_RB-ZBuzoyJDojArMOgMqc0RSMTYFdI4RrF-JOnj_WGz1tXXaP6xTzqk53vz_JI6p4StgmUOy7DU9nVxleWDwcSN5pf8-X1LFwGYrhgXOdbdIjC5emtPgWgoU5lK7pxZqrUz6ZBrrqKKpTrqzHRGTj26jTE_P65gY4eE7ImNepey45mQbRIrBN96PSfA824rnuaCVg93Hg-Zlirvgv0BapLgXfdM8H7bRVtynLDyNBYhpg_iGsdTAQVgDcIeXT62f1D5vyXXdnfS5juaImHhhvsiNGEFxryfIhYNllBScV9W25GsxhGW_SK4uvdXsNwMMmuviuYnvJnxieJvt4SUjLAwYOsxPdBeBJem-5Hr2sLk6Cm17SrU93j9U3c7jT9SnLx0SYWCt29AsEjvy7mfNEOBPXQMKoBsRTqMUcs_aKiMMCStZUxiMyERnAwxW7KYrmJdP8QqhLxqU3R57YD_MxVUtvYv_d0GGN5pB4L5saGbhGLf_tbKfN18pKzLegWFvFGSRVkN0SKKbasHyOLLMjnhYS7blxBizX0Z0Xt2Qrf3oyqdHbVWhxRc_xfqbeuWH47gxN_5BNoQfkTLzP7ZwK9Aux0iRwYotBC9k4kwDxvOFNuVqTbNRKS6Lx_VvH7FrX0i4I-jUimIyDMD21zZlskuqx1g_bWlrX-bx65dmSNVlrMXbL3HunysYSPSK-PkHLHUK5J7zskuo6B1UYj4aAeJBUXpQ2LaUrwgSERSgM\/p.png\" alt=\"Memphis Again_Dublin_Marco Zanini.png\" width=\"6000\" height=\"6000\" \/><p class=\"wp-caption-text\">Dublin, Marco Zanini<\/p><\/div>\n<p style=\"text-align: justify;\">Scriveva nel 1981 Barbara Radice: \u201cMemphis non nega l\u2019utopia funzionale ma <strong>guarda alla funzionalit\u00e0 <\/strong>con occhio molto aperto, pi\u00f9 da antropologo che da uomo di marketing. Funzionalit\u00e0 quindi non solo nel rispetto di alcune norme ergonomiche o delle statistiche di vendibilit\u00e0 ma anche nel rispetto della visione di una necessit\u00e0 pubblica, di una spinta storica\u201d.<\/p>\n<p style=\"text-align: justify;\">Ed Ettore Sottsass: \u201cMi sarebbe piaciuto riuscire a proporre una specie di <strong>iconografia della non cultura<\/strong>, di una cultura di nessuno (non di una cultura dell\u2019anonimo), ma l\u2019iconografia di una cultura non usata e non usabile, non perch\u00e9 non c\u2019\u00e8, neanche perch\u00e9 non si usa, ma perch\u00e9 non si guarda, perch\u00e9 non si prende in considerazione, perch\u00e9 non c\u2019entra, perch\u00e9 sembra non esistere nella cultura che si sa, e forse addirittura non produce cultura. Queste zone della non cultura, queste zone della \u2018cultura di nessuno\u2019 ci sono\u201d.<\/p>\n<div style=\"width: 3010px\" class=\"wp-caption aligncenter\"><img loading=\"lazy\" decoding=\"async\" src=\"https:\/\/uc816399563990825836895ab998.previews.dropboxusercontent.com\/p\/thumb\/ABh4GPVSE9dWPc__Ve9CnyjUoug0G7wmGR82L5LJ2bewCbJBWAqNPelHU8AeSruY1g88QOsnQr38_WCr6X-62TQfMqlVGHp4x40yJ7LIcZb1PlP2jZI7oaIMFVa9pV-bZo7HbEIcspH70Vtq_MNfg1bsi5VYCKPhVYqFGd0RHo4wfxW02ecOnCfDXEIHDaEvSctKNMfQiram59YJXE_Zl6jEYutXLniIW_aENQWlj9eTVJoER6YtwJ8r5VntxU-3iM_N9dXoGz_2ZWAiWRDBKKn4jNZzyNEyTfcfh_-a36wEKYmcVXclCqfaEtPERIoUDe1ct7u41eOM-Bpy4A4KVr42ZIByoBj6aCfh2iE8Hvu7l4TbR3XB43ecG6CCRZDpY1w\/p.jpeg\" alt=\"\" width=\"3000\" height=\"3000\" \/><p class=\"wp-caption-text\">Gritti, Andrea Branzi<\/p><\/div>\n<p style=\"text-align: justify;\">La necessit\u00e0 di porre fine ad alcune convenzioni \u00e8 ancora attualissima. Sottsass: \u201cIl fatto \u00e8 che ci \u00e8 passata la paura: voglio dire la paura di dover rappresentare o di non dover rappresentare qualche cosa o qualcuno, siano \u00e9lites o derelitti, siano tradizioni o cafonaggine. Ci \u00e8 passata la paura che ci manda il passato e anche quella ancor pi\u00f9 aggressiva che ci manda il futuro\u201d.<\/p>\n<p style=\"text-align: justify;\">L\u2019importanza di Memphis per il mondo del progetto \u00e8 evidenziata anche nel <strong>Museo del Design Italiano <\/strong>di Triennale, il cui percorso espositivo si conclude proprio con il 1981 e, attraverso <strong>oggetti, fotografie e materiali grafici<\/strong>, propone uno <strong>speciale focus <\/strong>che mette in luce come questo movimento culturale abbia dato l\u2019avvio \u2013 in Italia e nel mondo \u2013 a una nuova era nella produzione del design.<\/p>\n<div style=\"width: 9111px\" class=\"wp-caption aligncenter\"><img loading=\"lazy\" decoding=\"async\" src=\"https:\/\/uc809d06590fd778e05264113953.previews.dropboxusercontent.com\/p\/thumb\/ABgOGcurRivnKP1BIqa4X-52v4u2UtbEP60ZNTVI1puCcZM_euCWVMMlHsVkM-tKNFhwYfoJAhSnRjQK5Nqgeps4Jzqx_1mpBOZqISNiko4j7IyPu8YpVwXN1ZAiKL3eg2qiqChRO_hvsffHWCgNlTyQVCusupvedUq2yMJzolB-F3S4gqeHm-6YvyzrdnB8XB0Ks1Uo3t1fbphDIKmcf8U4euYxVYat7jsLsvul3gZAkOgvodJEmcsXrVZxe--3MCbZYUi4Q6OcZl8nMLpyY31fBk4XREvmWseYYSn98GIZBnMIG2mHaVCZqI_YbQOjSJCX5dR7-iAcoQ9PK0xaNNJAwwz7lYC3wj0_-9LCcV_UqTMkC_VSxRXWUffw3K7Ng7FAJHELiErlmr_oUpb4uN6Jyws4y5kLcUbcNdm6oYx8SXp5ARR5Q91zKBxS2JQglPx0aMOCcIvFp71gMx5HxTypBgtI1s9rWD8zGv_R1I5qXl0Qo5t0qLdBUwRGQwhwMDbQlJI92VsCTZ5TkvQwYL3IV9zQ7kb3dxB5T112QycwbGETFov6nPMjK8br8dKw_RwYrwyqvYVH6wI4nY7tijBTzdnn6nM2QhGcWE1ecE5Z5f5afshxpVWhPj-1aTH_7EyJru5PmOf-vgK42iT2pWew9faAwIf-k_BiB79EhVR0LTGqQSEwmyJT83Ay7xBDeSkEHUjYyHXMqPfrwsDzSP4H5Usn4dKUY-LdDbkxjainE97LM4lcCpxXxmXDKYAUXcF8Z1I0Tb0kwfLDEOOU3ft2RrYrwi-_xEWyr-XnJd7hyw\/p.jpeg\" alt=\"IMG \u00a9 Delfino Sisto Legnani e \u2026DSL Studio\" width=\"9101\" height=\"6067\" \/><p class=\"wp-caption-text\">Allestimento \u00a9 Delfino Sisto Legnani e Alessandro Saletta<\/p><\/div>\n<p style=\"text-align: justify;\"><strong>MEMPHIS<br \/>\n<\/strong>Memphis nasce da un movimento culturale guidato da Ettore Sottsass e Barbara Radice per dare vita ai prodotti disegnati da lui stesso e da un gruppo di giovani architetti e designers riunitisi attorno a lui: Aldo Cibic, Matteo Thun, Marco Zanini, Martine Bedin, Michele De Lucchi, Nathalie Du Pasquier e George Sowden. Memphis nasce come laboratorio per lo sviluppo di nuove idee progettuali e ben presto diventa un vero e proprio fenomeno culturale. Con Ettore Sottsass come riferimento del gruppo e la direzione artistica di Barbara Radice, la prima collezione viene presentata al Salone del Mobile del 1981. Il design di Memphis ha rappresentato fin dall\u2019inizio una nuova concezione espressiva legata a nuove forme, nuovi materiali e nuovi pattern, ha ridisegnato le abitudini dell\u2019abitare, rivoluzionando le logiche e conquistando il mondo del design. Memphis continua a influenzare l\u2019immaginario del grande pubblico, dalla moda all\u2019industria cinematografica e televisiva. Lo spirito liberatorio di Memphis \u00e8 ancora oggi fonte di ispirazione per molti.<\/p>\n","protected":false},"excerpt":{"rendered":"<p>Triennale Milano e\u00a0Memphis Milano presentano Memphis Again, un\u2019esposizione diretta e curata da Christoph Radl che si terr\u00e0 nella Curva di Triennale fino al 12 giugno 2022. La mostra presenta oltre duecento tra mobili e oggetti (librerie, divisori, vetrine, mobili da toilette, tavoli da pranzo, tavoli&#8230;<\/p>\n","protected":false},"author":3,"featured_media":19136,"comment_status":"open","ping_status":"open","sticky":false,"template":"","format":"standard","meta":{"footnotes":""},"categories":[],"tags":[],"class_list":["post-21251","post","type-post","status-publish","format-standard","has-post-thumbnail","hentry"],"_links":{"self":[{"href":"https:\/\/www.pressroom.cloud\/en\/wp-json\/wp\/v2\/posts\/21251","targetHints":{"allow":["GET"]}}],"collection":[{"href":"https:\/\/www.pressroom.cloud\/en\/wp-json\/wp\/v2\/posts"}],"about":[{"href":"https:\/\/www.pressroom.cloud\/en\/wp-json\/wp\/v2\/types\/post"}],"author":[{"embeddable":true,"href":"https:\/\/www.pressroom.cloud\/en\/wp-json\/wp\/v2\/users\/3"}],"replies":[{"embeddable":true,"href":"https:\/\/www.pressroom.cloud\/en\/wp-json\/wp\/v2\/comments?post=21251"}],"version-history":[{"count":1,"href":"https:\/\/www.pressroom.cloud\/en\/wp-json\/wp\/v2\/posts\/21251\/revisions"}],"predecessor-version":[{"id":22248,"href":"https:\/\/www.pressroom.cloud\/en\/wp-json\/wp\/v2\/posts\/21251\/revisions\/22248"}],"wp:featuredmedia":[{"embeddable":true,"href":"https:\/\/www.pressroom.cloud\/en\/wp-json\/wp\/v2\/media\/19136"}],"wp:attachment":[{"href":"https:\/\/www.pressroom.cloud\/en\/wp-json\/wp\/v2\/media?parent=21251"}],"wp:term":[{"taxonomy":"category","embeddable":true,"href":"https:\/\/www.pressroom.cloud\/en\/wp-json\/wp\/v2\/categories?post=21251"},{"taxonomy":"post_tag","embeddable":true,"href":"https:\/\/www.pressroom.cloud\/en\/wp-json\/wp\/v2\/tags?post=21251"}],"curies":[{"name":"wp","href":"https:\/\/api.w.org\/{rel}","templated":true}]}}