{"id":21252,"date":"2022-05-25T17:22:54","date_gmt":"2022-05-25T16:22:54","guid":{"rendered":"https:\/\/www.pressroom.cloud\/donne-in-equilibrio-mostra-dedicata-a-wanda-ferragamo\/"},"modified":"2025-03-26T17:16:33","modified_gmt":"2025-03-26T16:16:33","slug":"donne-in-equilibrio-mostra-dedicata-a-wanda-ferragamo","status":"publish","type":"post","link":"https:\/\/www.pressroom.cloud\/en\/donne-in-equilibrio-mostra-dedicata-a-wanda-ferragamo\/","title":{"rendered":"Donne in Equilibrio. Mostra dedicata a Wanda Ferragamo"},"content":{"rendered":"<p class=\"align--justify\" style=\"text-align: justify;\">Wanda Miletti Ferragamo dal 1960 fino alla sua scomparsa, il 19 ottobre 2018, \u00e8 stata la guida del brand Salvatore Ferragamo, cercando sempre un<strong>\u00a0equilibrio tra la dimensione lavorativa e la famiglia<\/strong>. Nell\u2019agosto del 1960, alla morte del marito,\u00a0<strong>decide<\/strong>\u00a0di non chiudere l\u2019azienda ma anzi\u00a0<strong>di trasformare un laboratorio artigianale di calzature da donna in una casa di moda<\/strong>, dove i figli possano dare continuit\u00e0 a quel solco di innovazione e creativit\u00e0 iniziato dal marito Salvatore.<\/p>\n<p style=\"text-align: justify;\"><img loading=\"lazy\" decoding=\"async\" class=\"aligncenter\" src=\"https:\/\/st.ilfattoquotidiano.it\/wp-content\/uploads\/2022\/05\/20\/mostra-ferragamo-1200-690x362.jpg\" alt=\"Donne in Equilibrio, la mostra dedicata a Wanda Ferragamo: la sua storia di &quot;mamma prestata all'imprenditoria&quot; \u00e8 quella delle donne degli anni '50\/'60 - Il Fatto Quotidiano\" width=\"923\" height=\"484\" \/><\/p>\n<p class=\"align--justify\" style=\"text-align: justify;\">Donna riservata, Wanda Ferragamo non amava parlare di s\u00e9 e ostentare i successi raggiunti. Per questo motivo \u00e8 stato deciso di\u00a0<strong>onorarne la memoria\u00a0<\/strong>con una mostra che esaminasse la complessa realt\u00e0 femminile in Italia tra gli anni Cinquanta e Sessanta, periodo in cui Wanda ha cambiato la propria vita. Sono gli anni del \u201cmiracolo economico\u201d, contrassegnati da una profonda trasformazione del Paese, nel quale le donne si affacciano ai diversi settori della societ\u00e0, contribuendo alla costruzione dell\u2019Italia repubblicana. Sono donne alla ricerca di nuovi modelli di esistenza che continua a interrogare il nostro presente, come dimostrano le interviste raccolte in un documentario in mostra.\u00a0<a href=\"https:\/\/www.ferragamo.com\/museo\/it\/donne-in-equilibrio\"><strong>Il percorso espositivo<\/strong><\/a>, attraverso oggetti, abiti, opere d\u2019arte, filmati, fotografie,\u00a0<strong>intende cos\u00ec tratteggiare le attivit\u00e0 e le scelte di donne di et\u00e0 diversa, anche in ambiti lavorativi fino ad allora riservati quasi esclusivamente agli uomini<\/strong>: donne delle professioni, dell\u2019arte, della cultura, della politica e del lavoro che attraverso le loro esperienze personali illuminano la pi\u00f9 lunga rivoluzione dell\u2019et\u00e0 contemporanea, quella che ha segnato la fine della separazione dei ruoli sessuali.<\/p>\n<p style=\"text-align: justify;\"><img decoding=\"async\" src=\"https:\/\/scontent.fmxp6-1.fna.fbcdn.net\/v\/t39.30808-6\/282200178_862017461417756_5877778968667975608_n.jpg?_nc_cat=107&amp;ccb=1-7&amp;_nc_sid=730e14&amp;_nc_ohc=Am_5_vUasvwAX_PS6b5&amp;_nc_ht=scontent.fmxp6-1.fna&amp;oh=00_AT8Sao_mNAkvvYN0YtO2ZtD3MazJVhAcXFXK0yYLvyQz-w&amp;oe=6293D42D\" alt=\"Potrebbe essere un'immagine raffigurante 1 persona, arredamento e spazio al chiuso\" \/><\/p>\n<p class=\"align--justify\" style=\"text-align: justify;\">Sullo sfondo si delineano i molti interrogativi che la pandemia ha evidenziato suggerendo l\u2019urgenza di una pi\u00f9 attenta lettura delle relazioni di genere. A tale scopo\u00a0<strong>la mostra a Palazzo Spini Feroni si completa con un altro progetto espositivo, solo digitale, realizzato in collaborazione con il corso Arts Curating di Istituto Marangoni Firenze<\/strong>\u00a0nel quale sono state raccolte e commentate opere e testimonianze di undici artiste internazionali, in una\u00a0<strong>riflessione corale sul tema delle identit\u00e0<\/strong>, soggetto centrale della nostra condizione contemporanea.<\/p>\n<p style=\"text-align: justify;\">La mostra \u00e8 visitabile anche virtualmente, <a href=\"https:\/\/www.ferragamo.com\/museo\/it\/donne-in-equilibrio-virtual-tour\"><strong>qui<\/strong><\/a>.<\/p>\n<p style=\"text-align: justify;\"><img decoding=\"async\" src=\"https:\/\/scontent.fmxp6-1.fna.fbcdn.net\/v\/t39.30808-6\/282187400_862017454751090_34363160062669424_n.jpg?_nc_cat=105&amp;ccb=1-7&amp;_nc_sid=730e14&amp;_nc_ohc=zXobrpVzSSQAX_rUyfK&amp;_nc_ht=scontent.fmxp6-1.fna&amp;oh=00_AT8y--rR8IgFXlJ5IG2-zkOxzAc0BX_08o89qFe-UQ-yrA&amp;oe=6292DE0C\" alt=\"Potrebbe essere un'immagine raffigurante 3 persone, arredamento e spazio al chiuso\" \/><\/p>\n<p style=\"text-align: justify;\"><a href=\"https:\/\/www.ferragamo.com\/museo\/it\/a-feminine-lexicon\"><strong>MOSTRA DIGITALE<\/strong><\/a><br \/>\nIn occasione di <strong><em>Donne in Equilibrio<\/em><\/strong>, Museo Salvatore Ferragamo e Istituto Marangoni Firenze presentano il progetto collaterale\u00a0<em>A Feminine Lexicon<\/em>, mostra digitale a cura delle studentesse del corso di Arts Curating di Istituto Marangoni Firenze.<\/p>\n<p style=\"text-align: justify;\">Una riflessione corale sul tema dell\u2019identit\u00e0 femminile attraverso le ricerche di undici artiste contemporanee e internazionali, accomunate dal fatto di condividere, attraverso il proprio lessico individuale, una riflessione sull\u2019interdipendenza fra linguaggio e identit\u00e0.<\/p>\n<p style=\"text-align: justify;\"><span style=\"font-size: 10pt;\">Foto \u00a9 Salvatore Ferragamo<\/span><\/p>\n","protected":false},"excerpt":{"rendered":"<p>Wanda Miletti Ferragamo dal 1960 fino alla sua scomparsa, il 19 ottobre 2018, \u00e8 stata la guida del brand Salvatore Ferragamo, cercando sempre un\u00a0equilibrio tra la dimensione lavorativa e la famiglia. Nell\u2019agosto del 1960, alla morte del marito,\u00a0decide\u00a0di non chiudere l\u2019azienda ma anzi\u00a0di trasformare un&#8230;<\/p>\n","protected":false},"author":3,"featured_media":19135,"comment_status":"open","ping_status":"open","sticky":false,"template":"","format":"standard","meta":{"footnotes":""},"categories":[4367,4358],"tags":[4388,4549,5030],"class_list":["post-21252","post","type-post","status-publish","format-standard","has-post-thumbnail","hentry","category-lifestyle-en","category-newsroom-en","tag-moda-en","tag-salvatore-ferragamo-en","tag-wanda-ferragamo-en"],"_links":{"self":[{"href":"https:\/\/www.pressroom.cloud\/en\/wp-json\/wp\/v2\/posts\/21252","targetHints":{"allow":["GET"]}}],"collection":[{"href":"https:\/\/www.pressroom.cloud\/en\/wp-json\/wp\/v2\/posts"}],"about":[{"href":"https:\/\/www.pressroom.cloud\/en\/wp-json\/wp\/v2\/types\/post"}],"author":[{"embeddable":true,"href":"https:\/\/www.pressroom.cloud\/en\/wp-json\/wp\/v2\/users\/3"}],"replies":[{"embeddable":true,"href":"https:\/\/www.pressroom.cloud\/en\/wp-json\/wp\/v2\/comments?post=21252"}],"version-history":[{"count":1,"href":"https:\/\/www.pressroom.cloud\/en\/wp-json\/wp\/v2\/posts\/21252\/revisions"}],"predecessor-version":[{"id":22250,"href":"https:\/\/www.pressroom.cloud\/en\/wp-json\/wp\/v2\/posts\/21252\/revisions\/22250"}],"wp:featuredmedia":[{"embeddable":true,"href":"https:\/\/www.pressroom.cloud\/en\/wp-json\/wp\/v2\/media\/19135"}],"wp:attachment":[{"href":"https:\/\/www.pressroom.cloud\/en\/wp-json\/wp\/v2\/media?parent=21252"}],"wp:term":[{"taxonomy":"category","embeddable":true,"href":"https:\/\/www.pressroom.cloud\/en\/wp-json\/wp\/v2\/categories?post=21252"},{"taxonomy":"post_tag","embeddable":true,"href":"https:\/\/www.pressroom.cloud\/en\/wp-json\/wp\/v2\/tags?post=21252"}],"curies":[{"name":"wp","href":"https:\/\/api.w.org\/{rel}","templated":true}]}}