{"id":21258,"date":"2022-05-17T11:14:33","date_gmt":"2022-05-17T10:14:33","guid":{"rendered":"https:\/\/www.pressroom.cloud\/gallerie-ditalia-la-nuova-sede-a-torino\/"},"modified":"2025-03-26T17:16:38","modified_gmt":"2025-03-26T16:16:38","slug":"gallerie-ditalia-la-nuova-sede-a-torino","status":"publish","type":"post","link":"https:\/\/www.pressroom.cloud\/en\/gallerie-ditalia-la-nuova-sede-a-torino\/","title":{"rendered":"Gallerie d&#8217;Italia. La nuova sede a Torino"},"content":{"rendered":"<div class=\"text aem-GridColumn aem-GridColumn--default--12\">\n<div class=\"rich-text  margin-b-80-50\">\n<p style=\"text-align: justify;\">Le <a href=\"https:\/\/www.gallerieditalia.com\/content\/gdi\/it\/homepage\/torino.html\"><strong>Gallerie d&#8217;Italia di Torino<\/strong><\/a> nello storico Palazzo Turinetti di piazza San Carlo sono la\u00a0<b>quarta sede espositiva di Intesa Sanpaolo<\/b>, che si aggiunge a quelle di Milano, Napoli e Vicenza.<\/p>\n<p style=\"text-align: justify;\"><b>Il nuovo museo nasce come luogo d\u2019incontro tra passato e futuro e si apre alle persone<\/b> con una grande agor\u00e0 ed un imponente scalone che diventeranno anche luogo di socialit\u00e0 e condurranno i visitatori verso gli spazi espositivi ipogei destinati alle mostre. La nuova sede museale \u00e8 uno spazio unico in citt\u00e0, interamente dedicato alla fotografia e alla video arte, che qui esprimono, oltre al valore estetico legato all\u2019immagine, anche l\u2019impegno nell\u2019affrontare i temi del contemporaneo.<br \/>\nL\u2019apertura del museo costituisce un fondamentale passo di Intesa Sanpaolo nella promozione della cultura in Italia e nella valorizzazione del proprio patrimonio artistico, fondamentali motori di aggregazione sociale e di sviluppo collettivo.<\/p>\n<p style=\"text-align: justify;\"><b><img loading=\"lazy\" decoding=\"async\" class=\"wp-image-8678 alignnone\" src=\"https:\/\/www.pressroom.cloud\/wp-content\/uploads\/Torino-Piazza-San-Carlo-300x169.jpg\" alt=\"\" width=\"915\" height=\"516\" srcset=\"https:\/\/www.pressroom.cloud\/wp-content\/uploads\/Torino-Piazza-San-Carlo-300x169.jpg 300w, https:\/\/www.pressroom.cloud\/wp-content\/uploads\/Torino-Piazza-San-Carlo-1024x576.jpg 1024w, https:\/\/www.pressroom.cloud\/wp-content\/uploads\/Torino-Piazza-San-Carlo-768x432.jpg 768w, https:\/\/www.pressroom.cloud\/wp-content\/uploads\/Torino-Piazza-San-Carlo-1536x864.jpg 1536w, https:\/\/www.pressroom.cloud\/wp-content\/uploads\/Torino-Piazza-San-Carlo-1320x743.jpg 1320w, https:\/\/www.pressroom.cloud\/wp-content\/uploads\/Torino-Piazza-San-Carlo.jpg 1920w\" sizes=\"auto, (max-width: 915px) 100vw, 915px\" \/><\/b><\/p>\n<div class=\"text aem-GridColumn aem-GridColumn--default--12\">\n<div class=\"rich-text  margin-b-80-50\">\n<p style=\"text-align: justify;\"><b>Il progetto architettonico \u00e8 firmato da Michele De Lucchi \u2013 AMDL CIRCLE<\/b>\u00a0che ha saputo trasformare lo storico palazzo, gi\u00e0 sede di uffici della Banca, in un\u2019opera di ristrutturazione guidata dalle nuove esigenze \u2013 tra cui l\u2019apertura al pubblico, la tutela e conservazione delle opere d\u2019arte, la sostenibilit\u00e0, la piena accessibilit\u00e0 \u2013 mantenendo evidente il ricordo delle loro passate funzioni. Lo vediamo subito dall\u2019ingresso che si presenta come uno spazio aperto, un invito ad entrare &#8211; quasi a riprendere l&#8217;arco del\u00a0<strong><a href=\"https:\/\/www.gallerieditalia.com\/content\/gdi\/it\/homepage\/un-museo-quattro-sedi.html\" target=\"_blank\" rel=\"noopener\">nuovo logo di Gallerie d&#8217;Italia<\/a><\/strong> anch&#8217;esso curato dallo Studio De Lucchi \u2013 con una scalinata che scende e conduce sotto la piazza.<\/p>\n<\/div>\n<\/div>\n<div class=\"text aem-GridColumn aem-GridColumn--default--12\">\n<div class=\"rich-text \">\n<p style=\"text-align: justify;\">Le\u00a0zone ipogee, un tempo caveau, spazi storici della banca e sale destinate ai consigli di\u00a0amministrazione, ospitano: un ampio spazio destinato al desk biglietteria\u00a0pensato come un luogo di incontro a disposizione dei visitatori e della\u00a0cittadinanza; aule didattiche destinate alle scuole che partecipano ai diversi\u00a0programmi formativi;\u00a0<b>la sede dell\u2019Archivio Publifoto di Intesa Sanpaolo<\/b>\u00a0visibile attraverso una grande vetrata e consultabile digitalmente attraverso\u00a0una parete interattiva digitale; \u00a0le\u00a0mostre fotografiche, progetti originali commissionati dalla banca a grandi\u00a0fotografi internazionali per indagare i temi cruciali del nostro tempo; una\u00a0grande sala multimediale con pareti completamente proiettabili che regalano una\u00a0vera e propria esperienza immersiva al visitatore.<\/p>\n<\/div>\n<\/div>\n<div id=\"attachment_8679\" style=\"width: 926px\" class=\"wp-caption aligncenter\"><img loading=\"lazy\" decoding=\"async\" aria-describedby=\"caption-attachment-8679\" class=\" wp-image-8679\" src=\"https:\/\/www.pressroom.cloud\/wp-content\/uploads\/281944305_5218737044852167_513671448770304634_n-225x300.jpg\" alt=\"\" width=\"916\" height=\"1221\" srcset=\"https:\/\/www.pressroom.cloud\/wp-content\/uploads\/281944305_5218737044852167_513671448770304634_n-225x300.jpg 225w, https:\/\/www.pressroom.cloud\/wp-content\/uploads\/281944305_5218737044852167_513671448770304634_n-768x1024.jpg 768w, https:\/\/www.pressroom.cloud\/wp-content\/uploads\/281944305_5218737044852167_513671448770304634_n-1152x1536.jpg 1152w, https:\/\/www.pressroom.cloud\/wp-content\/uploads\/281944305_5218737044852167_513671448770304634_n-1320x1760.jpg 1320w, https:\/\/www.pressroom.cloud\/wp-content\/uploads\/281944305_5218737044852167_513671448770304634_n.jpg 1536w\" sizes=\"auto, (max-width: 916px) 100vw, 916px\" \/><p id=\"caption-attachment-8679\" class=\"wp-caption-text\">Mostra fotografica di Paolo Pellegrin \u201cLa fragile meraviglia. Un viaggio nella natura che cambia\u201d<\/p><\/div>\n<\/div>\n<\/div>\n<div class=\"text aem-GridColumn aem-GridColumn--default--12\">\n<div class=\"rich-text \">\n<p style=\"text-align: justify;\"><b>La\u00a0mostra \u201c<a href=\"https:\/\/www.gallerieditalia.com\/content\/gdi\/it\/homepage\/torino\/mostre-e-iniziative\/mostre\/2022\/5\/paolo-pellegrin-la-fragile-meraviglia-un-viaggio-nella-natura-che-cambia-11.html\" target=\"_blank\" rel=\"noopener\">La\u00a0fragile meraviglia. Un viaggio nella natura che cambia<\/a>\u201d di\u00a0Paolo Pellegrin inaugura l\u2019apertura del museo<\/b>\u00a0ed \u00e8 frutto della prima\u00a0committenza di Gallerie d\u2019Italia &#8211; Torino. Un reportage fotografico\u00a0 d&#8217;autore\u00a0dedicato al tema del cambiamento climatico con la curatela di Walter Guadagnini\u00a0e il contributo di Mario Calabresi, che ha visto impegnato il fotografo in\u00a0diversi Paesi per fornire una personale lettura per immagini del rapporto tra\u00a0l&#8217;uomo e il suo ambiente naturale, tema cruciale della contemporaneit\u00e0.<\/p>\n<p style=\"text-align: justify;\"><b>L\u2019apertura del nuovo museo \u00e8 accompagnata anche dalla mostra \u201c<a href=\"https:\/\/www.gallerieditalia.com\/content\/gdi\/it\/homepage\/torino\/mostre-e-iniziative\/mostre\/2022\/5\/dalla-guerra-alla-luna-1945-1969-sguardi-dall-archivio-publifoto-intesa-sanpaolo-1.html\" target=\"_blank\" rel=\"noopener\">Dalla guerra alla luna 1945-1969. Sguardi dall\u2019Archivio Publifoto Intesa Sanpaolo<\/a>\u201d<\/b>, una selezione di\u00a0immagini della storica Agenzia di fotogiornalismo italiano, a cura di Giovanna\u00a0Calvenzi e Aldo Grasso, che documenta il miracolo economico dal dopoguerra fino alla pi\u00f9 grande conquista dell&#8217;uomo moderno, lo sbarco sulla luna.<\/p>\n<p style=\"text-align: justify;\"><b>Al piano nobile\u00a0del Palazzo, infine, si trova il percorso museale di arte piemontese di propriet\u00e0 della Banca curato da Fernando Mazzocca, Alessandro Morandotti e Gelsomina Spione<\/b>, che espone circa quaranta\u00a0 opere \u2013 tra dipinti, sculture, arazzi, arredi &#8211; dal XIV al XVIII secolo, allestiti in dialogo con gli apparati decorativi tardobarocchi del palazzo; un ambiente dedicato ospiter\u00e0 le nove grandi tele realizzate nella seconda met\u00e0 del Seicento per decorare l&#8217;antico Oratorio della Compagnia di San Paolo, oggi distrutto.<\/p>\n<p>&nbsp;<\/p>\n<p><span style=\"font-size: 10pt;\">Foto \u00a9 Intesa Sanpaolo<\/span><\/p>\n<\/div>\n<\/div>\n","protected":false},"excerpt":{"rendered":"<p>Le Gallerie d&#8217;Italia di Torino nello storico Palazzo Turinetti di piazza San Carlo sono la\u00a0quarta sede espositiva di Intesa Sanpaolo, che si aggiunge a quelle di Milano, Napoli e Vicenza. Il nuovo museo nasce come luogo d\u2019incontro tra passato e futuro e si apre alle&#8230;<\/p>\n","protected":false},"author":3,"featured_media":19106,"comment_status":"open","ping_status":"open","sticky":false,"template":"","format":"standard","meta":{"footnotes":""},"categories":[4356,4366,4358],"tags":[4371,4487,4926,4419],"class_list":["post-21258","post","type-post","status-publish","format-standard","has-post-thumbnail","hentry","category-art","category-cultura-en","category-newsroom-en","tag-fotografia-en","tag-gallerie-ditalia-en","tag-mostre-en","tag-torino-en"],"_links":{"self":[{"href":"https:\/\/www.pressroom.cloud\/en\/wp-json\/wp\/v2\/posts\/21258","targetHints":{"allow":["GET"]}}],"collection":[{"href":"https:\/\/www.pressroom.cloud\/en\/wp-json\/wp\/v2\/posts"}],"about":[{"href":"https:\/\/www.pressroom.cloud\/en\/wp-json\/wp\/v2\/types\/post"}],"author":[{"embeddable":true,"href":"https:\/\/www.pressroom.cloud\/en\/wp-json\/wp\/v2\/users\/3"}],"replies":[{"embeddable":true,"href":"https:\/\/www.pressroom.cloud\/en\/wp-json\/wp\/v2\/comments?post=21258"}],"version-history":[{"count":1,"href":"https:\/\/www.pressroom.cloud\/en\/wp-json\/wp\/v2\/posts\/21258\/revisions"}],"predecessor-version":[{"id":22263,"href":"https:\/\/www.pressroom.cloud\/en\/wp-json\/wp\/v2\/posts\/21258\/revisions\/22263"}],"wp:featuredmedia":[{"embeddable":true,"href":"https:\/\/www.pressroom.cloud\/en\/wp-json\/wp\/v2\/media\/19106"}],"wp:attachment":[{"href":"https:\/\/www.pressroom.cloud\/en\/wp-json\/wp\/v2\/media?parent=21258"}],"wp:term":[{"taxonomy":"category","embeddable":true,"href":"https:\/\/www.pressroom.cloud\/en\/wp-json\/wp\/v2\/categories?post=21258"},{"taxonomy":"post_tag","embeddable":true,"href":"https:\/\/www.pressroom.cloud\/en\/wp-json\/wp\/v2\/tags?post=21258"}],"curies":[{"name":"wp","href":"https:\/\/api.w.org\/{rel}","templated":true}]}}