{"id":21269,"date":"2022-05-05T12:51:30","date_gmt":"2022-05-05T11:51:30","guid":{"rendered":"https:\/\/www.pressroom.cloud\/il-tempo-sospeso-di-giorgio-morandi-tra-roma-e-new-york\/"},"modified":"2025-03-26T17:16:45","modified_gmt":"2025-03-26T16:16:45","slug":"il-tempo-sospeso-di-giorgio-morandi-tra-roma-e-new-york","status":"publish","type":"post","link":"https:\/\/www.pressroom.cloud\/en\/il-tempo-sospeso-di-giorgio-morandi-tra-roma-e-new-york\/","title":{"rendered":"Il tempo sospeso di Giorgio Morandi tra Roma e New York"},"content":{"rendered":"<p style=\"text-align: justify;\">Con la mostra <strong>\u00a0Giorgio Morandi &#8211; Il tempo sospeso<\/strong>, la <a href=\"https:\/\/www.mattiadeluca.com\/\"><strong>Galleria Mattia De Luca<\/strong><\/a> prosegue il percorso di esposizioni dedicate a grandi Maestri del Novecento italiano e internazionale.<\/p>\n<p style=\"text-align: justify;\">La mostra \u2013 a cura di Marilena Pasquali, fondatrice e direttrice del Centro Studi Giorgio Morandi di Bologna, e realizzata in collaborazione con il Centro Studi Morandi e con il patrocinio del Comune di Roma e del Comune di Grizzana Morandi \u2013 si articola in due tappe:<strong> dal 30 aprile al 2 luglio 2022<\/strong> nella sede di <strong>Roma<\/strong> saranno esposti capolavori dipinti da Morandi nell\u2019arco di quarant\u2019anni, dagli anni Venti ai primi anni Sessanta; <strong>in autunno la sede di New York<\/strong> ospiter\u00e0 un\u2019 esposizione antologica ancora pi\u00f9 ampia, accompagnata da una ricca selezione di lavori su carta. <img loading=\"lazy\" decoding=\"async\" class=\"aligncenter\" src=\"https:\/\/www.artribune.com\/wp-content\/uploads\/2022\/05\/10-GiorgioMorandi_Iltemposospeso_installationview_courtesyGalleriaMattiaDeLuca.jpeg\" alt=\"Giorgio Morandi, Il tempo sospeso, installation view, courtesy Galleria Mattia De Luca\" width=\"1100\" height=\"733\" \/><\/p>\n<p>Allestimento \u00a9 Galleria Mattia De Luca<\/p>\n<p style=\"text-align: justify;\">Nella mostra romana <strong>circa una quarantina tra dipinti e opere<\/strong> su carta ripercorrono il percorso artistico di Morandi, nella volont\u00e0 di approfondire la conoscenza della sua arte \u201cdifficile e segreta\u201d, per parafrasare Cesare Brandi. Il serrato accostamento tra alcune \u201cvarianti\u201d morandiane mette in luce nuovi spunti critici, come anche alcuni documenti inediti emersi recentemente dagli archivi di famiglia e integrati al percorso espositivo.<\/p>\n<p style=\"text-align: justify;\">Giorgio Morandi &#8211; Il tempo sospeso, vuole valorizzare la figura di Morandi come uomo e artista saldamente ancorato al ventesimo secolo: un uomo che ha vissuto due guerre mondiali e provato il peso della disillusione, la perdita di riferimenti, la sconfitta di ogni credo. Per arginare la deriva dell\u2019umano il pittore ricerca un ordine mentale, un\u2019armonia della forma, una materia che si fa luce, senza tuttavia cancellare il brivido del dubbio che si ritrova in ogni sua immagine, trasformato in attesa, sospensione.<\/p>\n<div style=\"width: 969px\" class=\"wp-caption aligncenter\"><img loading=\"lazy\" decoding=\"async\" src=\"https:\/\/www.artribune.com\/wp-content\/uploads\/2022\/05\/02_Giorgio-Morandi-Paesaggio-1944-734x420.jpg\" alt=\"Giorgio Morandi, Paesaggio, 1944. Olio su tela, 30 x 50 cm Courtesy Galleria Mattia De Luca\" width=\"959\" height=\"549\" \/><p class=\"wp-caption-text\">Paesaggio, 1944 \u00a9 Galleria Mattia De Luca<\/p><\/div>\n<p style=\"text-align: justify;\">La curatrice Marilena Pasquali denisce cos\u00ec la forza dell\u2019arte di Morandi: <em>\u201cMettere il reale tra parentesi per riuscire a viverlo. Prendere le distanze dal mondo per poterlo abitare, per accettarlo senza perdere autonomia di pensiero e umanit\u00e0 di comportamento. Sostenere l\u2019importanza della sospensione, la necessit\u00e0 dell\u2019attesa, il bisogno di distacco<\/em>\u201d. E continua <em>\u201cRaramente un artista ha saputo trasmettere tutto questo \u2013 ragione e sentimento fusi insieme \u2013 come ha fatto Giorgio Morandi con le sue composizioni di oggetti, i suoi scorci di natura, i suoi fiori di seta, immagini in apparenza cos\u00ec \u201cneutrali\u201d e in realt\u00e0 cos\u00ec forti, cos\u00ec vuote di uomini e cos\u00ec colme di umanit\u00e0. Morandi \u00e8 artista \u201csull\u2019orlo\u201d, sempre in equilibrio sulla soglia di un tempo e di un mondo che stanno cambiando a grande velocit\u00e0, e come tale oggi \u00e8 pi\u00f9 che mai necessario, in questo tempo difficile e sempre pi\u00f9 veloce, inafferrabile e spesso incomprensibile\u201d<\/em>.<\/p>\n<div style=\"width: 919px\" class=\"wp-caption aligncenter\"><img loading=\"lazy\" decoding=\"async\" src=\"https:\/\/www.artribune.com\/wp-content\/uploads\/2022\/05\/04_Giorgio-Morandi-Natura-morta-1953-589x420.jpg\" alt=\"Giorgio Morandi, Natura morta, 1953. Olio su tela, 35 x 44 cm foto di Daniele Molajoli.\" width=\"909\" height=\"648\" \/><p class=\"wp-caption-text\">Natura morta, 1953 \u00a9 Daniele Molajoli<\/p><\/div>\n<p style=\"text-align: justify;\">A corredo del progetto espositivo di Roma e New York, verr\u00e0 pubblicato un catalogo con saggi della curatrice e di altri studiosi, letterati, artisti, e che raccoglier\u00e0 anche le immagini di entrambe le mostre, inediti documenti d&#8217;archivio e le testimonianze sulla vita e l\u2019opera di Giorgio Morandi studiati e analizzati appositamente per questo progetto.<\/p>\n","protected":false},"excerpt":{"rendered":"<p>Con la mostra \u00a0Giorgio Morandi &#8211; Il tempo sospeso, la Galleria Mattia De Luca prosegue il percorso di esposizioni dedicate a grandi Maestri del Novecento italiano e internazionale. La mostra \u2013 a cura di Marilena Pasquali, fondatrice e direttrice del Centro Studi Giorgio Morandi di&#8230;<\/p>\n","protected":false},"author":3,"featured_media":19075,"comment_status":"open","ping_status":"open","sticky":false,"template":"","format":"standard","meta":{"footnotes":""},"categories":[4356,4358],"tags":[4490,5049,4397],"class_list":["post-21269","post","type-post","status-publish","format-standard","has-post-thumbnail","hentry","category-art","category-newsroom-en","tag-arte-moderna-en","tag-giorgio-morandi-en","tag-roma-en"],"_links":{"self":[{"href":"https:\/\/www.pressroom.cloud\/en\/wp-json\/wp\/v2\/posts\/21269","targetHints":{"allow":["GET"]}}],"collection":[{"href":"https:\/\/www.pressroom.cloud\/en\/wp-json\/wp\/v2\/posts"}],"about":[{"href":"https:\/\/www.pressroom.cloud\/en\/wp-json\/wp\/v2\/types\/post"}],"author":[{"embeddable":true,"href":"https:\/\/www.pressroom.cloud\/en\/wp-json\/wp\/v2\/users\/3"}],"replies":[{"embeddable":true,"href":"https:\/\/www.pressroom.cloud\/en\/wp-json\/wp\/v2\/comments?post=21269"}],"version-history":[{"count":1,"href":"https:\/\/www.pressroom.cloud\/en\/wp-json\/wp\/v2\/posts\/21269\/revisions"}],"predecessor-version":[{"id":22286,"href":"https:\/\/www.pressroom.cloud\/en\/wp-json\/wp\/v2\/posts\/21269\/revisions\/22286"}],"wp:featuredmedia":[{"embeddable":true,"href":"https:\/\/www.pressroom.cloud\/en\/wp-json\/wp\/v2\/media\/19075"}],"wp:attachment":[{"href":"https:\/\/www.pressroom.cloud\/en\/wp-json\/wp\/v2\/media?parent=21269"}],"wp:term":[{"taxonomy":"category","embeddable":true,"href":"https:\/\/www.pressroom.cloud\/en\/wp-json\/wp\/v2\/categories?post=21269"},{"taxonomy":"post_tag","embeddable":true,"href":"https:\/\/www.pressroom.cloud\/en\/wp-json\/wp\/v2\/tags?post=21269"}],"curies":[{"name":"wp","href":"https:\/\/api.w.org\/{rel}","templated":true}]}}