{"id":21279,"date":"2022-04-28T13:48:22","date_gmt":"2022-04-28T12:48:22","guid":{"rendered":"https:\/\/www.pressroom.cloud\/due-secoli-di-gioielli-in-vetro-al-museo-del-bijou\/"},"modified":"2025-03-26T17:16:52","modified_gmt":"2025-03-26T16:16:52","slug":"due-secoli-di-gioielli-in-vetro-al-museo-del-bijou","status":"publish","type":"post","link":"https:\/\/www.pressroom.cloud\/en\/due-secoli-di-gioielli-in-vetro-al-museo-del-bijou\/","title":{"rendered":"Due secoli di gioielli in vetro al Museo del Bijou"},"content":{"rendered":"<p style=\"text-align: justify;\">Nell\u2019anno in cui\u00a0<strong>si celebra nel mondo<\/strong>\u00a0il ruolo \u201ctecnologico, scientifico, economico, ambientale, storico e artistico del\u00a0<strong>vetro<\/strong> nella nostra societ\u00e0, mettendo in luce le ricche possibilit\u00e0 di sviluppo delle tecnologie e il loro potenziale contributo per affrontare le sfide dello sviluppo sostenibile e delle societ\u00e0 inclusive&#8221;, il <a href=\"http:\/\/www.museodelbijou.it\"><strong>Museo del Bijou di Casalmaggiore<\/strong><\/a> presenta la mostra <strong>\u201cVetro. Gioielli italiani tra \u2018800 e \u2018900\u201d<\/strong>.<\/p>\n<p style=\"text-align: justify;\">Attraverso una minuziosa ricerca e un\u2019accurata selezione di oltre 300 pezzi tra gioielli d\u2019autore e documenti d\u2019epoca, l\u2019evento rivela l\u2019affascinante evoluzione dello stile, del costume e della societ\u00e0 italiana negli ultimi due secoli.<\/p>\n<p style=\"text-align: justify;\"><img decoding=\"async\" class=\"aligncenter\" src=\"https:\/\/scontent.fmxp6-1.fna.fbcdn.net\/v\/t39.30808-6\/278828291_10159786895728389_7177700977159035600_n.jpg?_nc_cat=102&amp;ccb=1-5&amp;_nc_sid=730e14&amp;_nc_ohc=Sv3-jJE3lmsAX8M3q5g&amp;tn=LZitQ2SGKY3XK7g9&amp;_nc_ht=scontent.fmxp6-1.fna&amp;oh=00_AT-tVVj0-v4le2v7fVqdDGQ9MPBxaqDvmJIjgohE9N0UWw&amp;oe=626EF83F\" alt=\"Nessuna descrizione della foto disponibile.\" \/><\/p>\n<p style=\"text-align: justify;\">In mostra sar\u00e0 possibile ammirare lunghi e colorati sautoir di inizio secolo, bracciali in stile Dec\u00f2 di murrine millefiori, gioielli in micro mosaico romano realizzati per il Grand Tour, grandi collier multifilo e collarette realizzate con minuscole conterie da abbinare agli abiti da cocktail sartoriali degli anni Sessanta. Sar\u00e0 possibile lasciarsi affascinare dai numerosi orecchini a bouquet degli anni Cinquanta, dai bijoux dei figli dei fiori ispirati ai nativi americani, dai grandi cristalli degli anni Ottanta, e anche dalle creazioni pi\u00f9 sperimentali dei grandi designer e artisti di fine Millennio.<\/p>\n<p style=\"text-align: justify;\">Il vetro, caleidoscopico e multiforme, \u00e8 da sempre apprezzato perch\u00e9 capace di assumere sembianze e colori della natura e anche di spingersi oltre, trasformandosi in un qualcosa di tendenzialmente nuovo, frutto dell\u2019ingegno e della capacit\u00e0 creativa dell\u2019essere umano.<\/p>\n<p style=\"text-align: justify;\">Prima dell\u2019avvento dei materiali plastici, il vetro era considerato il materiale per eccellenza nella creazione di gioielli, una sorta di simbolo dell\u2019evoluzione sociale della donna: da angelo del focolare a flapper, da signorina della buona societ\u00e0 a donna in carriera, da figlia dei fiori a eterea minimalista.<\/p>\n<p style=\"text-align: justify;\"><img decoding=\"async\" class=\"aligncenter\" src=\"https:\/\/scontent.fmxp6-1.fna.fbcdn.net\/v\/t39.30808-6\/278821072_10159786893818389_6687456305207500697_n.jpg?_nc_cat=104&amp;ccb=1-5&amp;_nc_sid=730e14&amp;_nc_ohc=v4E-9sF4xmgAX_lsUTi&amp;_nc_ht=scontent.fmxp6-1.fna&amp;oh=00_AT9KDS6nQkTRcuureyVQ4Xk4hLDKW1iwUL7Mopkt8GzjCw&amp;oe=626F26D9\" alt=\"Nessuna descrizione della foto disponibile.\" \/><\/p>\n<p style=\"text-align: justify;\">Il vetro artificiale \u00e8 un materiale difficile da ottenere e da lavorare tanto che nella storia era considerato un segreto di pochi maestri e per tale motivo da essi gelosamente conservato.<\/p>\n<p style=\"text-align: justify;\">Tra Ottocento e Novecento, a seguito del processo di industrializzazione, il vetro ha diversificato la sua identit\u00e0: da una parte un prodotto di finissimo e altissimo artigianato oggetto di sperimentazione tecnica e artistica per gioielli di lusso e ricercati; dall\u2019altra un articolo industriale per il grande pubblico usato in gioielli a basso costo.<br \/>\n<strong><em><br \/>\nVetro. Gioielli Italiani tra \u2018800 e \u2018900<\/em><\/strong>\u00a0\u00e8 una mostra da non perdere: oltre agli affascinanti gioielli esposti, il visitatore \u00e8 accolto da una cartellonistica pensata per guidarlo nella comprensione della loro realt\u00e0 materiale e artistica e del loro inserimento nel contesto sociale e di costume.<\/p>\n<p style=\"text-align: justify;\">Tutto l\u2019allestimento \u00e8 inoltre stato progettato e realizzato ad hoc dalla designer iraniana Sogand Nobahar che, utilizzando e rielaborando vetro di recupero, ha voluto sottolineare l\u2019importanza del \u201cprezioso\u201d materiale anche nel riciclo e nella sostenibilit\u00e0 ambientale.<\/p>\n<div style=\"width: 910px\" class=\"wp-caption aligncenter\"><img loading=\"lazy\" decoding=\"async\" src=\"https:\/\/preziosamagazine.com\/wp-content\/uploads\/2022\/04\/15.jpg\" alt=\"\" width=\"900\" height=\"600\" \/><p class=\"wp-caption-text\">Spilla, metallo dorato stampato, cristalli di vetro, Casalmaggiore (CR), anni Trenta del XX secolo<\/p><\/div>\n<p style=\"text-align: justify;\">\u201cE\u2019 con grande piacere che il Comune di Casalmaggiore torna a collaborare con Bianca Cappello ed Augusto Panini per una mostra di altissima qualit\u00e0, dopo le collaborazioni degli anni scorsi\u201d spiega il Sindaco Filippo Bongiovanni che sottolinea: \u201cLa mostra si inserisce nel ricco percorso che i nostri Musei hanno dedicato al materiale vetro, parte viva della storia della nostra citt\u00e0, avendo ospitato nel secolo scorso importanti industrie vetrarie strettamente legate ad Altare (Savona). Il Museo del Bijou, con questa mostra, sapr\u00e0 ancora una volta catalizzare l\u2019attenzione di appassionati e collezionisti, di visitatori e turisti, che con l\u2019occasione di ammirare gli splendidi gioielli in vetro proposti in Sala Zaffanella, potranno ulteriormente approfondire la conoscenza della nostra citt\u00e0, del suo splendido fiume, delle sue ricchezze naturalistiche, artistiche e architettoniche\u201d.<\/p>\n<p style=\"text-align: justify;\">\u201cAgli inizi del XX secolo la perla di vetro diventa accessorio indispensabile nell\u2019abbigliamento elegante e seducente della donna moderna\u201d &#8211; dice Augusto Panini, uno dei Curatori della mostra- \u201ce si riappropria di quel fascinosissimo ruolo avuto nel corso dei secoli, da Cleopatra a Elisabetta Gonzaga\u201d.<\/p>\n<div style=\"width: 910px\" class=\"wp-caption aligncenter\"><img loading=\"lazy\" decoding=\"async\" src=\"https:\/\/preziosamagazine.com\/wp-content\/uploads\/2022\/04\/2.jpg\" alt=\"\" width=\"900\" height=\"669\" \/><p class=\"wp-caption-text\">Barbara Paganin, spilla Anemone Rosso, conterie veneziane, oro, argento ossidato, Venezia, 1996<\/p><\/div>\n<p style=\"text-align: justify;\">\u201cDalla preistoria a oggi, il gioiello di vetro \u00e8 stato capace di muoversi al passo con il linguaggio, l\u2019ingegno e l\u2019estetica della societ\u00e0 riuscendo sempre a raccontarla e a mostrarne le caratteristiche.\u201d aggiunge Bianca Cappello, curatrice lei stessa della mostra. \u201cIl vetro nel gioiello \u00e8 \u2018fragile e indistruttibile\u2019 al tempo stesso, \u00e8 un materiale che racconta l\u2019altissimo livello raggiungibile con l\u2019artigianato artistico e che, negli ultimi due secoli, \u00e8 entrato da protagonista nei gioielli del Sistema Moda, cos\u00ec come nel Gioiello di Ricerca e in quello di Design\u201d.<\/p>\n<p style=\"text-align: justify;\">La mostra si concluder\u00e0 il 9 ottobre 2022.<\/p>\n","protected":false},"excerpt":{"rendered":"<p>Nell\u2019anno in cui\u00a0si celebra nel mondo\u00a0il ruolo \u201ctecnologico, scientifico, economico, ambientale, storico e artistico del\u00a0vetro nella nostra societ\u00e0, mettendo in luce le ricche possibilit\u00e0 di sviluppo delle tecnologie e il loro potenziale contributo per affrontare le sfide dello sviluppo sostenibile e delle societ\u00e0 inclusive&#8221;, il&#8230;<\/p>\n","protected":false},"author":3,"featured_media":19037,"comment_status":"open","ping_status":"open","sticky":false,"template":"","format":"standard","meta":{"footnotes":""},"categories":[4356,4358],"tags":[4973,4488,4926,5018,5060],"class_list":["post-21279","post","type-post","status-publish","format-standard","has-post-thumbnail","hentry","category-art","category-newsroom-en","tag-casalmaggiore-en","tag-gioielli-en","tag-mostre-en","tag-musei-en","tag-vetro-en"],"_links":{"self":[{"href":"https:\/\/www.pressroom.cloud\/en\/wp-json\/wp\/v2\/posts\/21279","targetHints":{"allow":["GET"]}}],"collection":[{"href":"https:\/\/www.pressroom.cloud\/en\/wp-json\/wp\/v2\/posts"}],"about":[{"href":"https:\/\/www.pressroom.cloud\/en\/wp-json\/wp\/v2\/types\/post"}],"author":[{"embeddable":true,"href":"https:\/\/www.pressroom.cloud\/en\/wp-json\/wp\/v2\/users\/3"}],"replies":[{"embeddable":true,"href":"https:\/\/www.pressroom.cloud\/en\/wp-json\/wp\/v2\/comments?post=21279"}],"version-history":[{"count":1,"href":"https:\/\/www.pressroom.cloud\/en\/wp-json\/wp\/v2\/posts\/21279\/revisions"}],"predecessor-version":[{"id":22306,"href":"https:\/\/www.pressroom.cloud\/en\/wp-json\/wp\/v2\/posts\/21279\/revisions\/22306"}],"wp:featuredmedia":[{"embeddable":true,"href":"https:\/\/www.pressroom.cloud\/en\/wp-json\/wp\/v2\/media\/19037"}],"wp:attachment":[{"href":"https:\/\/www.pressroom.cloud\/en\/wp-json\/wp\/v2\/media?parent=21279"}],"wp:term":[{"taxonomy":"category","embeddable":true,"href":"https:\/\/www.pressroom.cloud\/en\/wp-json\/wp\/v2\/categories?post=21279"},{"taxonomy":"post_tag","embeddable":true,"href":"https:\/\/www.pressroom.cloud\/en\/wp-json\/wp\/v2\/tags?post=21279"}],"curies":[{"name":"wp","href":"https:\/\/api.w.org\/{rel}","templated":true}]}}