{"id":21292,"date":"2022-04-12T13:53:56","date_gmt":"2022-04-12T12:53:56","guid":{"rendered":"https:\/\/www.pressroom.cloud\/finalmente-il-maggio\/"},"modified":"2025-03-26T17:17:02","modified_gmt":"2025-03-26T16:17:02","slug":"finalmente-il-maggio","status":"publish","type":"post","link":"https:\/\/www.pressroom.cloud\/en\/finalmente-il-maggio\/","title":{"rendered":"Finalmente il Maggio!"},"content":{"rendered":"<p style=\"text-align: justify;\">Tre mesi di opere, concerti e appuntamenti seguendo il fil rouge della mitologia, dell\u2019amore e della fabula: cos\u00ec si presenta il ricco cartellone dell\u201984esima edizione del Festival del <a href=\"https:\/\/www.maggiofiorentino.com\/en\/events\/lamico-fritz-2\"><strong>Maggio Musicale Fiorentino<\/strong><\/a>.<\/p>\n<p style=\"text-align: justify;\">Il festival si apre stasera 12 aprile con <strong><em>Orph\u00e9e et Eurydice<\/em><\/strong> di Christoph Willibald Gluck (altre recite il 13, 19, 21, 23 aprile), il debutto operistico di <strong>Daniele Gatti<\/strong> nel suo ruolo di direttore principale del Maggio Musicale Fiorentino. L\u2019opera, mai eseguita al Maggio nella versione francese, verr\u00e0 data in un nuovo allestimento: la regia \u00e8 affidata a Pierre Audi, regista libanese, attuale direttore artistico del Festival di Aix-en-Provence, Le scene e le luci sono di Jean Kalman, i costumi di Haider Ackermann, i video di Gilber Nouno e la coreografia \u00e8 di Arno Schuitmaker.<\/p>\n<div style=\"width: 1610px\" class=\"wp-caption aligncenter\"><img loading=\"lazy\" decoding=\"async\" src=\"https:\/\/scontent.fmxp6-1.fna.fbcdn.net\/v\/t39.30808-6\/277675852_10159807540974035_557571230458980375_n.jpg?_nc_cat=104&amp;ccb=1-5&amp;_nc_sid=8bfeb9&amp;_nc_ohc=Fmj4T2wTKhUAX850iXO&amp;tn=LZitQ2SGKY3XK7g9&amp;_nc_ht=scontent.fmxp6-1.fna&amp;oh=00_AT-uTYxDCyyGjQyxs6_HPOfAQ5PZhMD4SY6PQQtAqYt4GA&amp;oe=625A781F\" alt=\"\" width=\"1600\" height=\"1066\" \/><p class=\"wp-caption-text\">Dalle prove di Orph\u00e9e et Eurydice (foto: Michele Monasta)<\/p><\/div>\n<p style=\"text-align: justify;\">Nel cast ci sono <strong>Juan Francisco Gatell<\/strong>, tenore assai legato a Firenze fin dal suo debutto in loco nel 2004, e <strong>Anna Prohaska<\/strong> nei ruoli degli amanti che danno il titolo all\u2019opera, <strong>Sara Blanch<\/strong> in quello di Amore. Il balletto, componente fondamentale della versione francese dell\u2019opera che debutt\u00f2 il 2 agosto 1774 all\u2019Acad\u00e9mie Royale de Musique, sar\u00e0 eseguito da ballerini diplomati all\u2019Accademia del Teatro alla Scala.<\/p>\n<p style=\"text-align: justify;\">Il 27 aprile, con repliche il 30, il 3, 5 e 8 maggio, andr\u00e0 in scena per la prima volta in assoluto al Maggio <strong><em>Rom\u00e9o et Juliette<\/em><\/strong> di Charles Gounod: la nuova produzione \u00e8 capitanata da Frederic Wake-Walker alla regia, che ritorna a Firenze con il suo team dopo il successo dell\u2019Adriana Lecouvreur che ha inaugurato la scorsa edizione. Polina Liefers firma le scene, Julia Katharina Berndt i costumi e Anna Olkhovaya le coreografie, mentre le luci sono di Peter Mumford. Nel cast vedremo il ritorno di <strong>Juan Diego Fl\u00f3rez<\/strong> e <strong>Valentina Naforni\u01aba<\/strong> nel ruolo dei protagonisti. Insieme a loro <strong>Vasilisa Berzhanskaya<\/strong> (St\u00e9phano), <strong>Alessio Arduini<\/strong> (Mercutio), <strong>Evgeny Stavinsky<\/strong> (Fr\u00e9r\u00e9 Laurent),<strong> Ruzil Gatin<\/strong> (Tybalt), <strong>Francesco Milanese<\/strong> (Comte Capulet), <strong>Marina De Liso<\/strong> (Gertrude), <strong>Adriano Gramigni<\/strong> (Duce de Verone) e <strong>Andr\u00e9 Courville<\/strong> (P\u00e2ris), <strong>Davide Piva<\/strong> (Gr\u00e9gorio). <strong>Henrik N\u00e1n\u00e1si<\/strong> diriger\u00e0 l\u2019Orchestra del Maggio Musicale Fiorentino.<\/p>\n<p style=\"text-align: justify;\">Terzo titolo in programma, <strong><em>Le nozze di Figaro<\/em><\/strong> torna il 7 maggio al Teatro alla Pergola (repliche il 14, 15 e 19 maggio) con la storica regia di Jonathan Miller e la direzione di <strong>Mark Minkowski<\/strong> (al posto dell\u2019annunciato Zubin Mehta). Il cast sar\u00e0 composto da <strong>Alessandro Luongo<\/strong> (Conte d\u2019Almaviva), <strong>Kirsten MacKinnon<\/strong> (Contessa d\u2019Almaviva), <strong>Luca Micheletti<\/strong> (Figaro), <strong>Benedetta Torre<\/strong> (Susanna), <strong>Serena Malfi<\/strong> (Cherubino), <strong>Fabio Capitanucci<\/strong> (Bartolo), Carmen Buend\u00eda (Marcellina), <strong>Paolo Antognetti<\/strong> (Don Basilio), <strong>Antonio Gar\u00e8s<\/strong> (Don Curzio), <strong>Rosal\u00eda Cid<\/strong> (Barbarina) e <strong>Alfonso Zambuto<\/strong> (Antonio).<\/p>\n<div id=\"attachment_8365\" style=\"width: 604px\" class=\"wp-caption aligncenter\"><img loading=\"lazy\" decoding=\"async\" aria-describedby=\"caption-attachment-8365\" class=\"wp-image-8365\" src=\"https:\/\/www.pressroom.cloud\/wp-content\/uploads\/278380119_718000232946064_9081542685000888262_n-214x300.jpg\" alt=\"\" width=\"594\" height=\"833\" srcset=\"https:\/\/www.pressroom.cloud\/wp-content\/uploads\/278380119_718000232946064_9081542685000888262_n-214x300.jpg 214w, https:\/\/www.pressroom.cloud\/wp-content\/uploads\/278380119_718000232946064_9081542685000888262_n-731x1024.jpg 731w, https:\/\/www.pressroom.cloud\/wp-content\/uploads\/278380119_718000232946064_9081542685000888262_n.jpg 857w\" sizes=\"auto, (max-width: 594px) 100vw, 594px\" \/><p id=\"caption-attachment-8365\" class=\"wp-caption-text\">Manifesto ufficiale<\/p><\/div>\n<p style=\"text-align: justify;\">Altro titolo mai eseguito al Maggio, <strong><em>I due Foscari<\/em><\/strong> di Giuseppe Verdi (prima il 22 maggio, con repliche il 25, 28, 31 e 3 giugno) vedranno il ritorno di <strong>Pl\u00e1cido Domingo<\/strong> a Firenze dopo il grande successo di Nabucco. Stavolta affronter\u00e0 il ruolo di Francesco Foscari in una nuova produzione firmata da Grischa Asagaroff alla regia, con scene e costumi di Luigi Perego, luci di Valerio Tiberi e coreografia di Cristiano Colangelo, mentre la direzione sar\u00e0 affidata a Carlo Rizzi. A fianco di Domingo troveremo <strong>Jonathan Tetelmann<\/strong>, che debutta al Maggio nel ruolo di Jacopo Foscari, e <strong>Ailyn P\u00e9rez<\/strong> nei panni di Lucrezia Contarini. Completano il cast <strong>Riccardo Fassi<\/strong> (Loredano), <strong>Joseph Dahdah<\/strong> (Barbarigo) e <strong>Xenia Tziouvaras<\/strong> (Pisana).<\/p>\n<p style=\"text-align: justify;\">Si torna al Teatro della Pergola per <em><strong>Ariadne auf Naxos<\/strong><\/em> di Richard Strauss il 7, 10, 13, 16, 18 giugno, opera assente dai cartelloni del Maggio dal 1997 quando Mehta la diresse nella stessa sala. Stavolta la direzione \u00e8 affidata a Daniele Gatti, mentre la regia \u00e8 di Matthias Hartmann con le scene di Volker Hintermeier e le luci di Valerio Tiberi, lo stesso team che ha creato il recente Fidelio che ha inaugurato il nuovo auditorium. Tra i ruoli principali, <strong>Krassimira Stoyanova<\/strong> interpreta Ariadne, <strong>A. J. Glueckert<\/strong> \u00e8 Bacchus,<strong> Michelle Losier<\/strong> veste i panni del Komponist, mentre <strong>Jessica Pratt<\/strong> debutta il ruolo di Zerbinetta nella versione 1916, dopo aver sostenuto quello della versione originale a Martina Franca nel 2020. Negli altri ruoli troveremo <strong>Markus Werba<\/strong> (Musiklehrer),<strong> Liviu Holander<\/strong> (Harlekin), <strong>Luca Bernard<\/strong> (Scaramuccio), <strong>Jacoub Eisa<\/strong> (Truffaldin), <strong>Daniel Schliewa<\/strong> (Brighella), <strong>Maria Nazarova<\/strong> (Najade), <strong>Anna Doris Capitelli<\/strong> (Dryade), <strong>Liubov Medvedeva<\/strong> (Echo), <strong>Antonio Gar\u00e9s<\/strong> (Tanzmeister), <strong>Matteo Guerz\u00e8<\/strong> (Per\u00fcckenmacher), <strong>Davide Piva<\/strong> (Lakai), <strong>Joseph Dahdah<\/strong> (Der Offizier). Alexander Pereira si riserva, come ha fatto gi\u00e0 altre volte a Zurigo e alla Scala, il ruolo parlato dell\u2019Haushofmeister.<\/p>\n<div style=\"width: 2510px\" class=\"wp-caption aligncenter\"><img loading=\"lazy\" decoding=\"async\" src=\"https:\/\/api.maggiofiorentino.com\/code\/wp-content\/uploads\/2018\/10\/Daniele_Gatti_Teatro_Del_Maggio.jpg\" alt=\"Daniele Gatti, grande successo per il concerto al Maggio - Teatro del Maggio Musicale Fiorentino\" width=\"2500\" height=\"1000\" \/><p class=\"wp-caption-text\">Daniele Gatti (foto: Teatro del Maggio)<\/p><\/div>\n<p style=\"text-align: justify;\">Anche l\u2019ultimo titolo in programma non \u00e8 mai stato rappresentato al Maggio. <strong><em>Acis et Galat\u00e9e<\/em><\/strong>, ultima opera composta da Jean-Baptiste Lully, compositore fiorentino che vide per\u00f2 il suo massimo successo a Parigi, vedr\u00e0 la sua prima fiorentina il 4 luglio (repliche il 6, 9 e 11) all\u2019Auditorium Zubin Mehta con la direzione di Federico Maria Sardelli a capo del suo Modo Antiquo e la regia di Benjamin Lazar. Le scene sono di Adeline Caron, i costumi di Alain Blanchot, le luci di Christophe Naillet e la coreografia di Gudrun Skamletz. Tra gli interpreti <strong>Jean Fran\u00e7ois Lombard<\/strong>, <strong>Luigi De Donato<\/strong> e <strong>Francesca Lombardi Mazzulli<\/strong>.<\/p>\n<p style=\"text-align: justify;\">A questi titoli si aggiunge <strong><em>Ayda<\/em><\/strong>, amore fatale, opera per i pi\u00f9 giovani ispirata ad Aida di Giuseppe Verdi, commissionata dal Maggio in collaborazione con l\u2019Accademia del Maggio Musicale Fiorentino, in un progetto di CR Firenze in collaborazione con l\u2019Assessorato all\u2019Educazione e al Welfare del Comune di Firenze. La messa in scena curata per la regia, la scrittura scenica e i costumi da Manu Lalli, vedr\u00e0 sul podio dell\u2019Ensemble della Scuola di Musica di Fiesole, Giuseppe La Malfa. Sul palco della Cavea del teatro gli attori della compagnia <strong>Venti Lucenti<\/strong> e gli studenti del progetto \u201cAll\u2019opera,\u2026 le scuole al Maggio\u201d, cio\u00e8 <strong>400 allievi delle scuole primarie e secondarie di Firenze<\/strong>. I ruoli di Amneris e Amonasro saranno sostenuti da <strong>Xenia Tziouvaras<\/strong> e <strong>Alfonso Corrado<\/strong>. La prima \u00e8 il 4 giugno con repliche il 6, 8, 9 giugno.<\/p>\n<p style=\"text-align: justify;\"><strong>PressRoom<\/strong> seguir\u00e0 il Festival del Maggio. Prossimamente qui anche il ricco programma dei concerti che sar\u00e0 inaugurato il 26 aprile da Daniele Gatti e tutti gli eventi collaterali.<\/p>\n<p>&nbsp;<\/p>\n<p style=\"text-align: justify;\">Per il programma completo e aggiornato:<br \/>\nhttps:\/\/www.maggiofiorentino.com\/event_season\/lxxxiv-festival-del-maggio-musicale-fiorentino\/<\/p>\n","protected":false},"excerpt":{"rendered":"<p>Tre mesi di opere, concerti e appuntamenti seguendo il fil rouge della mitologia, dell\u2019amore e della fabula: cos\u00ec si presenta il ricco cartellone dell\u201984esima edizione del Festival del Maggio Musicale Fiorentino. Il festival si apre stasera 12 aprile con Orph\u00e9e et Eurydice di Christoph Willibald&#8230;<\/p>\n","protected":false},"author":3,"featured_media":19003,"comment_status":"open","ping_status":"open","sticky":false,"template":"","format":"standard","meta":{"footnotes":""},"categories":[4358,4540],"tags":[4493,4378,4372,4641],"class_list":["post-21292","post","type-post","status-publish","format-standard","has-post-thumbnail","hentry","category-newsroom-en","category-spettacoli-en","tag-firenze-en","tag-musica-en","tag-opera-en","tag-teatro-del-maggio-en"],"_links":{"self":[{"href":"https:\/\/www.pressroom.cloud\/en\/wp-json\/wp\/v2\/posts\/21292","targetHints":{"allow":["GET"]}}],"collection":[{"href":"https:\/\/www.pressroom.cloud\/en\/wp-json\/wp\/v2\/posts"}],"about":[{"href":"https:\/\/www.pressroom.cloud\/en\/wp-json\/wp\/v2\/types\/post"}],"author":[{"embeddable":true,"href":"https:\/\/www.pressroom.cloud\/en\/wp-json\/wp\/v2\/users\/3"}],"replies":[{"embeddable":true,"href":"https:\/\/www.pressroom.cloud\/en\/wp-json\/wp\/v2\/comments?post=21292"}],"version-history":[{"count":1,"href":"https:\/\/www.pressroom.cloud\/en\/wp-json\/wp\/v2\/posts\/21292\/revisions"}],"predecessor-version":[{"id":22332,"href":"https:\/\/www.pressroom.cloud\/en\/wp-json\/wp\/v2\/posts\/21292\/revisions\/22332"}],"wp:featuredmedia":[{"embeddable":true,"href":"https:\/\/www.pressroom.cloud\/en\/wp-json\/wp\/v2\/media\/19003"}],"wp:attachment":[{"href":"https:\/\/www.pressroom.cloud\/en\/wp-json\/wp\/v2\/media?parent=21292"}],"wp:term":[{"taxonomy":"category","embeddable":true,"href":"https:\/\/www.pressroom.cloud\/en\/wp-json\/wp\/v2\/categories?post=21292"},{"taxonomy":"post_tag","embeddable":true,"href":"https:\/\/www.pressroom.cloud\/en\/wp-json\/wp\/v2\/tags?post=21292"}],"curies":[{"name":"wp","href":"https:\/\/api.w.org\/{rel}","templated":true}]}}