{"id":21295,"date":"2022-04-09T09:22:00","date_gmt":"2022-04-09T08:22:00","guid":{"rendered":"https:\/\/www.pressroom.cloud\/il-viaggio-di-carlo-levi-al-mercato-centrale-torino\/"},"modified":"2025-03-26T17:17:05","modified_gmt":"2025-03-26T16:17:05","slug":"il-viaggio-di-carlo-levi-al-mercato-centrale-torino","status":"publish","type":"post","link":"https:\/\/www.pressroom.cloud\/en\/il-viaggio-di-carlo-levi-al-mercato-centrale-torino\/","title":{"rendered":"Il viaggio di Carlo Levi al Mercato Centrale Torino"},"content":{"rendered":"<p style=\"text-align: justify;\">Il <a href=\"http:\/\/www.mercatocentrale.it\/news\/il-viaggio-di-carlo-levi-tutti-gli-eventi-al-mercato-centrale-torino\"><strong>Mercato Centrale Torino<\/strong><\/a> sta riprendendo in pieno la sua attivit\u00e0, che non \u00e8 solo legata al cibo di qualit\u00e0, ma punta sempre di pi\u00f9 a diventare un punto di riferimento culturale in senso lato per la citt\u00e0.\u00a0<b>Umberto Montano<\/b>, il patron del Mercato, ha anticipato il progetto di eventi \u201cUn anno di luce al Mercato Centrale\u201d, ed \u00e8 una scelta quanto mai simbolica quella del tema della luce, che finalmente tutti stiamo tornando a rivedere. Tra le future proposte che verranno annunciate entro l\u2019estate ci sono anche le residenze di artista, previste nelle scenografiche e storiche ghiacciaie del mercato, dove artisti creeranno opere giocate proprio sul tema della luce.<\/p>\n<p><img loading=\"lazy\" decoding=\"async\" class=\"aligncenter\" src=\"https:\/\/static.gamberorosso.it\/2022\/04\/mostra-carlo-levi-0011-768x512.jpg\" width=\"900\" height=\"600\" \/><\/p>\n<p style=\"text-align: justify;\"><strong>LA MOSTRA SU CARLO LEVI<\/strong><br \/>\nIntanto, una prima grande mostra \u201cillumina\u201d sui progetti del Mercato e sul rapporto stimolante e concreto che si pu\u00f2 creare con la cultura del cibo: si celebra la figura di Carlo Levi, in occasione dei 120 anni dalla nascita. Prendendo spunto dall\u2019opera \u201cCristo si e\u0300 fermato a Eboli\u201d, il Mercato ospita nelle antiche ghiacciaie &#8211; misteriose strutture che sembrano astronavi di pietra atterrate chiss\u00e0 come e da dove a Porta Palazzo &#8211; una mostra di grande suggestione, dai ritratti fotografici dell\u2019autore alle versioni per il cinema e per la narrazione grafica. Per cominciare, Il Viaggio di Carlo Levi, a cura di <b>Piernicola Maria di Iorio<\/b>, un percorso fotografico che si apre con le foto dal set cinematografico di \u201cCristo si e\u0300 fermato ad Eboli\u201d il film realizzato nel 1978 da Francesco Rosi (di cui ricorrono quest\u2019anno i 100 anni dalla nascita). L\u2019esposizione prosegue con una selezione di fotografie dello stesso Levi scattate durante il confino ad Aliano, in Basilicata, scatti di grande intensit\u00e0 e suggestione. Sotto le volte di pietra della prima ghiacciaia sono esposte le strisce di Sergio Staino, \u201cQuando Jesus non si fermo\u0300 a Eboli\u201d. Ambientata in una Nazareth appena italianizzata, la striscia ha come protagonista Jesus e racconta il nostro tempo, in una riflessione ironica sulla contemporaneita\u0300. Fino al 2 maggio la mostra sara\u0300 sempre aperta gratuitamente al pubblico e si potranno anche prenotare visite guidate, sempre gratuite, il sabato e la domenica, inviando una mail <a href=\"http:\/\/info.torino@mercatocentrale.it.\"><strong>qui<\/strong><\/a><\/p>\n<p><img decoding=\"async\" src=\"https:\/\/static.gamberorosso.it\/2022\/04\/mostra-carlo-levi-005611.jpg\" alt=\"Mercato Centrale Torino\" \/><\/p>\n<p style=\"text-align: justify;\"><strong>IL MESE DI EVENTI CULTURALI AL MERCATO CENTRALE TORINO<\/strong><br \/>\nE per tutto il mese sono previsti incontri, letture , proiezioni, musica: l\u20198 aprile in ghiacciaia piccola, Letture di Franco Arminio sui paesaggi e sul festival di Aliano \u201cLa luna e i calanchi\u201d, il 12 proiezione del film \u201cCristo si e\u0300 fermato a Eboli\u201d di Francesco Rosi, il 14, in ghiacciaia piccola, Viaggio teatrale nella storia degli scrittori lucani a cura di Ulderico Pesce; il 19, al Cocktail Bar, Viaggio nella tradizione gastronomica della Lucania interiore a cura di Gal Lucania Interiore, il 26 , in Spazio Fare, Proiezione del film Lucus a non lucendo \u2013 A proposito di Carlo Levi con i registi Enrico Masi e con Alessandra Lancellotti e infine il 28 in piazza, Esibizione musicale folkloristica lucana. La mostra e la rassegna eventi sono patrocinate dalla regione Basilicata, la provincia di Matera, i comuni di Matera, Aliano, Torino, Viggiano e la Fondazione Carlo Levi.<\/p>\n<p><img decoding=\"async\" src=\"https:\/\/citynews-torinotoday.stgy.ovh\/~media\/original-hi\/34719432206287\/mostra_carlo_levi-002-24-2.jpg\" alt=\"Il viaggio di Carlo Levi&quot; | la mostra al Mercato Centrale Eventi a Torino\" \/><\/p>\n<p style=\"text-align: justify;\">Un bel modo per creare trame e sinergie fra la cultura del cibo e la cultura della scrittura, dell\u2019immagine, della parola, della musica. Ed \u00e8 un segno dei tempi che stiamo vivendo il fatto che un progetto di cultura \u201calta\u201d approdi nei luoghi del cibo. Certo la ricerca della felicit\u00e0 di cui oggi sembra esserci particolare bisogno passa sia dal mangiare meglio sia dal piacere della condivisione e di nuove conoscenze. Il pane e le rose: un tema su cui meriterebbe tornare a riflettere.<\/p>\n<p style=\"text-align: justify;\"><em>Rosalba Graglia<\/em><\/p>\n<p style=\"text-align: justify;\">Da <a href=\"https:\/\/www.gamberorosso.it\/notizie\/una-grande-mostra-su-carlo-levi-e-un-mese-di-eventi-culturali-al-mercato-centrale-di-torino\/?utm_term=42105+-+Una+grande+mostra+su+Carlo+Levi+e+un+mese+di+eventi+culturali+al+Mercato+Centrale+di+Torino&amp;utm_campaign=NL+GIORNALIERA+ITA&amp;utm_medium=email&amp;utm_source=MagNews&amp;utm_content=5497+-+2519+%282022-04-07%29\"><strong>Gambero Rosso<\/strong><\/a><\/p>\n<div class=\"code-block code-block-52\" style=\"text-align: justify;\"><\/div>\n<p style=\"text-align: justify;\">\n","protected":false},"excerpt":{"rendered":"<p>Il Mercato Centrale Torino sta riprendendo in pieno la sua attivit\u00e0, che non \u00e8 solo legata al cibo di qualit\u00e0, ma punta sempre di pi\u00f9 a diventare un punto di riferimento culturale in senso lato per la citt\u00e0.\u00a0Umberto Montano, il patron del Mercato, ha anticipato&#8230;<\/p>\n","protected":false},"author":3,"featured_media":18998,"comment_status":"open","ping_status":"open","sticky":false,"template":"","format":"standard","meta":{"footnotes":""},"categories":[4356,4395],"tags":[4926,4419],"class_list":["post-21295","post","type-post","status-publish","format-standard","has-post-thumbnail","hentry","category-art","category-sapori-e-passioni-en","tag-mostre-en","tag-torino-en"],"_links":{"self":[{"href":"https:\/\/www.pressroom.cloud\/en\/wp-json\/wp\/v2\/posts\/21295","targetHints":{"allow":["GET"]}}],"collection":[{"href":"https:\/\/www.pressroom.cloud\/en\/wp-json\/wp\/v2\/posts"}],"about":[{"href":"https:\/\/www.pressroom.cloud\/en\/wp-json\/wp\/v2\/types\/post"}],"author":[{"embeddable":true,"href":"https:\/\/www.pressroom.cloud\/en\/wp-json\/wp\/v2\/users\/3"}],"replies":[{"embeddable":true,"href":"https:\/\/www.pressroom.cloud\/en\/wp-json\/wp\/v2\/comments?post=21295"}],"version-history":[{"count":1,"href":"https:\/\/www.pressroom.cloud\/en\/wp-json\/wp\/v2\/posts\/21295\/revisions"}],"predecessor-version":[{"id":22338,"href":"https:\/\/www.pressroom.cloud\/en\/wp-json\/wp\/v2\/posts\/21295\/revisions\/22338"}],"wp:featuredmedia":[{"embeddable":true,"href":"https:\/\/www.pressroom.cloud\/en\/wp-json\/wp\/v2\/media\/18998"}],"wp:attachment":[{"href":"https:\/\/www.pressroom.cloud\/en\/wp-json\/wp\/v2\/media?parent=21295"}],"wp:term":[{"taxonomy":"category","embeddable":true,"href":"https:\/\/www.pressroom.cloud\/en\/wp-json\/wp\/v2\/categories?post=21295"},{"taxonomy":"post_tag","embeddable":true,"href":"https:\/\/www.pressroom.cloud\/en\/wp-json\/wp\/v2\/tags?post=21295"}],"curies":[{"name":"wp","href":"https:\/\/api.w.org\/{rel}","templated":true}]}}