{"id":21297,"date":"2022-04-05T14:37:18","date_gmt":"2022-04-05T13:37:18","guid":{"rendered":"https:\/\/www.pressroom.cloud\/photos-in-mostra-la-collezione-julian-castilla\/"},"modified":"2025-03-26T17:17:06","modified_gmt":"2025-03-26T16:17:06","slug":"photos-in-mostra-la-collezione-julian-castilla","status":"publish","type":"post","link":"https:\/\/www.pressroom.cloud\/en\/photos-in-mostra-la-collezione-julian-castilla\/","title":{"rendered":"Photos! In mostra la Collezione Juli\u00e1n Castilla"},"content":{"rendered":"<p style=\"text-align: justify;\"><a href=\"https:\/\/www.palazzoalbergati.com\/\"><strong>Palazzo Albergati<\/strong><\/a>\u00a0di\u00a0<strong>Bologna<\/strong>\u00a0ospita \u2013\u00a0<strong>dall\u20198 aprile al 4 settembre 2022<\/strong>\u00a0&#8211; per la prima volta in Italia, la straordinaria\u00a0<strong>Collezione Juli\u00e1n Castilla<\/strong>\u00a0con la mostra\u00a0<strong>P<\/strong><strong>HOTOS!<\/strong><\/p>\n<p style=\"text-align: justify;\"><strong>Alfred Stieglizt, Man Ray, Henri Cartier-Bresson, Vivian Meier, Robert Capa, Andr\u00e9 Kert\u00e8sz, Alberto Korda e Robert Doisneau<\/strong>, nonch\u00e9 fotografi spagnoli come\u00a0<strong>Carlos Saura, Ram\u00f3n Masats, Oriol Maspons, Isabel Mu\u00f1oz, Cristina Garc\u00eda Rodero o Chema Madoz<\/strong>\u00a0e molti altri sono i protagonisti indiscussi, con i loro memorabili scatti entrati ormai nell\u2019immaginario collettivo come fermo-immagine del secolo scorso, di un viaggio imperdibile nella storia della fotografia.<\/p>\n<div style=\"width: 1034px\" class=\"wp-caption aligncenter\"><img loading=\"lazy\" decoding=\"async\" src=\"https:\/\/insideart.eu\/wp-content\/uploads\/2022\/03\/BeqXHaYQ-1024x659.jpeg\" alt=\"Robert Capa  Morte di un miliziano 1936  Stampa ai sali d\u2019argento  40,69\u00d750,86 cm  Collezione Julian Castilla  \u00a9 Robert Capa\/ICP\/Magnum Photos\/Contacto\" width=\"1024\" height=\"659\" \/><p class=\"wp-caption-text\">Robert Capa, Morte di un miliziano, 1936 \u00a9 Robert Capa\/ICP\/Magnum Photos\/Contacto<\/p><\/div>\n<p style=\"text-align: justify;\">Un accostamento di\u00a0<strong>oltre 70 opere<\/strong>, di grandi maestri spagnoli e internazionali, che rendono l\u2019esposizione bolognese unica al mondo.<\/p>\n<p style=\"text-align: justify;\">Considerata una delle collezioni private pi\u00f9 importanti d&#8217;Europa, appartenente a Juli\u00e1n Castilla, noto collezionista d&#8217;arte spagnolo, copre pi\u00f9 di un secolo di arte fotografica, dalla nascita della fotografia moderna all&#8217;inizio del XX secolo a quella attuale del XXI secolo. Una narrazione che passando per la creazione dell&#8217;Agenzia Magnum e lo sviluppo del fotoreportage, dall\u2019evoluzione della fotografia di moda, al racconto del presente, si confronta oggi con le sfide contemporanee nell&#8217;era digitale.<\/p>\n<p style=\"text-align: justify;\">La maggior parte delle opere della sua collezione storica sono in bianco e nero. L&#8217;ultima fotografia, datata febbraio 2005, \u00e8 degli artisti\u00a0<strong>Christo<\/strong>\u00a0e\u00a0<strong>Jeanne-Claude<\/strong>, che ritraggono la loro monumentale installazione di 37 chilometri a Central Park, composta da un totale di 7.503 \u201cporte\u201d (pannelli di tessuto arancione).<strong>\u00a0<\/strong><\/p>\n<div style=\"width: 542px\" class=\"wp-caption aligncenter\"><img loading=\"lazy\" decoding=\"async\" class=\"\" src=\"https:\/\/artslife.com\/wp-content\/uploads\/2022\/04\/01_-1-600x800.jpg\" alt=\"Man Ray Le Violin d\u2019Ingres (Il violino di Ingres) 1924 Stampa ai sali d\u2019argento 30\u00d740 cm Collezione Julian Castilla \u00a9 Man Ray 2015 Trust\" width=\"532\" height=\"710\" \/><p class=\"wp-caption-text\">Man Ray, Le Violin d\u2019Ingres, 1924 \u00a9 Man Ray 2015 Trust<\/p><\/div>\n<p style=\"text-align: justify;\">La mostra\u00a0<strong><em>P<\/em><\/strong><strong><em>HOTOS!<\/em><\/strong>, con il patrocinio della\u00a0<strong>Regione Emilia Romagna<\/strong>\u00a0e del\u00a0<strong>Comune di Bologna<\/strong>, in collaborazione con\u00a0<strong>Museo d&#8217;Arte Contemporanea di Villanueva de los Infantes<\/strong>, vede come\u00a0<em>sponsor<\/em>\u00a0<strong>Poema<\/strong>\u00a0ed \u00e8 curata da\u00a0<strong>Cristina Carrillo de Albornoz<\/strong>.<\/p>\n<p style=\"text-align: justify;\">La mostra \u00e8 prodotta e organizzata da\u00a0<strong>Arthemisia<\/strong>.<\/p>\n","protected":false},"excerpt":{"rendered":"<p>Palazzo Albergati\u00a0di\u00a0Bologna\u00a0ospita \u2013\u00a0dall\u20198 aprile al 4 settembre 2022\u00a0&#8211; per la prima volta in Italia, la straordinaria\u00a0Collezione Juli\u00e1n Castilla\u00a0con la mostra\u00a0PHOTOS! Alfred Stieglizt, Man Ray, Henri Cartier-Bresson, Vivian Meier, Robert Capa, Andr\u00e9 Kert\u00e8sz, Alberto Korda e Robert Doisneau, nonch\u00e9 fotografi spagnoli come\u00a0Carlos Saura, Ram\u00f3n Masats, Oriol&#8230;<\/p>\n","protected":false},"author":3,"featured_media":18996,"comment_status":"open","ping_status":"open","sticky":false,"template":"","format":"standard","meta":{"footnotes":""},"categories":[4366,4358],"tags":[4466,4371,4926,5018],"class_list":["post-21297","post","type-post","status-publish","format-standard","has-post-thumbnail","hentry","category-cultura-en","category-newsroom-en","tag-bologna-en","tag-fotografia-en","tag-mostre-en","tag-musei-en"],"_links":{"self":[{"href":"https:\/\/www.pressroom.cloud\/en\/wp-json\/wp\/v2\/posts\/21297","targetHints":{"allow":["GET"]}}],"collection":[{"href":"https:\/\/www.pressroom.cloud\/en\/wp-json\/wp\/v2\/posts"}],"about":[{"href":"https:\/\/www.pressroom.cloud\/en\/wp-json\/wp\/v2\/types\/post"}],"author":[{"embeddable":true,"href":"https:\/\/www.pressroom.cloud\/en\/wp-json\/wp\/v2\/users\/3"}],"replies":[{"embeddable":true,"href":"https:\/\/www.pressroom.cloud\/en\/wp-json\/wp\/v2\/comments?post=21297"}],"version-history":[{"count":1,"href":"https:\/\/www.pressroom.cloud\/en\/wp-json\/wp\/v2\/posts\/21297\/revisions"}],"predecessor-version":[{"id":22342,"href":"https:\/\/www.pressroom.cloud\/en\/wp-json\/wp\/v2\/posts\/21297\/revisions\/22342"}],"wp:featuredmedia":[{"embeddable":true,"href":"https:\/\/www.pressroom.cloud\/en\/wp-json\/wp\/v2\/media\/18996"}],"wp:attachment":[{"href":"https:\/\/www.pressroom.cloud\/en\/wp-json\/wp\/v2\/media?parent=21297"}],"wp:term":[{"taxonomy":"category","embeddable":true,"href":"https:\/\/www.pressroom.cloud\/en\/wp-json\/wp\/v2\/categories?post=21297"},{"taxonomy":"post_tag","embeddable":true,"href":"https:\/\/www.pressroom.cloud\/en\/wp-json\/wp\/v2\/tags?post=21297"}],"curies":[{"name":"wp","href":"https:\/\/api.w.org\/{rel}","templated":true}]}}