{"id":21309,"date":"2022-03-23T22:24:49","date_gmt":"2022-03-23T21:24:49","guid":{"rendered":"https:\/\/www.pressroom.cloud\/100-anni-di-ugo-tognazzi\/"},"modified":"2025-03-26T17:17:16","modified_gmt":"2025-03-26T16:17:16","slug":"100-anni-di-ugo-tognazzi","status":"publish","type":"post","link":"https:\/\/www.pressroom.cloud\/en\/100-anni-di-ugo-tognazzi\/","title":{"rendered":"100 anni di Ugo Tognazzi"},"content":{"rendered":"<p style=\"text-align: justify;\">100 anni fa, il 23 marzo del 1922, nasceva a Cremona Ugo Tognazzi. Che non solo \u00e8 stato il grande attore che tutti conosciamo ma anche un grande cuoco. Anzi, lui preferiva definirsi un cuoco prestato al cinema \u2013 in qualche caso, pensiamo alla Grande Abbuffata, regia di Marco Ferreri, i ruoli si sono in parte sovrapposti \u2013 Quale occasione migliore del centenario per celebrare anche la passione per la cucina di Tognazzi? Lui amava cucinare per gli amici, sperimentare e creare ricette che ha raccolto nel libro libro \u201cLa mia Cucina\u201d edito da\u00a0<b>Sugarco<\/b>\u00a0nel 1983. Ricette che dopo quasi quarant\u2019anni sono di interessante e innovativa contemporaneit\u00e0.<\/p>\n<p style=\"text-align: justify;\"><img loading=\"lazy\" decoding=\"async\" class=\"size-full wp-image-417843 aligncenter\" src=\"https:\/\/static.gamberorosso.it\/2022\/03\/combo-ugo-tognazzi.jpg\" sizes=\"auto, (max-width: 1200px) 100vw, 1200px\" srcset=\"https:\/\/static.gamberorosso.it\/2022\/03\/combo-ugo-tognazzi-352x352.jpg 352w, https:\/\/static.gamberorosso.it\/2022\/03\/combo-ugo-tognazzi-1024x1024.jpg 1024w, https:\/\/static.gamberorosso.it\/2022\/03\/combo-ugo-tognazzi-150x150.jpg 150w, https:\/\/static.gamberorosso.it\/2022\/03\/combo-ugo-tognazzi-768x768.jpg 768w, https:\/\/static.gamberorosso.it\/2022\/03\/combo-ugo-tognazzi.jpg 1200w\" alt=\"combo Ugo tognazzi\" width=\"1200\" height=\"1200\" \/><\/p>\n<p style=\"text-align: justify;\"><strong>A TORINO LA CENA DEDICATA A UGO TOGNAZZI<br \/>\n<\/strong>Cos\u00ec lo chef pi\u00f9 romano di Torino,\u00a0<b>Danilo Pelliccia<\/b>\u00a0dei\u00a0<b>D\u00f9 Cesari<\/b>, ha deciso di dedicargli una cena-evento proprio il 23 marzo. Pelliccia, grande amico di\u00a0<b>Gianmarco Tognazzi<\/b>, spiega cos\u00ec l\u2019idea:\u00a0<i>\u201cPur essendo nato in Lombardia, Ugo Tognazzi \u00e8 sempre stato legato a Roma e alla sua cultura, anche gastronomica. Gi\u00e0 in passato ho reinterpretato dei piatti e delle ricette che lui aveva realizzato e raccolto in alcuni libri. L\u2019omaggio nel centenario della sua nascita mi sembrava d\u2019obbligo anche a Torino perch\u00e9 questa \u00e8 la citt\u00e0 che ha accolto me e la mia cucina, ma anche perch\u00e9 con il figlio, Gianmarco Tognazzi, ci lega un rapporto di amicizia profondo e possiamo dire che il mio ristorante e i suoi vini siano cresciuti parallelamente\u201d.\u00a0<\/i>Luogo prescelto lo spazio creativo di\u00a0<b>Combo<\/b>, nel quartiere di Porta Palazzo. Pelliccia ha coinvolto l\u2019amico\u00a0<b>Alessandro Ucheddu<\/b>, chef di Combo, che ha conosciuto Gianmarco Tognazzi e apprezza i suoi vini.<\/p>\n<p style=\"text-align: justify;\"><img loading=\"lazy\" decoding=\"async\" class=\"size-full wp-image-417844 aligncenter\" src=\"https:\/\/static.gamberorosso.it\/2022\/03\/combo-torino1.jpg\" sizes=\"auto, (max-width: 1200px) 100vw, 1200px\" srcset=\"https:\/\/static.gamberorosso.it\/2022\/03\/combo-torino1-470x313.jpg 470w, https:\/\/static.gamberorosso.it\/2022\/03\/combo-torino1-1024x683.jpg 1024w, https:\/\/static.gamberorosso.it\/2022\/03\/combo-torino1-768x512.jpg 768w, https:\/\/static.gamberorosso.it\/2022\/03\/combo-torino1.jpg 1200w\" alt=\"Combo Torino\" width=\"1200\" height=\"800\" \/><\/p>\n<p style=\"text-align: justify;\"><b>IL MENU<br \/>\n<\/b>I due chef hanno deciso di rivisitare alcune delle ricette iconiche di Tognazzi, riprese proprio da \u201cLa mia cucina,\u201d il libro che Gianmarco Tognazzi ha regalato a Danilo Pelliccia con dedica \u201cAl mio Brother Danilo, sicuro che ti farai ispirare e saprai sapientemente reinterpretare Ugo come sai fare tu!\u201d. Un invito preciso a ripensare le ricette del padre: nel menu ci sono cos\u00ec la\u00a0<b>lingua salmistrata in agrodolce<\/b>, il\u00a0<b>disco di melanzane<\/b>, il\u00a0<b>risotto Fuxia<\/b>\u00a0(rivisitazione alla piemontese delle farfalle fuxia alla barbabietola di Ugo), la\u00a0<b>quaglia ripiena alla vignaiola<\/b>\u00a0e per dessert\u00a0<b>torta di mele e bab\u00e0<\/b>. Pelliccia e Ucheddu spiegano cos\u00ec le varianti:\u00a0<i>\u201cAbbiamo modificato alcuni ingredienti cercando di rendere le ricette pi\u00f9 attuali. Per esempio la lingua \u00e8 stata messa a macerare nell\u2019aceto di lamponi, mentre nel disco di melanzane usiamo la mozzarella di bufala disidratata e le acciughe del Cantabrico al posto di burro e parmigiano come faceva Ugo, legato alle sue origini cremonesi\u201d<\/i>. O ancora,\u00a0<i>\u201cnel primo piatto le farfalle sono state sostituito dal riso perch\u00e9, secondo noi, si sposa meglio con il sugo di barbabietola e abbiamo aggiunto la riduzione di pecorino, mentre per il bab\u00e0 abbiamo sostituito il kiwi con il cioccolato a scaglie e il gelato con lamponi e peperoncino\u201d.<\/i><\/p>\n<div class=\"code-block code-block-8\" style=\"text-align: justify;\">\n<div class=\"quickadsense\">\n<div id=\"div-gpt-ad-1513092732977-8\" data-google-query-id=\"CJX8m_aP3fYCFUWkdwodUdoDWA\">\n<div id=\"google_ads_iframe_\/128828216\/IT\/\/NOTIZIE\/\/DESK-MOB\/\/IN-PAGE2_0__container__\"><\/div>\n<\/div>\n<\/div>\n<\/div>\n<p style=\"text-align: justify;\">L\u2019appuntamento \u00e8 per le ore 20.00 quando il giornalista romano Marco Lombardi del Messaggero dar\u00e0 il via alla serata in un dialogo tra aneddoti cinematografici e piatti della cucina romana. La cena (90 \u20ac bevande escluse) sar\u00e0 accompagnata dai vini di\u00a0<b>La Tognazza<\/b>, prodotti a Velletri da Gianmarco Tognazzi, che si collegher\u00e0 con la sala per essere comunque presente all\u2019appuntamento di gusto, uno dei primi di una serie di eventi che per tutto l\u2019anno celebreranno il centenario dell\u2019attore.<\/p>\n<p>&nbsp;<\/p>\n<p><em>Rosalba Graglia<\/em><\/p>\n<p>Da <a href=\"https:\/\/www.gamberorosso.it\/notizie\/torino-celebra-i-100-anni-di-ugo-tognazzi-attore-e-cuoco\/?utm_term=41353+-+Torino+celebra+i+100+anni+di+Ugo+Tognazzi%2C+attore+e+cuoco&amp;utm_campaign=NL+GIORNALIERA+ITA&amp;utm_medium=email&amp;utm_source=MagNews&amp;utm_content=5435+-+2519+%282022-03-23%29\"><strong>Gambero Rosso<\/strong><\/a><\/p>\n<p>&nbsp;<\/p>\n","protected":false},"excerpt":{"rendered":"<p>100 anni fa, il 23 marzo del 1922, nasceva a Cremona Ugo Tognazzi. Che non solo \u00e8 stato il grande attore che tutti conosciamo ma anche un grande cuoco. Anzi, lui preferiva definirsi un cuoco prestato al cinema \u2013 in qualche caso, pensiamo alla Grande&#8230;<\/p>\n","protected":false},"author":3,"featured_media":18973,"comment_status":"open","ping_status":"open","sticky":false,"template":"","format":"standard","meta":{"footnotes":""},"categories":[4367,4395],"tags":[5079],"class_list":["post-21309","post","type-post","status-publish","format-standard","has-post-thumbnail","hentry","category-lifestyle-en","category-sapori-e-passioni-en","tag-ugo-tognazzi-en"],"_links":{"self":[{"href":"https:\/\/www.pressroom.cloud\/en\/wp-json\/wp\/v2\/posts\/21309","targetHints":{"allow":["GET"]}}],"collection":[{"href":"https:\/\/www.pressroom.cloud\/en\/wp-json\/wp\/v2\/posts"}],"about":[{"href":"https:\/\/www.pressroom.cloud\/en\/wp-json\/wp\/v2\/types\/post"}],"author":[{"embeddable":true,"href":"https:\/\/www.pressroom.cloud\/en\/wp-json\/wp\/v2\/users\/3"}],"replies":[{"embeddable":true,"href":"https:\/\/www.pressroom.cloud\/en\/wp-json\/wp\/v2\/comments?post=21309"}],"version-history":[{"count":1,"href":"https:\/\/www.pressroom.cloud\/en\/wp-json\/wp\/v2\/posts\/21309\/revisions"}],"predecessor-version":[{"id":22366,"href":"https:\/\/www.pressroom.cloud\/en\/wp-json\/wp\/v2\/posts\/21309\/revisions\/22366"}],"wp:featuredmedia":[{"embeddable":true,"href":"https:\/\/www.pressroom.cloud\/en\/wp-json\/wp\/v2\/media\/18973"}],"wp:attachment":[{"href":"https:\/\/www.pressroom.cloud\/en\/wp-json\/wp\/v2\/media?parent=21309"}],"wp:term":[{"taxonomy":"category","embeddable":true,"href":"https:\/\/www.pressroom.cloud\/en\/wp-json\/wp\/v2\/categories?post=21309"},{"taxonomy":"post_tag","embeddable":true,"href":"https:\/\/www.pressroom.cloud\/en\/wp-json\/wp\/v2\/tags?post=21309"}],"curies":[{"name":"wp","href":"https:\/\/api.w.org\/{rel}","templated":true}]}}