{"id":21451,"date":"2020-08-02T18:34:13","date_gmt":"2020-08-02T17:34:13","guid":{"rendered":"https:\/\/www.pressroom.cloud\/castiglione-perfetto-gentiluomo\/"},"modified":"2020-08-02T18:34:13","modified_gmt":"2020-08-02T17:34:13","slug":"castiglione-perfetto-gentiluomo","status":"publish","type":"post","link":"https:\/\/www.pressroom.cloud\/en\/castiglione-perfetto-gentiluomo\/","title":{"rendered":"Il gentiluomo"},"content":{"rendered":"<p style=\"text-align: justify;\">Nell\u2019anno di Raffaello, Urbino celebra un intellettuale che fu sodale del celebre artista e con lui condivise l\u2019interesse per l\u2019antichit\u00e0. <a href=\"https:\/\/www.vieniaurbino.it\/2020\/07\/08\/baldassarre-castiglione-e-raffaello-la-grande-mostra-nelle-sale-del-castellare-del-palazzo-ducale\/#:~:text=Luglio%202020%20Eventi-,Baldassarre%20Castiglione%20e%20Raffaello%3A%20la%20grande%20mostra%20nelle,del%20Castellare%20del%20Palazzo%20Ducale&amp;text=Nell'anno%20delle%20celebrazioni%20raffaellesche,dei%20primi%20decenni%20del%20Cinquecento.\">Baldassarre Castiglione <\/a>e la civilt\u00e0 delle corti rivivono in una mostra d\u2019arte, ma anche di ricerca documentaria, che tratteggia un vivace ritratto dell\u2019epoca. A cura di Elisabetta Soletti e Vittorio Sgarbi. Fino al 1\u00b0 novembre 2020.<\/p>\n<div id=\"attachment_4248\" style=\"width: 335px\" class=\"wp-caption alignleft\"><img loading=\"lazy\" decoding=\"async\" aria-describedby=\"caption-attachment-4248\" class=\"wp-image-4248\" src=\"https:\/\/www.pressroom.cloud\/wp-content\/uploads\/Raffaello-attribuito-a-Ritratto-di-Guidobaldo-da-Montefeltro-1502-04-circa.-Firenze-Gallerie-degli-Uffizi-166x300.jpg\" alt=\"\" width=\"325\" height=\"587\" srcset=\"https:\/\/www.pressroom.cloud\/wp-content\/uploads\/Raffaello-attribuito-a-Ritratto-di-Guidobaldo-da-Montefeltro-1502-04-circa.-Firenze-Gallerie-degli-Uffizi-166x300.jpg 166w, https:\/\/www.pressroom.cloud\/wp-content\/uploads\/Raffaello-attribuito-a-Ritratto-di-Guidobaldo-da-Montefeltro-1502-04-circa.-Firenze-Gallerie-degli-Uffizi-568x1024.jpg 568w, https:\/\/www.pressroom.cloud\/wp-content\/uploads\/Raffaello-attribuito-a-Ritratto-di-Guidobaldo-da-Montefeltro-1502-04-circa.-Firenze-Gallerie-degli-Uffizi.jpg 655w\" sizes=\"auto, (max-width: 325px) 100vw, 325px\" \/><p id=\"caption-attachment-4248\" class=\"wp-caption-text\">Raffaello (attribuito a), Ritratto di Guidobaldo da Montefeltro, 1502-04 circa, Gallerie degli Uffizi<\/p><\/div>\n<p style=\"text-align: justify;\">URBINO. Le Sale del Castellare del Palazzo Ducale\u00a0sono lo scenario per un viaggio ideale nella cultura del Rinascimento, attraverso l\u2019emblematica figura di Baldassarre Castiglione\u00a0(1478 &#8211; 1529), che fu umanista, letterato e diplomatico, ovvero una personalit\u00e0 poliedrica come si conveniva a un intellettuale del Rinascimento. La sua personalit\u00e0 viene ricostruita attraverso lettere, documenti, opere d\u2019arte, e una sezione virtuale, e la mostra ha il pregio di ampliare il punto di vista sul personaggio, uscendo dalla prospettiva limitata del <em>Cortegiano<\/em>, che per quanto opera importante (forn\u00ec infatti il modello dell\u2019uomo di corte rinascimentale), non fu l\u2019unica del Castiglione: compose infatti anche rime e testi teatrali. Ma fu tra i primi a capire l\u2019importanza della conservazione dell\u2019antichit\u00e0 (che il Rinascimento stava appunto riscoprendo); celebre a questo proposito la lettera scritta \u201ca quattro mani\u201d con Raffaello e indirizzata a Leone X per sensibilizzarlo sulla necessit\u00e0 di recuperare le rovine romane.<\/p>\n<p style=\"text-align: justify;\">Attraverso la sua figura, la mostra \u00e8 occasione per ricostruire l\u2019ambiente e l\u2019atmosfera delle corti rinascimentali; nato a Casatico (nelle campagne del mantovano) comp\u00ec gli studi a Milano, dove si appassion\u00f2 particolarmente alla letteratura greca e latina e allo studio di queste lingue, dopo di che ritorn\u00f2 alla corte dei Gonzaga e s\u2019impieg\u00f2 nel servizio diplomatico. Ma nel 1503, a seguito della sconfitta subita dai francesi (di cui i mantovani erano alleati) per mano degli spagnoli nella Battaglia del Garigliano, Castiglione accolse l\u2019invito del Duca d\u2019Urbino, Guidobaldo da Montefeltro, e si trasfer\u00ec alla sua corte, che proprio in quegli anni, grazie anche all\u2019astro di Raffaello, raggiungeva il suo massimo splendore. Qui strinse amicizia con artisti e letterati, amicizia che pot\u00e9 approfondire successivamente a Roma, dove risied\u00e9 dal 1513 al 1516 in qualit\u00e0 di ambasciatore dei Montefeltro. Questo \u201cgotha\u201d intellettuale \u00e8 ricostruito in mostra attraverso i ritratti di Leone X, del Duca Guidobaldo, e del cardinale Pietro Bembo, mentre quello del Castiglione eseguito da Raffaello \u00e8 presente in copia, perch\u00e9 l\u2019originale \u00e8 adesso a Roma alle Scuderie del Quirinale.<\/p>\n<div id=\"attachment_4250\" style=\"width: 334px\" class=\"wp-caption alignright\"><img loading=\"lazy\" decoding=\"async\" aria-describedby=\"caption-attachment-4250\" class=\"wp-image-4250\" src=\"https:\/\/www.pressroom.cloud\/wp-content\/uploads\/Raffaello_Baldassarre_Castiglione-1-251x300.jpg\" alt=\"\" width=\"324\" height=\"387\" srcset=\"https:\/\/www.pressroom.cloud\/wp-content\/uploads\/Raffaello_Baldassarre_Castiglione-1-251x300.jpg 251w, https:\/\/www.pressroom.cloud\/wp-content\/uploads\/Raffaello_Baldassarre_Castiglione-1-855x1024.jpg 855w, https:\/\/www.pressroom.cloud\/wp-content\/uploads\/Raffaello_Baldassarre_Castiglione-1-768x920.jpg 768w, https:\/\/www.pressroom.cloud\/wp-content\/uploads\/Raffaello_Baldassarre_Castiglione-1.jpg 1002w\" sizes=\"auto, (max-width: 324px) 100vw, 324px\" \/><p id=\"caption-attachment-4250\" class=\"wp-caption-text\">Raffaello, Ritratto di Baldassarre Castiglione, 1514-15, Mus\u00e9e du Louvre<\/p><\/div>\n<p style=\"text-align: justify;\">Ricostruita la cornice dei personaggi, la mostra si addentra nel clima culturale dell\u2019epoca, quello che ispir\u00f2 il <em>Cortegiano<\/em>, il quale doveva essere mondano ed erudito conversatore, esperto nell\u2019uso delle armi, ma anche di poesia e letteratura, nonch\u00e9 elegante nel vestire. Una situazione che la mostra racconta toccandone i vari ambiti: sono infatti esposti pezzi dell\u2019Armeria Reale di Torino, fra cui un\u2019armatura e una celata, che fanno pensare ai paladini celebrati dal Tasso e dell\u2019Ariosto, e che sono raffinati esempi dell\u2019equipaggiamento militare dell\u2019epoca, e che vedeva anche in Italia una fiorente e valente industria. Lo stesso Castiglione, pur non avendola mai praticata, apprezzava l\u2019arte militare, e possedeva un equipaggiamento completo da cavaliere, probabilmente pi\u00f9 per senso estetico che per reali finalit\u00e0 pratiche. Ricercava con attenzione selle, staffe e bardature di buona fattura per i cavalli, cos\u00ec come spade, celate, lance, che fossero riccamente decorate. La mostra racconta quindi il buon gusto di Castiglione, esteta <em>ante litteram<\/em>, che aveva anche la passione antiquaria per la ricerca dei documenti e delle antichit\u00e0, e fu appassionato collezionista cos\u00ec come altri grandi personaggi del suo tempo. Fra questi, Giulio Romano, Andrea Piperario, Pietro Bembo, ma anche Federico Gonzaga e altri signori.<\/p>\n<p style=\"text-align: justify;\">Fra i dipinti in mostra, diverse sono quelli di Raffaello, che di Castiglione fu molto amico e che nel 500\u00b0 della scomparsa trova un altro omaggio indiretto con questa mostra urbinate.<\/p>\n<p style=\"text-align: justify;\">Di assoluto pregio, infine, la sezione bibliografica, che espone manoscritti originali di Castiglione, del <em>Cortegiano<\/em> che fu uno dei primi grandi libri europei moderni che rappresent\u00f2 il modello ideale dei valori della civilt\u00e0 delle corti, e a questo, appunto, Castiglione deve gran parte della sua fama. Ma la mostra urbinate \u00e8 anche occasione per ammirare altri scritti del Castiglione e preziosi volumi antichi, che costituivano il bagaglio culturale indispensabile del gentiluomo dell\u2019epoca: Petrarca, Boccaccio, Virgilio, Seneca, Lucrezio e Tito Livio. Di questi grandi autori sono esposte preziose edizioni cinquecentesche, autentiche opere d\u2019arte che documentano il pregio in cui all\u2019epoca era tenuta la stampa. Una ricca ed elegante biblioteca era infatti immancabile nella \u201cdotazione\u201d del perfetto gentiluomo dell\u2019epoca, che all\u2019occorrenza doveva sapere di poesia, storia, arte militare, galateo, politica.<\/p>\n<p style=\"text-align: justify;\">Attraverso Castiglione la mostra ci accompagna idealmente nella bellezza del Rinascimento, che segn\u00f2 probabilmente l\u2019apice della storia italiana.<\/p>\n<p>&nbsp;<\/p>\n<p>In copertina:\u00a0Raffaello, La Muta (particolare), 1507, Galleria Nazionale delle Marche, Urbino<\/p>\n","protected":false},"excerpt":{"rendered":"<p>Nell\u2019anno di Raffaello, Urbino celebra un intellettuale che fu sodale del celebre artista e con lui condivise l\u2019interesse per l\u2019antichit\u00e0. Baldassarre Castiglione e la civilt\u00e0 delle corti rivivono in una mostra d\u2019arte, ma anche di ricerca documentaria, che tratteggia un vivace ritratto dell\u2019epoca. A cura&#8230;<\/p>\n","protected":false},"author":12,"featured_media":17177,"comment_status":"open","ping_status":"open","sticky":false,"template":"","format":"standard","meta":{"footnotes":""},"categories":[4356,4366,1],"tags":[5209,5210,5151,5211,5178,5212,4729],"class_list":["post-21451","post","type-post","status-publish","format-standard","has-post-thumbnail","hentry","category-art","category-cultura-en","category-magazine-en","tag-baldassare-castiglione-en","tag-elisabetta-soletti-en","tag-marche-en","tag-mostra-en","tag-raffaello-en","tag-urbino-en","tag-vittorio-sgarbi-en"],"_links":{"self":[{"href":"https:\/\/www.pressroom.cloud\/en\/wp-json\/wp\/v2\/posts\/21451","targetHints":{"allow":["GET"]}}],"collection":[{"href":"https:\/\/www.pressroom.cloud\/en\/wp-json\/wp\/v2\/posts"}],"about":[{"href":"https:\/\/www.pressroom.cloud\/en\/wp-json\/wp\/v2\/types\/post"}],"author":[{"embeddable":true,"href":"https:\/\/www.pressroom.cloud\/en\/wp-json\/wp\/v2\/users\/12"}],"replies":[{"embeddable":true,"href":"https:\/\/www.pressroom.cloud\/en\/wp-json\/wp\/v2\/comments?post=21451"}],"version-history":[{"count":0,"href":"https:\/\/www.pressroom.cloud\/en\/wp-json\/wp\/v2\/posts\/21451\/revisions"}],"wp:featuredmedia":[{"embeddable":true,"href":"https:\/\/www.pressroom.cloud\/en\/wp-json\/wp\/v2\/media\/17177"}],"wp:attachment":[{"href":"https:\/\/www.pressroom.cloud\/en\/wp-json\/wp\/v2\/media?parent=21451"}],"wp:term":[{"taxonomy":"category","embeddable":true,"href":"https:\/\/www.pressroom.cloud\/en\/wp-json\/wp\/v2\/categories?post=21451"},{"taxonomy":"post_tag","embeddable":true,"href":"https:\/\/www.pressroom.cloud\/en\/wp-json\/wp\/v2\/tags?post=21451"}],"curies":[{"name":"wp","href":"https:\/\/api.w.org\/{rel}","templated":true}]}}