{"id":21494,"date":"2019-05-28T22:31:20","date_gmt":"2019-05-28T21:31:20","guid":{"rendered":"https:\/\/www.pressroom.cloud\/dior-e-venezia-intramontabili-eleganze\/"},"modified":"2019-05-28T22:31:20","modified_gmt":"2019-05-28T21:31:20","slug":"dior-e-venezia-intramontabili-eleganze","status":"publish","type":"post","link":"https:\/\/www.pressroom.cloud\/en\/dior-e-venezia-intramontabili-eleganze\/","title":{"rendered":"Dior e Venezia. Intramontabili eleganze"},"content":{"rendered":"<p style=\"text-align: justify;\">Dall\u2019archivio di Cameraphoto i leggendari scatti della campagna pubblicitaria Dior in Laguna del 1951, affiancati da quelli di uno dei balli mondani pi\u00f9 affascinanti: il Bal Oriental voluto da Don Carlos de Beistegui y de Yturbe, uno dei tanti aristocratici conquistati dal fascino di Venezia. A <a href=\"http:\/\/www.villapisani.beniculturali.it\/mostre\/intramontabili-eleganze\">Villa Pisani<\/a>, fino al 3 novembre 2019.<\/p>\n<p style=\"text-align: justify;\">STRA (Venezia). <img loading=\"lazy\" decoding=\"async\" class=\"alignleft  wp-image-3713\" src=\"https:\/\/www.pressroom.cloud\/wp-content\/uploads\/Dior-a-Venezia-nel-1951-Archivio-Cameraphoto-\u00a9-Vittorio-Pavan-620x388-300x188.jpg\" alt=\"\" width=\"373\" height=\"234\" srcset=\"https:\/\/www.pressroom.cloud\/wp-content\/uploads\/Dior-a-Venezia-nel-1951-Archivio-Cameraphoto-\u00a9-Vittorio-Pavan-620x388-300x188.jpg 300w, https:\/\/www.pressroom.cloud\/wp-content\/uploads\/Dior-a-Venezia-nel-1951-Archivio-Cameraphoto-\u00a9-Vittorio-Pavan-620x388.jpg 620w\" sizes=\"auto, (max-width: 373px) 100vw, 373px\" \/>Il fasto e il fascino di Venezia, sospesi fra Oriente e Occidente, hanno da sempre affascinato gli artisti di ogni epoca e Paese, non soltanto pittori o fotografi, ma anche leggendarie figure come Christian Dior, <em>couturier<\/em> parigino che aveva esordito nel 1947 con la stupefacente collezione <em>New Look<\/em>. Quattro anni dopo, conquistata ormai fama mondiale, giunse nella citt\u00e0 dei Dogi per presentare le nuove creazioni, rompendo la tradizione di sfilare a Parigi, allora considerata capitale indiscussa dell\u2019alta moda. Voleva Venezia perch\u00e9 affascinato dalle sue pietre, dai suoi canali e campielli, da quei palazzi leggiadri e decorati come ricami, sfondo ideale per far risaltare la spensierata e raffinata leggerezza di quegli abiti in seta, di quelle fruscianti gonne a ventaglio, di quei vezzosi cappellini; i suoi abiti si caratterizzavano per la linea che assecondava con morbidezza le fattezze del\u00a0 corpo femminile, cos\u00ec come per l\u2019alta qualit\u00e0 dei tessuti e l\u2019attenzione ai dettagli. Ci voleva un palcoscenico d\u2019eccezione. E non poteva essere che Venezia; uscita indenne dalla Seconda Guerra Mondiale, in quei difficili anni del ritorno alla normalit\u00e0 la cultura non smise di pulsare in citt\u00e0; ripresero subito la Mostra del Cinema, la Biennale, le esposizioni d\u2019arte, e il <em>beau monde<\/em> internazionale non aveva cessato di frequentarla, spinto anche dagli edonistici scritti di Hemingway a proposito dell\u2019Harry\u2019s Bar.<img loading=\"lazy\" decoding=\"async\" class=\"wp-image-3715 alignright\" src=\"https:\/\/www.pressroom.cloud\/wp-content\/uploads\/dior110-1555317357-240x300.jpg\" alt=\"\" width=\"360\" height=\"450\" srcset=\"https:\/\/www.pressroom.cloud\/wp-content\/uploads\/dior110-1555317357-240x300.jpg 240w, https:\/\/www.pressroom.cloud\/wp-content\/uploads\/dior110-1555317357-819x1024.jpg 819w, https:\/\/www.pressroom.cloud\/wp-content\/uploads\/dior110-1555317357-768x960.jpg 768w, https:\/\/www.pressroom.cloud\/wp-content\/uploads\/dior110-1555317357-1229x1536.jpg 1229w, https:\/\/www.pressroom.cloud\/wp-content\/uploads\/dior110-1555317357-1638x2048.jpg 1638w, https:\/\/www.pressroom.cloud\/wp-content\/uploads\/dior110-1555317357.jpg 1772w\" sizes=\"auto, (max-width: 360px) 100vw, 360px\" \/><\/p>\n<p style=\"text-align: justify;\">Cos\u00ec, in quel 1951, l\u2019intramontabile eleganza di Dior \u201cinvase\u201d Piazza San Marco e le Procuratie, i campielli pi\u00f9 nascosti e persino le gondole. Il tutto documentato dagli scatti di Dino Jarach, fondatore dell\u2019agenzia Interfoto (che poi confluir\u00e0 in Cameraphoto), che contribu\u00ec in maniera sostanziale a diffondere nel mondo l\u2019immagine <em>glamour<\/em> della citt\u00e0 di Venezia e, in un certo senso, a convincere Dior di approdarvi, certo del riverbero mediatico che la sua collezione avrebbe avuto. E Jarach non trad\u00ec le attese, con i suoi scatti dal raffinato sapore teatrale, che seguono la modella con sguardo affascinato teso a catturarne le agili, sensuali movenze, esaltate dagli abiti di Dior. Il quale fu cos\u00ec soddisfatto del risultato del lavoro di Jarach, da richiamarlo in servizio quando Don Carlos de Beistegui y de Yturbe, gentiluomo spagnolo con un debole per Venezia e il sua fasto settecentesco, chiese allo stilista di realizzare i costumi per il Bal Oriental, grande evento mondano che si sarebbe tenuto il 3 settembre del 1951, organizzato appunto dal marchese.<\/p>\n<p style=\"text-align: justify;\">In quella notte, la crema dell\u2019aristocrazia mondiale si dette appuntamento in Laguna: i Duchi di Windsor, i Grandi di Spagna, il sovrano d\u2019Egitto, l\u2019Aga Khan, Winston Churchill, ma anche attrici e attori di Hollywood, artisti e intellettuali; quasi mille persone per le quali Dior, coadiuvato da una folta schiera di sarti, realizz\u00f2 gli sfarzosi costumi ispirati all\u2019epoca di Goldoni e Casanova, ovvero quel Settecento veneziano cos\u00ec elegante, sensuale e libertino. Le coreografie furono studiate da Salvador Dal\u00ec, che ricre\u00f2 l\u2019atmosfera dell\u2019Oriente delle fiabe. E Jarach, ancora una volta, \u00e8 ritrattista fedele e attento di quei momenti consegnati alla storia, che fanno parte di stili di vita ormai tramontati, ma ancora ricordati con nostalgia.<\/p>\n<p style=\"text-align: justify;\">Un anno straordinario, quel 1915 a Venezia, ricco di eleganza e glamour, raccontato attraverso 40 scatti in bianco e nero di Jarach in una mostra che rende omaggio a un genio della moda e a un elegante fotografo, ma soprattutto a quell\u2019Italia della Dolce Vita che era sinonimo di eleganza e buon vivere, e che purtroppo il dissennato Miracolo Economico avrebbe cancellata pochi anni dopo.<\/p>\n<p>&nbsp;<\/p>\n<p>Foto: Dior a Venezia nel 1951, Archivio Cameraphoto \u00a9Vittorio Pavan<\/p>\n","protected":false},"excerpt":{"rendered":"<p>Dall\u2019archivio di Cameraphoto i leggendari scatti della campagna pubblicitaria Dior in Laguna del 1951, affiancati da quelli di uno dei balli mondani pi\u00f9 affascinanti: il Bal Oriental voluto da Don Carlos de Beistegui y de Yturbe, uno dei tanti aristocratici conquistati dal fascino di Venezia&#8230;.<\/p>\n","protected":false},"author":12,"featured_media":16984,"comment_status":"open","ping_status":"open","sticky":false,"template":"","format":"standard","meta":{"footnotes":""},"categories":[4367,1],"tags":[5329,5330,5331,5332,4437,5333],"class_list":["post-21494","post","type-post","status-publish","format-standard","has-post-thumbnail","hentry","category-lifestyle-en","category-magazine-en","tag-cameraphoto-en","tag-dino-jarach-en","tag-dior-en","tag-stra-en","tag-venezia-en","tag-villa-pisani-en"],"_links":{"self":[{"href":"https:\/\/www.pressroom.cloud\/en\/wp-json\/wp\/v2\/posts\/21494","targetHints":{"allow":["GET"]}}],"collection":[{"href":"https:\/\/www.pressroom.cloud\/en\/wp-json\/wp\/v2\/posts"}],"about":[{"href":"https:\/\/www.pressroom.cloud\/en\/wp-json\/wp\/v2\/types\/post"}],"author":[{"embeddable":true,"href":"https:\/\/www.pressroom.cloud\/en\/wp-json\/wp\/v2\/users\/12"}],"replies":[{"embeddable":true,"href":"https:\/\/www.pressroom.cloud\/en\/wp-json\/wp\/v2\/comments?post=21494"}],"version-history":[{"count":0,"href":"https:\/\/www.pressroom.cloud\/en\/wp-json\/wp\/v2\/posts\/21494\/revisions"}],"wp:featuredmedia":[{"embeddable":true,"href":"https:\/\/www.pressroom.cloud\/en\/wp-json\/wp\/v2\/media\/16984"}],"wp:attachment":[{"href":"https:\/\/www.pressroom.cloud\/en\/wp-json\/wp\/v2\/media?parent=21494"}],"wp:term":[{"taxonomy":"category","embeddable":true,"href":"https:\/\/www.pressroom.cloud\/en\/wp-json\/wp\/v2\/categories?post=21494"},{"taxonomy":"post_tag","embeddable":true,"href":"https:\/\/www.pressroom.cloud\/en\/wp-json\/wp\/v2\/tags?post=21494"}],"curies":[{"name":"wp","href":"https:\/\/api.w.org\/{rel}","templated":true}]}}