{"id":21539,"date":"2018-09-09T15:32:24","date_gmt":"2018-09-09T14:32:24","guid":{"rendered":"https:\/\/www.pressroom.cloud\/maestri-del-costume-tommaso-lagattolla\/"},"modified":"2018-09-09T15:32:24","modified_gmt":"2018-09-09T14:32:24","slug":"maestri-del-costume-tommaso-lagattolla","status":"publish","type":"post","link":"https:\/\/www.pressroom.cloud\/en\/maestri-del-costume-tommaso-lagattolla\/","title":{"rendered":"Maestri del costume, Tommaso Lagattolla"},"content":{"rendered":"<p style=\"text-align: justify;\">Tra i festival estivi in Italia, quest\u2019anno grande interesse ha raccolto La Traviata prodotta dal <a href=\"http:\/\/www.lugliomusicale.it\/traviata.php\">Luglio Musicale Trapanese<\/a> con la non convenzionale regia di Andrea Cigni. Per la serie delle interviste ad alcuni protagonisti delle scene liriche internazionali, ho recentemente incontrato Tommaso Lagattolla, scenografo e costumista di questa produzione, fra i pi\u00f9 apprezzati creativi teatrali italiani oltre che docente di Costume per lo spettacolo presso l\u2019Accademia di Belle Arti di Bari ed allestitore e curatore vestimentario per il Museo della Moda e del Costume di Palazzo Pitti a Firenze.<\/p>\n<p style=\"text-align: justify;\"><strong>Potrebbe tratteggiare brevemente la sua formazione?<\/strong><\/p>\n<p style=\"text-align: justify;\"><img loading=\"lazy\" decoding=\"async\" class=\"alignleft size-medium wp-image-3211\" src=\"https:\/\/www.pressroom.cloud\/wp-content\/uploads\/tommaso-300x169.jpg\" alt=\"\" width=\"300\" height=\"169\" srcset=\"https:\/\/www.pressroom.cloud\/wp-content\/uploads\/tommaso-300x169.jpg 300w, https:\/\/www.pressroom.cloud\/wp-content\/uploads\/tommaso.jpg 560w\" sizes=\"auto, (max-width: 300px) 100vw, 300px\" \/>La mia formazione \u00e8 piuttosto atipica: ho studiato e mi sono diplomato in Violino al Conservatorio di Bari e contemporaneamente ho frequentato il Liceo Artistico e poi l\u2019Accademia di Belle Arti. L\u2019incontro con il mondo del costume di scena \u00e8 stato davvero fortuito: alcuni amici mi hanno parlato di un concorso per entrare in una scuola internazionale d\u2019arte del costume a Firenze, ho inviato i miei bozzetti e, insperatamente, sono stato ammesso. Da qui, il passo verso il teatro lirico \u00e8 stato facile, vista anche la mia formazione come musicista! Ricordo ancora la prima opera di cui ho curato i costumi: Didon di \u00a0Piccinni, nel 2001 a Bari.<\/p>\n<p style=\"text-align: justify;\"><strong>Come costruisce i personaggi?<\/strong><\/p>\n<p style=\"text-align: justify;\">L\u2019ideazione non \u00e8 mai n\u00e9 solitaria n\u00e9 autonoma: un progetto convincente parte sempre da un\u2019idea registica che viene reinterpretata attraverso la sensibilit\u00e0 del costumista che deve dare naturalezza a figure e corpi che talvolta naturalezza non hanno. Il compito del costumista \u00e8 quello di descrivere la psicologia di un personaggio attraverso un costume. Il mio processo creativo \u00e8 molto iconico: ricerco spesso il compromesso fra riferimenti colti e riferimenti che definirei <em>pop<\/em>, in modo che lo spettatore medio possa cogliere il senso che sta alla base dello spettacolo. Generalmente, poi, l\u2019idea originale di un costume si modifica in base agli artisti che daranno vita a quel personaggio. In una produzione, mi \u00e8 capitato di avere due cast e due primedonne (tra l\u2019altro molto diverse fisicamente una dall\u2019altra): per ognuna di loro, ho realizzato due abiti leggermente diversi in modo da esaltarne maggiormente la figura e, quindi, anche il personaggio. E\u2019 un lavoro complicato.<\/p>\n<p style=\"text-align: justify;\"><strong>Il suo stilista preferito: uno di ieri ed uno di oggi.<\/strong><\/p>\n<p style=\"text-align: justify;\">Non ho alcun dubbio: assolutamente Cristobal Balenciaga! Maestro del taglio e della precisione, capace di creare sul corpo femminile geometrie rigorose ed eleganti, riuscendo ad andare oltre I confini della moda\u2026non uno stilista ma un vero e proprio artista! Fra gli stilisti di oggi, Rick Owens: per me, un genio totale. Adoro la sua sensibilit\u00e0 artistica, la sua integrit\u00e0 stilistica che si rivela nel lavoro sulle forme, la creazione di abiti che danno a chi li indossa un&#8217;allure ieratica.<\/p>\n<div id=\"attachment_3207\" style=\"width: 352px\" class=\"wp-caption alignright\"><img loading=\"lazy\" decoding=\"async\" aria-describedby=\"caption-attachment-3207\" class=\"wp-image-3207\" src=\"https:\/\/www.pressroom.cloud\/wp-content\/uploads\/Francesca-Sassu1_ph.-GioVacirca-200x300.jpg\" alt=\"\" width=\"342\" height=\"514\" srcset=\"https:\/\/www.pressroom.cloud\/wp-content\/uploads\/Francesca-Sassu1_ph.-GioVacirca-200x300.jpg 200w, https:\/\/www.pressroom.cloud\/wp-content\/uploads\/Francesca-Sassu1_ph.-GioVacirca-683x1024.jpg 683w, https:\/\/www.pressroom.cloud\/wp-content\/uploads\/Francesca-Sassu1_ph.-GioVacirca-768x1152.jpg 768w, https:\/\/www.pressroom.cloud\/wp-content\/uploads\/Francesca-Sassu1_ph.-GioVacirca-1024x1536.jpg 1024w, https:\/\/www.pressroom.cloud\/wp-content\/uploads\/Francesca-Sassu1_ph.-GioVacirca-1366x2048.jpg 1366w, https:\/\/www.pressroom.cloud\/wp-content\/uploads\/Francesca-Sassu1_ph.-GioVacirca-scaled.jpg 1707w\" sizes=\"auto, (max-width: 342px) 100vw, 342px\" \/><p id=\"caption-attachment-3207\" class=\"wp-caption-text\">Francesca Sassu\/Violetta, ph. GioVacirca<\/p><\/div>\n<p style=\"text-align: justify;\"><strong>Passiamo alla recentissima produzione di La Traviata. Il regista Andrea Cigni nelle sue note di regia ricorda una lettera, scritta dallo stesso Verdi, in cui il Maestro lamenta di una Traviata \u201cpura ed innocente\u201d piuttosto che \u201cputtana\u201d. Come vi siete rapportati alle indicazioni verdiane?<\/strong><\/p>\n<p style=\"text-align: justify;\">Quasi tutte le Traviate viste in teatro mostrano Violetta in abiti ottocenteschi, come fosse una nobildonna che a causa della malattia non pu\u00f2 vivere fino in fondo la propria storia d\u2019amore. Io e Andrea, invece, abbiamo seguito il senso che Verdi voleva dare a Violetta: una puttana che vive di arte, di musica, di spettacolo. Un elemento di ispirazione \u00e8 stato il film di Mauro Bolognini \u2013 La vera storia della Signora delle Camelie \u2013 in cui Alfredo esibisce Violetta nuda, quasi fosse una merce, alla vista degli amici, tutti rigorosamente vestiti in frac. Da questo punto di vista siamo partiti per disegnare la trasformazione della protagonista, da donna desiderata dell&#8217;alta borghesia parigina, ad amante disperata fino alla redenzione finale.<\/p>\n<p style=\"text-align: justify;\"><strong>In questa produzione la primadonna \u00e8 il soprano Francesca Sassu. Si \u00e8 rapportato con lei nella creazione del personaggio? <\/strong><\/p>\n<p style=\"text-align: justify;\">In questo progetto, la complicit\u00e0 con Francesca \u00e8 stata fondamentale! Per costruire uno spettacolo simile avevamo bisogno della protagonista \u201cgiusta\u201d. Francesca, con la sua sensualit\u00e0 innata e la pelle bianchissima, ha subito richiamato alla nostra mente la regina del burlesque, Dita von Teese. Ed ecco che il primo atto dell\u2019opera, la festa a casa di Violetta, diventa un club privato in cui si svolge uno spettacolo di burlesque con gli ospiti dai volti coperti con maschere come in \u201cEyes wide shut\u201d di Stanley Kubrik.<\/p>\n<p style=\"text-align: justify;\"><strong><img loading=\"lazy\" decoding=\"async\" class=\"alignleft  wp-image-3208\" src=\"https:\/\/www.pressroom.cloud\/wp-content\/uploads\/39184928_1855224044590739_5494525999343206400_n_ph.-GioVacirca-300x200.jpg\" alt=\"\" width=\"532\" height=\"354\" srcset=\"https:\/\/www.pressroom.cloud\/wp-content\/uploads\/39184928_1855224044590739_5494525999343206400_n_ph.-GioVacirca-300x200.jpg 300w, https:\/\/www.pressroom.cloud\/wp-content\/uploads\/39184928_1855224044590739_5494525999343206400_n_ph.-GioVacirca-768x512.jpg 768w, https:\/\/www.pressroom.cloud\/wp-content\/uploads\/39184928_1855224044590739_5494525999343206400_n_ph.-GioVacirca-822x545.jpg 822w, https:\/\/www.pressroom.cloud\/wp-content\/uploads\/39184928_1855224044590739_5494525999343206400_n_ph.-GioVacirca-900x600.jpg 900w, https:\/\/www.pressroom.cloud\/wp-content\/uploads\/39184928_1855224044590739_5494525999343206400_n_ph.-GioVacirca.jpg 960w\" sizes=\"auto, (max-width: 532px) 100vw, 532px\" \/>Sono curiosissima\u2026ci potrebbe descrivere gli abiti indossati da Francesca Sassu alias Violetta?<\/strong><\/p>\n<p style=\"text-align: justify;\">Francesca cambia d\u2019abito quattro volte! In tutti gli abiti di Violetta ho cercato di puntare sul significato iconico dei pochi particolari e dei tre colori utilizzati (rosso, bianco e nero), cosi da focalizzare l\u2019attenzione dello spettatore sulla musica e sul canto. Nel primo atto, Violetta \u00e8 la regina del burlesque e, dunque, per lei corsetto nero con paillettes, piume di struzzo, cappello a cilindro. Nel quadro I del secondo atto va in scena la rinuncia: Violetta \u00e8 un\u2019elegante donna borghese che rinuncia al suo amore per permettere le nozze della sorella di Alfredo e il suo abito richiama perci\u00f2 Chanel. La festa a casa di Flora si svolge in un night club e ha come tema la Spagna filtrata attraverso la citazione del Bolero di Ravel versione Bejart e dell\u2019opera di Ruven Afanador: Violetta indossa un lungo abito nero con inserti di paillettes e fondo a balze a citazione degli abiti delle ballerine di flamenco. L\u2019ultimo atto \u00e8 quello in cui avviene la redenzione totale attraverso la morte: Violetta, in sottoveste di seta grigia e cardigan di cachemire, si presenta al pubblico mentre sorregge la flebo e circondata, per un istante, da un\u2019aureola di luce, quasi fosse una Madonna uscita da un quadro di Francesco Hayez. Ella \u00e8 martire dell\u2019amore\u2026<\/p>\n<p style=\"text-align: justify;\"><strong>In una parola, il segreto del suo mestiere.<\/strong><\/p>\n<p style=\"text-align: justify;\">Rispondo con le parole del geniale Arturo Benedetti Michelangeli: \u201cPer fare un\u2019artista ci vuole una parte di talento e nove parti di tecnica\u201d.<\/p>\n<p style=\"text-align: justify;\">\n<p>&nbsp;<\/p>\n","protected":false},"excerpt":{"rendered":"<p>Tra i festival estivi in Italia, quest\u2019anno grande interesse ha raccolto La Traviata prodotta dal Luglio Musicale Trapanese con la non convenzionale regia di Andrea Cigni. Per la serie delle interviste ad alcuni protagonisti delle scene liriche internazionali, ho recentemente incontrato Tommaso Lagattolla, scenografo e&#8230;<\/p>\n","protected":false},"author":17,"featured_media":16745,"comment_status":"open","ping_status":"open","sticky":false,"template":"","format":"standard","meta":{"footnotes":""},"categories":[4366,4367,1,4540],"tags":[5469,5408,5470,5471,5472,5226,5473],"class_list":["post-21539","post","type-post","status-publish","format-standard","has-post-thumbnail","hentry","category-cultura-en","category-lifestyle-en","category-magazine-en","category-spettacoli-en","tag-andrea-cigni-en","tag-costume-designer-en","tag-costumista-en","tag-la-traviata-en","tag-luglio-musicale-trapanese-en","tag-opera-lirica-en","tag-tommaso-lagattolla-en"],"_links":{"self":[{"href":"https:\/\/www.pressroom.cloud\/en\/wp-json\/wp\/v2\/posts\/21539","targetHints":{"allow":["GET"]}}],"collection":[{"href":"https:\/\/www.pressroom.cloud\/en\/wp-json\/wp\/v2\/posts"}],"about":[{"href":"https:\/\/www.pressroom.cloud\/en\/wp-json\/wp\/v2\/types\/post"}],"author":[{"embeddable":true,"href":"https:\/\/www.pressroom.cloud\/en\/wp-json\/wp\/v2\/users\/17"}],"replies":[{"embeddable":true,"href":"https:\/\/www.pressroom.cloud\/en\/wp-json\/wp\/v2\/comments?post=21539"}],"version-history":[{"count":0,"href":"https:\/\/www.pressroom.cloud\/en\/wp-json\/wp\/v2\/posts\/21539\/revisions"}],"wp:featuredmedia":[{"embeddable":true,"href":"https:\/\/www.pressroom.cloud\/en\/wp-json\/wp\/v2\/media\/16745"}],"wp:attachment":[{"href":"https:\/\/www.pressroom.cloud\/en\/wp-json\/wp\/v2\/media?parent=21539"}],"wp:term":[{"taxonomy":"category","embeddable":true,"href":"https:\/\/www.pressroom.cloud\/en\/wp-json\/wp\/v2\/categories?post=21539"},{"taxonomy":"post_tag","embeddable":true,"href":"https:\/\/www.pressroom.cloud\/en\/wp-json\/wp\/v2\/tags?post=21539"}],"curies":[{"name":"wp","href":"https:\/\/api.w.org\/{rel}","templated":true}]}}