{"id":21555,"date":"2016-12-01T12:04:54","date_gmt":"2016-12-01T11:04:54","guid":{"rendered":"https:\/\/www.pressroom.cloud\/she-wore-blue-velvet\/"},"modified":"2016-12-01T12:04:54","modified_gmt":"2016-12-01T11:04:54","slug":"she-wore-blue-velvet","status":"publish","type":"post","link":"https:\/\/www.pressroom.cloud\/en\/she-wore-blue-velvet\/","title":{"rendered":"SHE WORE BLUE VELVET"},"content":{"rendered":"<p>\u201cShe wore Blue Velvet<br \/>\nBluer than velvet was the night<br \/>\nSofter than satin was the light<br \/>\nFrom the stars\u201d<\/p>\n<p style=\"text-align: justify;\">Il cappotto ad ovetto \u201cOnda\u201d in velluto blu di Martino Midali \u00e8 in equilibrio perfetto tra regalit\u00e0 e modernit\u00e0, la morbidezza esaltata dall\u2019antico colore. Irresistibilmente Midali.<\/p>\n<p><a href=\"http:\/\/www.martinomidali.com\/it\/total-look\/blue-velvet\" target=\"_blank\">www.martinomidali.com<\/a><\/p>\n","protected":false},"excerpt":{"rendered":"<p>\u201cShe wore Blue Velvet Bluer than velvet was the night Softer than satin was the light From the stars\u201d Il cappotto ad ovetto \u201cOnda\u201d in velluto blu di Martino Midali \u00e8 in equilibrio perfetto tra regalit\u00e0 e modernit\u00e0, la morbidezza esaltata dall\u2019antico colore. Irresistibilmente Midali&#8230;.<\/p>\n","protected":false},"author":3,"featured_media":16119,"comment_status":"open","ping_status":"open","sticky":false,"template":"","format":"standard","meta":{"footnotes":""},"categories":[4367,1,4358],"tags":[5511,5374,5512,5513,5514,4388,5515],"class_list":["post-21555","post","type-post","status-publish","format-standard","has-post-thumbnail","hentry","category-lifestyle-en","category-magazine-en","category-newsroom-en","tag-esseremidali-en","tag-fashion-en","tag-glamorous-en","tag-glamour-en","tag-martino-midali-en","tag-moda-en","tag-winter17-en"],"_links":{"self":[{"href":"https:\/\/www.pressroom.cloud\/en\/wp-json\/wp\/v2\/posts\/21555","targetHints":{"allow":["GET"]}}],"collection":[{"href":"https:\/\/www.pressroom.cloud\/en\/wp-json\/wp\/v2\/posts"}],"about":[{"href":"https:\/\/www.pressroom.cloud\/en\/wp-json\/wp\/v2\/types\/post"}],"author":[{"embeddable":true,"href":"https:\/\/www.pressroom.cloud\/en\/wp-json\/wp\/v2\/users\/3"}],"replies":[{"embeddable":true,"href":"https:\/\/www.pressroom.cloud\/en\/wp-json\/wp\/v2\/comments?post=21555"}],"version-history":[{"count":0,"href":"https:\/\/www.pressroom.cloud\/en\/wp-json\/wp\/v2\/posts\/21555\/revisions"}],"wp:featuredmedia":[{"embeddable":true,"href":"https:\/\/www.pressroom.cloud\/en\/wp-json\/wp\/v2\/media\/16119"}],"wp:attachment":[{"href":"https:\/\/www.pressroom.cloud\/en\/wp-json\/wp\/v2\/media?parent=21555"}],"wp:term":[{"taxonomy":"category","embeddable":true,"href":"https:\/\/www.pressroom.cloud\/en\/wp-json\/wp\/v2\/categories?post=21555"},{"taxonomy":"post_tag","embeddable":true,"href":"https:\/\/www.pressroom.cloud\/en\/wp-json\/wp\/v2\/tags?post=21555"}],"curies":[{"name":"wp","href":"https:\/\/api.w.org\/{rel}","templated":true}]}}