{"id":21556,"date":"2016-12-01T12:02:12","date_gmt":"2016-12-01T11:02:12","guid":{"rendered":"https:\/\/www.pressroom.cloud\/nella-giornata-mondiale-laids-italia-arriva-lautotest\/"},"modified":"2016-12-01T12:02:12","modified_gmt":"2016-12-01T11:02:12","slug":"nella-giornata-mondiale-laids-italia-arriva-lautotest","status":"publish","type":"post","link":"https:\/\/www.pressroom.cloud\/en\/nella-giornata-mondiale-laids-italia-arriva-lautotest\/","title":{"rendered":"NELLA GIORNATA MONDIALE CONTRO L&#8217;AIDS, IN ITALIA ARRIVA L&#8217;AUTOTEST"},"content":{"rendered":"<p style=\"text-align: justify;\">Oggi \u00e8 giornata mondiale contro l&#8217;Aids: da oggi anche nelle farmacie italiane \u00e8 disponibile il primo test per l&#8217;autodiagnosi dell&#8217;infezione da Hiv. Il dispositivo costa venti euro e pu\u00f2 essere acquistato senza ricetta dai maggiorenni. A distribuirlo, al momento, 2800 farmacisti formati ad hoc per la consulenza agli utenti, mentre l&#8217;associazione di pazienti Bridge monitorer\u00e0 i dati che potrebbero aiutare ad avere una fotografia pi\u00f9 chiara delle richieste, in modo da promuovere una maggiore consapevolezza. Un obiettivo condiviso anche dall&#8217;Oms che raccomanda l\u2019auto test come strumento per raggiungere pi\u00f9 persone con Hiv e contribuire a realizzare l&#8217;obiettivo mondiale, lanciato nel 2014, di rendere consapevole del loro stato il 90% di tutte le persone con Hiv entro il 2020.<br \/>\nIl nuovo dispositivo non sostituir\u00e0 i test, gratuiti e anonimi, offerti attualmente dal servizio sanitario. Ma dobrebbe essere utile per far emergere il sommerso delle diagnosi tardive da Hiv, con la conseguente diminuzione del rischio collettivo. In Italia, infatti, si stimano da 6.500 a 18.000 persone sieropositive non diagnosticate. Ma l&#8217;autotest potr\u00e0 servire anche ad intercettare le persone che oggi non se la sentono di rivolgersi alle strutture in cui si fanno i test per l\u2019Hiv. Distribuito in Italia da Mylan, richiede circa 5 minuti per l&#8217;esecuzione, ha un&#8217;attendibilit\u00e0 del 99,8% e pu\u00f2 essere eseguito facilmente da chiunque a casa propria: basta un prelievo di sangue dal polpastrello e un\u2019attesa di 15 minuti per leggere il risultato. Prima di fare il test \u00e8 per\u00f2 fondamentale osservare il cosiddetto &#8216;intervallo finestra&#8217;, ossia quel lasso di tempo che intercorre tra il momento del presunto contagio e la produzione di anticorpi che segnalano la presenza del virus. Per poter eseguire il test capillare bisogna quindi aspettare 90 giorni.<\/p>\n","protected":false},"excerpt":{"rendered":"<p>Oggi \u00e8 giornata mondiale contro l&#8217;Aids: da oggi anche nelle farmacie italiane \u00e8 disponibile il primo test per l&#8217;autodiagnosi dell&#8217;infezione da Hiv. Il dispositivo costa venti euro e pu\u00f2 essere acquistato senza ricetta dai maggiorenni. A distribuirlo, al momento, 2800 farmacisti formati ad hoc per&#8230;<\/p>\n","protected":false},"author":3,"featured_media":16123,"comment_status":"open","ping_status":"open","sticky":false,"template":"","format":"standard","meta":{"footnotes":""},"categories":[4367,4358],"tags":[5516,5517,5518,5519],"class_list":["post-21556","post","type-post","status-publish","format-standard","has-post-thumbnail","hentry","category-lifestyle-en","category-newsroom-en","tag-aids-en","tag-giornata-mondiale-contro-laids-en","tag-hiv-en","tag-mylan-en"],"_links":{"self":[{"href":"https:\/\/www.pressroom.cloud\/en\/wp-json\/wp\/v2\/posts\/21556","targetHints":{"allow":["GET"]}}],"collection":[{"href":"https:\/\/www.pressroom.cloud\/en\/wp-json\/wp\/v2\/posts"}],"about":[{"href":"https:\/\/www.pressroom.cloud\/en\/wp-json\/wp\/v2\/types\/post"}],"author":[{"embeddable":true,"href":"https:\/\/www.pressroom.cloud\/en\/wp-json\/wp\/v2\/users\/3"}],"replies":[{"embeddable":true,"href":"https:\/\/www.pressroom.cloud\/en\/wp-json\/wp\/v2\/comments?post=21556"}],"version-history":[{"count":0,"href":"https:\/\/www.pressroom.cloud\/en\/wp-json\/wp\/v2\/posts\/21556\/revisions"}],"wp:featuredmedia":[{"embeddable":true,"href":"https:\/\/www.pressroom.cloud\/en\/wp-json\/wp\/v2\/media\/16123"}],"wp:attachment":[{"href":"https:\/\/www.pressroom.cloud\/en\/wp-json\/wp\/v2\/media?parent=21556"}],"wp:term":[{"taxonomy":"category","embeddable":true,"href":"https:\/\/www.pressroom.cloud\/en\/wp-json\/wp\/v2\/categories?post=21556"},{"taxonomy":"post_tag","embeddable":true,"href":"https:\/\/www.pressroom.cloud\/en\/wp-json\/wp\/v2\/tags?post=21556"}],"curies":[{"name":"wp","href":"https:\/\/api.w.org\/{rel}","templated":true}]}}