{"id":2216,"date":"2017-05-06T21:49:35","date_gmt":"2017-05-06T20:49:35","guid":{"rendered":"http:\/\/www.pressroom.cloud\/?p=2216"},"modified":"2017-05-06T21:57:19","modified_gmt":"2017-05-06T20:57:19","slug":"florence-biennale-2017-ledizione-del-ventennale","status":"publish","type":"post","link":"https:\/\/www.pressroom.cloud\/en\/florence-biennale-2017-ledizione-del-ventennale\/","title":{"rendered":"Florence Biennale 2017: l&#8217;edizione del ventennale"},"content":{"rendered":"<p style=\"text-align: justify;\">\u00c8 attesa dal 6 al 15 ottobre prossimi, nel Padiglione Spadolini della Fortezza da Basso, l&#8217;undicesima edizione della Mostra internazionale di arte contemporanea di Firenze.\u00a0Nata nel 1997 da una felice intuizione di Pasquale e Piero Celona &#8211; che vollero puntare su una nuova esperienza di incontro tra pubblico e artisti &#8211; <a href=\"http:\/\/www.florencebiennale.org\">Florence Biennale<\/a> \u00e8 via via cresciuta fino a diventare una delle manifestazioni di riferimento a livello mondiale per l\u2019arte contemporanea, che in dieci edizioni ha condotto a Firenze oltre 5.500 artisti provenienti da tutto il mondo.<br \/>\nL\u2019edizione del ventennale di Florence Biennale si preannuncia particolarmente ricca: innanzi tutto durer\u00e0 un giorno in pi\u00f9 rispetto al passato, offrendo quindi ai visitatori due interi fine settimana per scoprire le diverse forme di espressione artistica contemporanea; inoltre, \u201cFlorence Biennale\u201d si svolger\u00e0 nel grande Padiglione Spadolini, al piano terra della Fortezza da Basso, spazio pi\u00f9 luminoso rispetto ad altri e pi\u00f9 comodo da raggiungere per i visitatori. Infine un primo dato statistico che rappresenta gi\u00e0 un successo: a nove mesi dall\u2019inaugurazione della mostra, e con le selezioni tuttora in atto, gli artisti gi\u00e0 iscritti sono circa 200 in rappresentanza di tutti e cinque i continenti della Terra, con americani, turchi, argentini e israeliani a fare la parte del leone tra i partecipanti non italiani.<br \/>\nCon il titolo temativo di \u201ceARTh \u2013 Creativit\u00e0 e Sostenibilit\u00e0\u201d, l\u2019XI edizione di Florence Biennale si propone di contribuire a delineare una visione del futuro in cui creativit\u00e0 e sostenibilit\u00e0 siano principi fondanti di un \u201cecosistema\u201d d\u2019arte e cultura ove prevalga il rispetto della natura e di tutte le forme di vita sulla Terra. In adesione al tema, saranno presenti in mostra opere d\u2019arte digitale, video arte, fotografia, performance e installazione d\u2019arte, nonch\u00e9 pittura, disegno e calligrafia, tecnica mista, scultura, arte ceramica, arte tessile e gioiello d\u2019arte.<br \/>\nCon la direzione organizzativa di Jacopo Celona e la curatela artistica di Melanie Zefferino, l\u2019XI edizione di Florence Biennale sta prendendo forma e le selezioni degli artisti partecipanti sono aperte. Gli artisti interessati a presentare la propria candidatura presso il Comitato di Selezione Internazionale della Florence Biennale, che esaminer\u00e0 il portfolio e il curriculum di ciascun candidato, sono invitati a visitare la sezione dedicata del <a href=\"http:\/\/www.florencebiennale.org\">sito<\/a> ufficiale della manifestazione.<br \/>\nAnche il Premio alla Carriera del 2017 \u00e8 molto atteso. Dopo il conferimento negli anni scorsi ad artisti di fama mondiale quali, tra gli altri, Anish Kapoor, Marina Abramovi\u0107, Gilbert &amp; George, Christo e Jeanne-Claude, David Hockney e Marta Minuj\u00ed, in questa edizione \u00e8 prevista la consegna, alla memoria, del premio internazionale \u201cLorenzo il Magnifico\u201d alla carriere a <a href=\"http:\/\/www.saurocavallini.it\">Sauro Cavallini<\/a>, artista ligure ma toscano d\u2019adozione scomparso nel luglio del 2016.<\/p>\n","protected":false},"excerpt":{"rendered":"<p>\u00c8 attesa dal 6 al 15 ottobre prossimi, nel Padiglione Spadolini della Fortezza da Basso, l&#8217;undicesima edizione della Mostra internazionale di arte contemporanea di Firenze.\u00a0Nata nel 1997 da una felice intuizione di Pasquale e Piero Celona &#8211; che vollero puntare su una nuova esperienza di&#8230;<\/p>\n","protected":false},"author":3,"featured_media":2217,"comment_status":"open","ping_status":"open","sticky":false,"template":"","format":"standard","meta":{"footnotes":""},"categories":[67],"tags":[133,474,478,475,476,479,477],"class_list":["post-2216","post","type-post","status-publish","format-standard","has-post-thumbnail","hentry","category-arte","tag-firenze","tag-florence-biennale-2017","tag-fortezza-da-basso","tag-jacopo-celona","tag-melanie-zefferino","tag-padiglione-spadolini","tag-sauro-cavallini"],"_links":{"self":[{"href":"https:\/\/www.pressroom.cloud\/en\/wp-json\/wp\/v2\/posts\/2216","targetHints":{"allow":["GET"]}}],"collection":[{"href":"https:\/\/www.pressroom.cloud\/en\/wp-json\/wp\/v2\/posts"}],"about":[{"href":"https:\/\/www.pressroom.cloud\/en\/wp-json\/wp\/v2\/types\/post"}],"author":[{"embeddable":true,"href":"https:\/\/www.pressroom.cloud\/en\/wp-json\/wp\/v2\/users\/3"}],"replies":[{"embeddable":true,"href":"https:\/\/www.pressroom.cloud\/en\/wp-json\/wp\/v2\/comments?post=2216"}],"version-history":[{"count":0,"href":"https:\/\/www.pressroom.cloud\/en\/wp-json\/wp\/v2\/posts\/2216\/revisions"}],"wp:featuredmedia":[{"embeddable":true,"href":"https:\/\/www.pressroom.cloud\/en\/wp-json\/wp\/v2\/media\/2217"}],"wp:attachment":[{"href":"https:\/\/www.pressroom.cloud\/en\/wp-json\/wp\/v2\/media?parent=2216"}],"wp:term":[{"taxonomy":"category","embeddable":true,"href":"https:\/\/www.pressroom.cloud\/en\/wp-json\/wp\/v2\/categories?post=2216"},{"taxonomy":"post_tag","embeddable":true,"href":"https:\/\/www.pressroom.cloud\/en\/wp-json\/wp\/v2\/tags?post=2216"}],"curies":[{"name":"wp","href":"https:\/\/api.w.org\/{rel}","templated":true}]}}