{"id":22789,"date":"2025-04-04T16:44:13","date_gmt":"2025-04-04T15:44:13","guid":{"rendered":"https:\/\/www.pressroom.cloud\/?p=22789"},"modified":"2025-04-04T16:47:05","modified_gmt":"2025-04-04T15:47:05","slug":"celso-albelo-canta-a-casa-tebaldi","status":"publish","type":"post","link":"https:\/\/www.pressroom.cloud\/en\/celso-albelo-canta-a-casa-tebaldi\/","title":{"rendered":"Celso Albelo canta a casa Tebaldi"},"content":{"rendered":"<div>\n<div class=\"xam-quoted-text xam-forward-text\">\n<div class=\"xam_msg_class\">\n<div style=\"text-align: justify;\">Si terr\u00e0 domani\u00a0<u>sabato 5 aprile alle 18:00<\/u>\u00a0presso il <strong>Museo Renata Tebaldi<\/strong> \u2013\u00a0nella maestosa cornice delle Scuderie di Villa Pallavicino a Busseto \u2013\u00a0il concerto di beneficenza\u00a0che vedr\u00e0 protagonista\u00a0<b>Celso Albelo<\/b>, tenore spagnolo tra i pi\u00f9 ricercati dai teatri internazionali, erede del belcanto romantico e della storica Accademia di Busseto dove si \u00e8 perfezionato con Carlo Bergonzi.<\/div>\n<\/div>\n<\/div>\n<\/div>\n<div style=\"text-align: justify;\">\n<div class=\"xam-quoted-text xam-forward-text\">\n<div class=\"xam_msg_class\">\n<div>\n<p>Albelo, appressandosi a rendere omaggio a una delle sue pi\u00f9 grandi fonti d&#8217;ispirazione artistica, ha dichiarato: \u00ab\u00c8 un grande onore che i responsabili del Museo abbiano pensato a me per questa serata, poich\u00e9 la Tebaldi \u00e8 uno di quegli idoli che mi hanno sempre accompagnato. Fin dall&#8217;inizio della mia carriera, sono rimasto affascinato sia dalla sua potenza vocale che dalla sua straordinaria capacit\u00e0 espressiva. Il mio maestro, Carlo Bergonzi, ha cantato innumerevoli volte con lei e i suoi dischi mi hanno sempre insegnato a superarmi e a cercare l&#8217;eccellenza artistica, proprio come ha fatto la grande Renata. Sar\u00e0 una serata molto emozionante per me\u00bb.<\/p>\n<\/div>\n<\/div>\n<\/div>\n<\/div>\n<div>\n<div class=\"xam-quoted-text xam-forward-text\">\n<div class=\"xam_msg_class\">\n<div style=\"text-align: justify;\"><img loading=\"lazy\" decoding=\"async\" class=\"aligncenter wp-image-22790\" src=\"https:\/\/www.pressroom.cloud\/wp-content\/uploads\/locandina-207x300.jpg\" alt=\"\" width=\"941\" height=\"1364\" srcset=\"https:\/\/www.pressroom.cloud\/wp-content\/uploads\/locandina-207x300.jpg 207w, https:\/\/www.pressroom.cloud\/wp-content\/uploads\/locandina-706x1024.jpg 706w, https:\/\/www.pressroom.cloud\/wp-content\/uploads\/locandina-768x1113.jpg 768w, https:\/\/www.pressroom.cloud\/wp-content\/uploads\/locandina.jpg 856w\" sizes=\"auto, (max-width: 941px) 100vw, 941px\" \/><br \/>\nIn programma arie di Donizetti e Verdi, con Celso Albelo accompagnato dal pianista Cesare Goretta e con la partecipazione del soprano Irene Celle. La serata non sar\u00e0 solo un tributo musicale ma anche un&#8217;opportunit\u00e0 per immergersi nell&#8217;atmosfera unica del Museo Renata Tebaldi circondati dagli oggetti, documenti personali, costumi e gioielli di quella che Toscanini chiam\u00f2 \u201cla voce d&#8217;angelo\u201d.<\/div>\n<\/div>\n<\/div>\n<\/div>\n","protected":false},"excerpt":{"rendered":"<p>Si terr\u00e0 domani\u00a0sabato 5 aprile alle 18:00\u00a0presso il Museo Renata Tebaldi \u2013\u00a0nella maestosa cornice delle Scuderie di Villa Pallavicino a Busseto \u2013\u00a0il concerto di beneficenza\u00a0che vedr\u00e0 protagonista\u00a0Celso Albelo, tenore spagnolo tra i pi\u00f9 ricercati dai teatri internazionali, erede del belcanto romantico e della storica Accademia&#8230;<\/p>\n","protected":false},"author":23,"featured_media":22794,"comment_status":"open","ping_status":"open","sticky":false,"template":"","format":"standard","meta":{"footnotes":""},"categories":[2191],"tags":[5553,5555,5554],"class_list":["post-22789","post","type-post","status-publish","format-standard","has-post-thumbnail","hentry","category-news","tag-celso-albelo","tag-concerto","tag-museo-renata-tebaldi"],"_links":{"self":[{"href":"https:\/\/www.pressroom.cloud\/en\/wp-json\/wp\/v2\/posts\/22789","targetHints":{"allow":["GET"]}}],"collection":[{"href":"https:\/\/www.pressroom.cloud\/en\/wp-json\/wp\/v2\/posts"}],"about":[{"href":"https:\/\/www.pressroom.cloud\/en\/wp-json\/wp\/v2\/types\/post"}],"author":[{"embeddable":true,"href":"https:\/\/www.pressroom.cloud\/en\/wp-json\/wp\/v2\/users\/23"}],"replies":[{"embeddable":true,"href":"https:\/\/www.pressroom.cloud\/en\/wp-json\/wp\/v2\/comments?post=22789"}],"version-history":[{"count":3,"href":"https:\/\/www.pressroom.cloud\/en\/wp-json\/wp\/v2\/posts\/22789\/revisions"}],"predecessor-version":[{"id":22798,"href":"https:\/\/www.pressroom.cloud\/en\/wp-json\/wp\/v2\/posts\/22789\/revisions\/22798"}],"wp:featuredmedia":[{"embeddable":true,"href":"https:\/\/www.pressroom.cloud\/en\/wp-json\/wp\/v2\/media\/22794"}],"wp:attachment":[{"href":"https:\/\/www.pressroom.cloud\/en\/wp-json\/wp\/v2\/media?parent=22789"}],"wp:term":[{"taxonomy":"category","embeddable":true,"href":"https:\/\/www.pressroom.cloud\/en\/wp-json\/wp\/v2\/categories?post=22789"},{"taxonomy":"post_tag","embeddable":true,"href":"https:\/\/www.pressroom.cloud\/en\/wp-json\/wp\/v2\/tags?post=22789"}],"curies":[{"name":"wp","href":"https:\/\/api.w.org\/{rel}","templated":true}]}}