{"id":22806,"date":"2025-03-31T14:14:50","date_gmt":"2025-03-31T13:14:50","guid":{"rendered":"https:\/\/www.pressroom.cloud\/?p=22806"},"modified":"2025-04-06T14:24:42","modified_gmt":"2025-04-06T13:24:42","slug":"la-matthaus-passion-secondo-onofri","status":"publish","type":"post","link":"https:\/\/www.pressroom.cloud\/en\/la-matthaus-passion-secondo-onofri\/","title":{"rendered":"La &#8220;Matth\u00e4us Passion&#8221; secondo Onofri"},"content":{"rendered":"<p style=\"text-align: justify;\">\u00abMi accingo ancora una volta a salire sul podio di fronte alla\u00a0<em>Matth\u00e4us Passion<\/em>, e ancora una volta mi trovo ad affrontare quest\u2019opera non armato della fede che guid\u00f2 il suo compositore, ma con la necessit\u00e0 di trasmetterne al pubblico il messaggio simbolico e al contempo profondamente toccante\u00bb.\u00a0Cos\u00ec\u00a0<strong>Enrico Onofri\u00a0<\/strong>introduce il suo ritorno alla\u00a0<em><strong>Passione secondo Matteo<\/strong><\/em>\u00a0di Bach che lo vedr\u00e0 dirigere l&#8217;<strong>Orchestre National Auvergne-Rh\u00f4ne-Alpes<\/strong>, di cui \u00e8 direttore associato, i prossimi\u00a0<strong>6 e 9 aprile<\/strong>.<\/p>\n<div id=\"attachment_22774\" style=\"width: 989px\" class=\"wp-caption aligncenter\"><img loading=\"lazy\" decoding=\"async\" aria-describedby=\"caption-attachment-22774\" class=\"wp-image-22774 \" src=\"https:\/\/www.pressroom.cloud\/wp-content\/uploads\/2E8A5663-200x300.jpg\" alt=\"\" width=\"979\" height=\"1469\" srcset=\"https:\/\/www.pressroom.cloud\/wp-content\/uploads\/2E8A5663-200x300.jpg 200w, https:\/\/www.pressroom.cloud\/wp-content\/uploads\/2E8A5663-683x1024.jpg 683w, https:\/\/www.pressroom.cloud\/wp-content\/uploads\/2E8A5663-768x1152.jpg 768w, https:\/\/www.pressroom.cloud\/wp-content\/uploads\/2E8A5663-1024x1536.jpg 1024w, https:\/\/www.pressroom.cloud\/wp-content\/uploads\/2E8A5663-1366x2048.jpg 1366w, https:\/\/www.pressroom.cloud\/wp-content\/uploads\/2E8A5663-1320x1979.jpg 1320w, https:\/\/www.pressroom.cloud\/wp-content\/uploads\/2E8A5663-scaled.jpg 1707w\" sizes=\"auto, (max-width: 979px) 100vw, 979px\" \/><p id=\"caption-attachment-22774\" class=\"wp-caption-text\">\u00a9 Florian Ganslmeier<\/p><\/div>\n<p style=\"text-align: justify;\">Il primo appuntamento sar\u00e0 all&#8217;<a href=\"https:\/\/onauvergne.com\/events\/la-passion-selon-saint-matthieu\/\" target=\"_blank\" rel=\"noopener\" data-saferedirecturl=\"https:\/\/www.google.com\/url?q=https:\/\/onauvergne.com\/events\/la-passion-selon-saint-matthieu\/&amp;source=gmail&amp;ust=1744031325322000&amp;usg=AOvVaw0Jp6-VcrWwT5zIwmplYcRI\"><strong>Op\u00e9ra-Th\u00e9\u00e2tre de Clermont-Ferrand<\/strong><\/a>, mentre il secondo avr\u00e0 luogo al\u00a0<strong><a href=\"https:\/\/onauvergne.com\/events\/la-passion-selon-saint-matthieu-paris\/\" target=\"_blank\" rel=\"noopener\" data-saferedirecturl=\"https:\/\/www.google.com\/url?q=https:\/\/onauvergne.com\/events\/la-passion-selon-saint-matthieu-paris\/&amp;source=gmail&amp;ust=1744031325322000&amp;usg=AOvVaw0RVpoB90-LBq800yxEZCkc\">Th\u00e9\u00e2tre des Champs-\u00c9lys\u00e9es<\/a>\u00a0<\/strong>che il Maestro conosce bene come violinista ma nel quale metter\u00e0 piede per la prima volta come direttore d&#8217;orchestra. \u00abLe precedenti esperienze mi hanno mostrato come l&#8217;unica strada sia seguire il filo di una narrazione priva di attori reali, in bilico tra partecipazione teatrale e distanza sacra\u00a0<strong>\u2013 continua Onofri<\/strong>. Raccontare cio\u00e8 lo sconcerto di fronte alla Passione, annullandoci al cospetto del simbolo per poterlo per\u00f2 vivere in maniera tangibile. Un\u2019impresa in cui coinvolger\u00f2 a breve al Th\u00e9\u00e2tre des Champs \u00c9lys\u00e9es gli amici e straordinari artisti dell\u2019Orchestre National d\u2019Auvergne insieme ad uno splendido cast e al coro dello NFM di Wroclaw\u00bb.<\/p>\n<p style=\"text-align: justify;\">\n","protected":false},"excerpt":{"rendered":"<p>\u00abMi accingo ancora una volta a salire sul podio di fronte alla\u00a0Matth\u00e4us Passion, e ancora una volta mi trovo ad affrontare quest\u2019opera non armato della fede che guid\u00f2 il suo compositore, ma con la necessit\u00e0 di trasmetterne al pubblico il messaggio simbolico e al contempo&#8230;<\/p>\n","protected":false},"author":23,"featured_media":22807,"comment_status":"open","ping_status":"open","sticky":false,"template":"","format":"standard","meta":{"footnotes":""},"categories":[2191,2190],"tags":[2185],"class_list":["post-22806","post","type-post","status-publish","format-standard","has-post-thumbnail","hentry","category-news","category-ufficio-stampa","tag-enrico-onofri"],"_links":{"self":[{"href":"https:\/\/www.pressroom.cloud\/en\/wp-json\/wp\/v2\/posts\/22806","targetHints":{"allow":["GET"]}}],"collection":[{"href":"https:\/\/www.pressroom.cloud\/en\/wp-json\/wp\/v2\/posts"}],"about":[{"href":"https:\/\/www.pressroom.cloud\/en\/wp-json\/wp\/v2\/types\/post"}],"author":[{"embeddable":true,"href":"https:\/\/www.pressroom.cloud\/en\/wp-json\/wp\/v2\/users\/23"}],"replies":[{"embeddable":true,"href":"https:\/\/www.pressroom.cloud\/en\/wp-json\/wp\/v2\/comments?post=22806"}],"version-history":[{"count":5,"href":"https:\/\/www.pressroom.cloud\/en\/wp-json\/wp\/v2\/posts\/22806\/revisions"}],"predecessor-version":[{"id":22813,"href":"https:\/\/www.pressroom.cloud\/en\/wp-json\/wp\/v2\/posts\/22806\/revisions\/22813"}],"wp:featuredmedia":[{"embeddable":true,"href":"https:\/\/www.pressroom.cloud\/en\/wp-json\/wp\/v2\/media\/22807"}],"wp:attachment":[{"href":"https:\/\/www.pressroom.cloud\/en\/wp-json\/wp\/v2\/media?parent=22806"}],"wp:term":[{"taxonomy":"category","embeddable":true,"href":"https:\/\/www.pressroom.cloud\/en\/wp-json\/wp\/v2\/categories?post=22806"},{"taxonomy":"post_tag","embeddable":true,"href":"https:\/\/www.pressroom.cloud\/en\/wp-json\/wp\/v2\/tags?post=22806"}],"curies":[{"name":"wp","href":"https:\/\/api.w.org\/{rel}","templated":true}]}}