{"id":23157,"date":"2025-07-18T09:29:08","date_gmt":"2025-07-18T08:29:08","guid":{"rendered":"https:\/\/www.pressroom.cloud\/?p=23157"},"modified":"2025-07-18T09:42:28","modified_gmt":"2025-07-18T08:42:28","slug":"salerno-il-giardino-della-minerva-torna-allantico-splendore-dopo-400-anni","status":"publish","type":"post","link":"https:\/\/www.pressroom.cloud\/en\/salerno-il-giardino-della-minerva-torna-allantico-splendore-dopo-400-anni\/","title":{"rendered":"Salerno. Il Giardino della Minerva torna all\u2019antico splendore dopo 400 anni"},"content":{"rendered":"<p style=\"text-align: justify;\">Dopo quattrocento anni lo storico Giardino della Minerva ritrova la sua completa integrit\u00e0. Il Comune di Salerno ,dopo aver acquistato l\u2019ultimo terrazzamento di 740 metri quadrati a monte del sito, ha eseguito lavori di restauro ed ampliamento che hanno ripristinato in toto la struttura botanica della Scuola Medica Salernitana.<\/p>\n<p style=\"text-align: justify;\">Dalle nuove terrazze, con specie officiali provenienti da tutto il mondo, si gode una vista mozzafiato ed inedita della citt\u00e0 di Salerno mai vista da nessuno negli ultimi quatto secoli. Spettacolare la nuova illuminazione artistica notturna.<\/p>\n<p style=\"text-align: justify;\"><img loading=\"lazy\" decoding=\"async\" class=\" wp-image-23158 aligncenter\" src=\"https:\/\/www.pressroom.cloud\/wp-content\/uploads\/1DED9796-12A2-4C92-8CD7-C780B5502DD1-300x225.jpg\" alt=\"\" width=\"924\" height=\"693\" srcset=\"https:\/\/www.pressroom.cloud\/wp-content\/uploads\/1DED9796-12A2-4C92-8CD7-C780B5502DD1-300x225.jpg 300w, https:\/\/www.pressroom.cloud\/wp-content\/uploads\/1DED9796-12A2-4C92-8CD7-C780B5502DD1-768x576.jpg 768w, https:\/\/www.pressroom.cloud\/wp-content\/uploads\/1DED9796-12A2-4C92-8CD7-C780B5502DD1.jpg 800w\" sizes=\"auto, (max-width: 924px) 100vw, 924px\" \/><\/p>\n<p style=\"text-align: justify;\">Il restauro completo della parte antica e l\u2019ampliamento del Giardino della Minerva sono stati eseguiti con lavori accurati che hanno interessato tutto lo storico sito: restauro degli intonaci danneggiati e rifacimento delle pavimentazioni, realizzate interamente in cocciopesto; rinnovo dell\u2019impianto di irrigazione e di illuminazione, al fine di consentire aperture serali; consolidamento del muro di sostegno posto al termine della scala pergolata (quinto livello del Giardino), che presentava criticit\u00e0 strutturali.<\/p>\n<p style=\"text-align: justify;\">A Palazzo Capasso \u00e8 stato restaurato il primo piano (prima non fruibile), che sar\u00e0 dedicato alle attivit\u00e0 didattiche dell\u2019Orto Botanico, in risposta alla crescente domanda da parte di scuole e universit\u00e0. \u00c8 stato inoltre realizzato un ascensore per garantire l\u2019accesso ai diversamente abili tra piano terra e primo piano. Migliorata anche la zona ristoro con tisane e prodotti ispirati alla Scuola Medica Salernitana.<\/p>\n<p style=\"text-align: justify;\">Il nuovo Giardino della Minerva sar\u00e0 aperto Venerd\u00ec 18 luglio. Alle ore 10.00 l\u2019agronomo Luciano Mauro, il Presidente della Fondazione Scuola Medica Salernitana Ermanno Guerra, l\u2019Assessore ai Lavori Pubblici Dario Loffredo, il Sindaco di Salerno Vincenzo Napoli ed il Presidente Vincenzo De Luca illustreranno i lavori e visiteranno con la stampa il Giardino. Sar\u00e0 presente l&#8217;Assessore al Turismo Alessandro Ferrara.<\/p>\n<p><img decoding=\"async\" src=\"https:\/\/scontent.ffco3-1.fna.fbcdn.net\/v\/t39.30808-6\/476610065_1053560400143343_4349101656062633885_n.jpg?_nc_cat=103&amp;ccb=1-7&amp;_nc_sid=cc71e4&amp;_nc_ohc=P_lqrasqoH4Q7kNvwHgEqxU&amp;_nc_oc=AdnfK22WGw-NZPNdYwEQqka_0b0hgXdohIvHSQnlNbDBFe31vyW0He4TehszcPMHrErLXFoUzCEL3V3w7U9c-Js6&amp;_nc_zt=23&amp;_nc_ht=scontent.ffco3-1.fna&amp;_nc_gid=N5v3lMjmmqEZrbzwl5FWKQ&amp;oh=00_AfQThJAxHI0udj5OiEApVxPTsbvEI3UWOp3wDWToVQQlEA&amp;oe=687FCFA9\" alt=\"Nessuna descrizione della foto disponibile.\" \/><\/p>\n<p style=\"text-align: justify;\">Dalle ore 18.00 alle ore 21 sempre di venerd\u00ec 18 luglio apertura gratuita del sito per cittadini, turisti e visitatori che potranno scoprire cos\u00ec il nuovo gioiello del centro antico della citt\u00e0. Negli stessi orari saranno aperti, sempre gratuitamente, il Museo Virtuale della Scuola Medica Salernitana ed il Museo Papi dello strumentario chirurgico.<\/p>\n<p style=\"text-align: justify;\">Tra le novit\u00e0 l\u2019istituzione di un biglietto unico che permetter\u00e0 da ora in poi con un unico tagliando la visita di tutti e tre i siti: Giardino della Minerva, Museo Papi dello strumentario chirurgico, Museo\u00a0 Virtuale Scuola Medica Salernitana.<\/p>\n","protected":false},"excerpt":{"rendered":"<p>Dopo quattrocento anni lo storico Giardino della Minerva ritrova la sua completa integrit\u00e0. Il Comune di Salerno ,dopo aver acquistato l\u2019ultimo terrazzamento di 740 metri quadrati a monte del sito, ha eseguito lavori di restauro ed ampliamento che hanno ripristinato in toto la struttura botanica&#8230;<\/p>\n","protected":false},"author":3,"featured_media":23160,"comment_status":"open","ping_status":"open","sticky":false,"template":"","format":"standard","meta":{"footnotes":""},"categories":[69,5523,66,2202],"tags":[],"class_list":["post-23157","post","type-post","status-publish","format-standard","has-post-thumbnail","hentry","category-cultura","category-magazine","category-newsroom","category-slider"],"_links":{"self":[{"href":"https:\/\/www.pressroom.cloud\/en\/wp-json\/wp\/v2\/posts\/23157","targetHints":{"allow":["GET"]}}],"collection":[{"href":"https:\/\/www.pressroom.cloud\/en\/wp-json\/wp\/v2\/posts"}],"about":[{"href":"https:\/\/www.pressroom.cloud\/en\/wp-json\/wp\/v2\/types\/post"}],"author":[{"embeddable":true,"href":"https:\/\/www.pressroom.cloud\/en\/wp-json\/wp\/v2\/users\/3"}],"replies":[{"embeddable":true,"href":"https:\/\/www.pressroom.cloud\/en\/wp-json\/wp\/v2\/comments?post=23157"}],"version-history":[{"count":2,"href":"https:\/\/www.pressroom.cloud\/en\/wp-json\/wp\/v2\/posts\/23157\/revisions"}],"predecessor-version":[{"id":23163,"href":"https:\/\/www.pressroom.cloud\/en\/wp-json\/wp\/v2\/posts\/23157\/revisions\/23163"}],"wp:featuredmedia":[{"embeddable":true,"href":"https:\/\/www.pressroom.cloud\/en\/wp-json\/wp\/v2\/media\/23160"}],"wp:attachment":[{"href":"https:\/\/www.pressroom.cloud\/en\/wp-json\/wp\/v2\/media?parent=23157"}],"wp:term":[{"taxonomy":"category","embeddable":true,"href":"https:\/\/www.pressroom.cloud\/en\/wp-json\/wp\/v2\/categories?post=23157"},{"taxonomy":"post_tag","embeddable":true,"href":"https:\/\/www.pressroom.cloud\/en\/wp-json\/wp\/v2\/tags?post=23157"}],"curies":[{"name":"wp","href":"https:\/\/api.w.org\/{rel}","templated":true}]}}