{"id":23857,"date":"2026-03-18T08:29:16","date_gmt":"2026-03-18T07:29:16","guid":{"rendered":"https:\/\/www.pressroom.cloud\/giuseppina-bridelli-makes-her-philharmonie-de-paris-debut-with-orfeo\/"},"modified":"2026-04-27T08:29:16","modified_gmt":"2026-04-27T07:29:16","slug":"giuseppina-bridelli-makes-her-philharmonie-de-paris-debut-with-orfeo","status":"publish","type":"post","link":"https:\/\/www.pressroom.cloud\/en\/giuseppina-bridelli-makes-her-philharmonie-de-paris-debut-with-orfeo\/","title":{"rendered":"Giuseppina Bridelli makes her Philharmonie de Paris debut with Orfeo"},"content":{"rendered":"<p style=\"text-align: justify;\"><strong>Giuseppina Bridelli makes her debut at the Philharmonie de Paris on Friday 20 March<\/strong>, singing as <strong>La Messaggera in Monteverdi\u2019s <em>L\u2019Orfeo<\/em><\/strong>. A role closely tied to her artistic path, it marks another milestone in her ongoing collaboration with<strong> Leonardo Garc\u00eda-Alarc\u00f3n, Cappella Mediterranea and the Ch\u0153ur de chambre de Namur<\/strong>, as the Italian mezzosoprano reflects: <\/p>\n<p style=\"text-align: justify;\">&#8220;This tour with the pastoral tale <em>L\u2019Orfeo<\/em> is a return to my origins. It began in 2017, culminating with a<a href=\"https:\/\/www.pressroom.cloud\/?mailpoet_router&amp;endpoint=track&amp;action=click&amp;data=WyI4OTIiLCJwMG1lZ2VlcXp3ZzQ0Y29zMGtrczB3ODRzODA4c3MwdyIsIjI1NCIsIjVjMjIzNjQ0Y2RmOCIsZmFsc2Vd\" target=\"_blank\" rel=\"noopener\" data-saferedirecturl=\"https:\/\/www.google.com\/url?q=https:\/\/www.pressroom.cloud?mailpoet_router%26endpoint%3Dtrack%26action%3Dclick%26data%3DWyI4OTIiLCJwMG1lZ2VlcXp3ZzQ0Y29zMGtrczB3ODRzODA4c3MwdyIsIjI1NCIsIjVjMjIzNjQ0Y2RmOCIsZmFsc2Vd&amp;source=gmail&amp;ust=1777361235330000&amp;usg=AOvVaw2vwhSbJtJgCHtJ6C1dgEPn\"> recording by Alpha <\/a><a href=\"https:\/\/www.pressroom.cloud\/?mailpoet_router&amp;endpoint=track&amp;action=click&amp;data=WyI4OTIiLCJwMG1lZ2VlcXp3ZzQ0Y29zMGtrczB3ODRzODA4c3MwdyIsIjI1NCIsIjVjMjIzNjQ0Y2RmOCIsZmFsc2Vd\" target=\"_blank\" rel=\"noopener\" data-saferedirecturl=\"https:\/\/www.google.com\/url?q=https:\/\/www.pressroom.cloud?mailpoet_router%26endpoint%3Dtrack%26action%3Dclick%26data%3DWyI4OTIiLCJwMG1lZ2VlcXp3ZzQ0Y29zMGtrczB3ODRzODA4c3MwdyIsIjI1NCIsIjVjMjIzNjQ0Y2RmOCIsZmFsc2Vd&amp;source=gmail&amp;ust=1777361235330000&amp;usg=AOvVaw2vwhSbJtJgCHtJ6C1dgEPn\">Classics<\/a> in 2021, and is an engagement which takes me home every year to what I consider to be a wonderful musical family: Leonardo Garc\u00eda-Alarc\u00f3n\u2019s Cappella mediterranea, the Ch\u0153ur de chambre de Namur and my fantastic colleagues and fellow travellers on this adventure in the name of our divin Claudio. This role is one of my best loved, La Messaggera: this time I will bring the &#8216;inauspicious news&#8217; against the splendid backdrop of the Philarmonie de Paris, where I\u2019m about to have the pleasure of singing for the first time.&#8221;  <\/p>\n<p style=\"text-align: justify;\">\n","protected":false},"excerpt":{"rendered":"<p>Giuseppina Bridelli makes her debut at the Philharmonie de Paris on Friday 20 March, singing as La Messaggera in Monteverdi\u2019s L\u2019Orfeo. A role closely tied to her artistic path, it marks another milestone in her ongoing collaboration with Leonardo Garc\u00eda-Alarc\u00f3n, Cappella Mediterranea and the Ch\u0153ur&#8230;<\/p>\n","protected":false},"author":3,"featured_media":23764,"comment_status":"open","ping_status":"open","sticky":false,"template":"","format":"standard","meta":{"footnotes":""},"categories":[5521,5520],"tags":[],"class_list":["post-23857","post","type-post","status-publish","format-standard","has-post-thumbnail","hentry","category-news-en","category-pressroom"],"_links":{"self":[{"href":"https:\/\/www.pressroom.cloud\/en\/wp-json\/wp\/v2\/posts\/23857","targetHints":{"allow":["GET"]}}],"collection":[{"href":"https:\/\/www.pressroom.cloud\/en\/wp-json\/wp\/v2\/posts"}],"about":[{"href":"https:\/\/www.pressroom.cloud\/en\/wp-json\/wp\/v2\/types\/post"}],"author":[{"embeddable":true,"href":"https:\/\/www.pressroom.cloud\/en\/wp-json\/wp\/v2\/users\/3"}],"replies":[{"embeddable":true,"href":"https:\/\/www.pressroom.cloud\/en\/wp-json\/wp\/v2\/comments?post=23857"}],"version-history":[{"count":0,"href":"https:\/\/www.pressroom.cloud\/en\/wp-json\/wp\/v2\/posts\/23857\/revisions"}],"wp:featuredmedia":[{"embeddable":true,"href":"https:\/\/www.pressroom.cloud\/en\/wp-json\/wp\/v2\/media\/23764"}],"wp:attachment":[{"href":"https:\/\/www.pressroom.cloud\/en\/wp-json\/wp\/v2\/media?parent=23857"}],"wp:term":[{"taxonomy":"category","embeddable":true,"href":"https:\/\/www.pressroom.cloud\/en\/wp-json\/wp\/v2\/categories?post=23857"},{"taxonomy":"post_tag","embeddable":true,"href":"https:\/\/www.pressroom.cloud\/en\/wp-json\/wp\/v2\/tags?post=23857"}],"curies":[{"name":"wp","href":"https:\/\/api.w.org\/{rel}","templated":true}]}}