{"id":24101,"date":"2026-09-01T07:44:29","date_gmt":"2026-09-01T06:44:29","guid":{"rendered":"https:\/\/www.pressroom.cloud\/?p=24101"},"modified":"2026-09-01T07:54:03","modified_gmt":"2026-09-01T06:54:03","slug":"the-tenor-who-lived-twice-portrait-of-gregory-kunde","status":"publish","type":"post","link":"https:\/\/www.pressroom.cloud\/en\/the-tenor-who-lived-twice-portrait-of-gregory-kunde\/","title":{"rendered":"The Tenor Who Lived Twice. Portrait of Gregory Kunde"},"content":{"rendered":"<div class=\"wpb-content-wrapper\"><p>[vc_row][vc_column][vc_column_text css=&#8221;&#8221;]<\/p>\n<p style=\"text-align: justify;\">There are glorious operatic careers, and others that are \u201clarger than life.\u201d To navigate the latter without getting lost, you need a reliable compass. So, to recount the career of American tenor Gregory Kunde (nearly fifty years on stage, a hundred roles, and more than ten recordings), we\u2019ve enlisted the help of a special companion: his own voice, which will accompany us throughout this portrait dedicated to him, which we\u2019ll include in italics.  <\/p>\n<p style=\"text-align: justify;\">We thank him for his time during a busy summer (Aida at the Arena, Turandot at the Puccini Festival, Otello at the Teatro Col\u00f3n in Buenos Aires, and Pagliacci at La Fenice in Venice), so let\u2019s get started by asking him what he thinks of the nickname that has accompanied him for years: \u201cthe tenor who lived twice\u201d, due to his change of repertoire.<\/p>\n<p style=\"text-align: justify;\"><em><br \/>I guess it\u2019s a pretty accurate title! I\u2019ve always thought of the tenors of the early years \u2013 like Lauri-Volpi, Gigli, Schipa, di Stefano, Bergonzi, Carreras, and Pavarotti \u2013 who all began in the bel canto roles and then progressed, adding more dramatic roles to their repertory. But it\u2019s also important to remember that in the 1940s, 50s, and 60s, it was acceptable and expected that tenors could switch back and forth between Bellini and Puccini and so on. It took me a little longer than those men, but I followed in their footsteps. It wasn\u2019t a conscious decision to follow that path, but that\u2019s how my voice grew over the years, so it was a natural move to make. Having had two very definite chapters in my career has certainly been rewarding. When I was singing only bel canto roles, I really thought that those roles &#8211; for the most part &#8211; would likely stay with me for my whole career. And at the time, I could not imagine any other roles being more exciting. During the Rossini Renaissance of the Nineties, we tenors were discouraged from leaving that very specialized category and style of singing. But then my voice began to change and grow in a way that was no longer suitable for the lighter roles. I was given the opportunity to sing          <\/em>I Vespri Siciliani <em>in Torino in 2011. Reluctantly, I decided to give it a try, and I was pleasantly surprised that the role suited me so well. So I continued to sing the heavier roles of Bellini, Donizetti, and Rossini, while adding in more and more of the dramatic tenor repertory. I tried to be very strategic in which roles I added and which roles I eliminated from my repertory. And my agent Marco Impallomeni was very supportive; in fact, it was his idea to try to make the move from bel canto to verismo. And I\u2019m so glad that I have had this unique and wonderful chance to discover a whole repertory of dramatic roles. I could have never imagined that I would be able to take on this music, especially when for many years, I worried about whether I could even be heard over a much lighter orchestra! I feel so lucky and blessed tohave had time to explore and develop the more dramatic tenor roles. As a young artist, I often dreamed of singing        <\/em> Otello<em> and felt that would be the pinnacle of a tenor career. And fortunately for me, it is a dream come truee pensavo che quello sarebbe stato l\u2019apice di una carriera da tenore. E, per mia fortunata, \u00e8 un sogno che si \u00e8 avverato. <\/em><\/p>\n<p style=\"text-align: justify;\"><img loading=\"lazy\" decoding=\"async\" class=\" wp-image-24107 aligncenter\" src=\"https:\/\/www.pressroom.cloud\/wp-content\/uploads\/gregkunde-june2023027-300x200.jpg\" alt=\"\" width=\"923\" height=\"615\" srcset=\"https:\/\/www.pressroom.cloud\/wp-content\/uploads\/gregkunde-june2023027-300x200.jpg 300w, https:\/\/www.pressroom.cloud\/wp-content\/uploads\/gregkunde-june2023027.jpg 640w\" sizes=\"auto, (max-width: 923px) 100vw, 923px\" \/><br \/>\nTo understand the significance of this achievement, however, we need to rewind and start from the beginning. That is, from February 24, 1954, the day Gregory Kunde was born in Kankakee, Illinois. Like many American kids, he was a huge baseball fan: he watched it on TV, played daily games with his friends, and dreamed of becoming a professional player. But he also loved singing, especially songs by the Beatles, the Rolling Stones, and Frank Sinatra, which were played on the radio and jukeboxes.   <\/p>\n<p style=\"text-align: justify;\">His encounter with classical music began in high school. He first decided to join a choir and then began studying to become a choral conductor. In college, he led two groups: a concert choir and a madrigal ensemble. And it was with the latter that, at 19, he visited Vienna and one evening, at the suggestion of a bass friend, saw Richard Strauss\u2019s <em>Salome<\/em> at the Vienna State Opera. For the young Kunde, it was a revelation. Upon returning to America, he changed his course of study (from conductor to opera singer) and, in 1978, entered the Lyric Opera of Chicago\u2019s young artists program. One wonders: what if he had never seen that <em>Salome<\/em>?      <\/p>\n<p style=\"text-align: justify;\"><em>When I think about it, I believe I would have become a music teacher or choral conductor for young people. Like my mentors in high school and university.. and even all seven of my college roommates\u2026 who are all now retired music teachers. I\u2019m sure I would have never had the opportunity to travel as much as I have, or meet all the musicians with whom I\u2019ve worked. And I might even already be comfortably retired by this age, playing golf every day. But that performance definitely changed my path. When I realized I could sing opera, it was not just my profession. It was my calling. I didn\u2019t study opera, because I really didn\u2019t know it was an option for someone like me. Growing up in a small town in America in that time, there was very little culture. Certainly no opera there! I was always under the impression that anyone performing on a stage like that, was someone so far away from my experience and my background. My mother and father both thought music teaching was a good option. When I decided to pursue opera, they didn\u2019t really have an opinion about it because we knew so little about it. Neither of them &#8211; or anyone in my entire family &#8211; had ever heard an opera before, so it was a stretch for them to really understand what I was attempting to do. Actually, still today, I find that many people don\u2019t know what it means to be an opera singer. When people ask me what I do, and I tell them I\u2019m an opera singer, I get a lot of questions, surprised looks, and the response: \u201cWow! I\u2019ve never met an opera singer before!\u201d Unfortunately my parents died many years ago, so they never saw me in any major roles, only supporting roles in Chicago.              <\/em><\/p>\n<p style=\"text-align: justify;\">It was in Chicago that he made his debut in 1978, as a member of the Lyric Opera School (now the Ryan Opera Center), playing Cassio in <em>Otello<\/em>, Prunier in <em>La rondine<\/em>, and V\u00e1\u0148a in <em>K\u00e1\u0165a Kabanov\u00e1<\/em>. As a student, Kunde also had the opportunity to participate in rehearsals for a <em>Werther<\/em> starring the man who would become his musical and spiritual role model: Alfredo Kraus, the greatest \u201ctenore di grazia\u201d of the late twentieth century. <\/p>\n<p style=\"text-align: justify;\"><em>I was immediately struck by the beauty of his sound and his collegial and professional manner with everyone. Not a divo at all. It wasn\u2019t until the next season, that I was able to sing for him in a master class setting. His instructions to me were exactly what I needed to hear at the time: how to place the voice in the mask. For many tenors who wanted to study with him at that time, it was a difficult concept to master. It wasn\u2019t a nasal sound, but it was always in the mask. It was extremely important for us tenors with a lighter sound to be able to implement this idea. Although Kraus never had a large voice, he could always be heard over the orchestra \u2026 and be heard well. So this idea of placement became essential to my learning and my technique. During that master class, I found the top of my voice: the high notes. I had always had a problem with the top C, but in those few minutes that he spent with me, he was able to explain this idea to me. And I found high C.          <\/em><em>During the next seasons while Kraus was in Chicago, he sought me out to spend some time with me, working on the voice. I would have never dared to ask him for his time, but he was very supportive and very kind. It was clear that he wanted to help me in this process. And in addition, I learned about how to act with colleagues and how to treat young singers from him. He was and has always been my model for how to use phrasing, how to create colors in the voice, and how to maintain legato in the sound.     <\/em><em>My experience with Kraus extended beyond lessons, because I was his cover for many roles. I would have never been put on the stage in his place, because I was too young and too inexperienced\u2026 but I was able to attend rehearsals and observe his technique, covering Faust, Romeo, Des Grieux, among others. <\/em><\/p>\n<p style=\"text-align: justify;\">In 1986 (the year he met his future wife, Linda Wojciechowski), Kunde crossed the ocean to make his French debut, performing Nadir (<em>Les p\u00eacheurs de perles<\/em>) at the Op\u00e9ra de Nice. He wasn\u2019t sure what to expect (the internet didn\u2019t exist at the time), and once there, he was struck by how much European audiences loved opera, considered it part of their cultural heritage, and were eager to discuss it. <\/p>\n<p style=\"text-align: justify;\">In 1987, he revealed his talent as a bel canto singer with the role of Arturo in <em>I Puritani<\/em> at the Montreal Opera (Elvira is played by Luciana Serra) and made his debut at the Metropolitan Opera in New York as Des Grieux in Massenet\u2019s <em>Manon<\/em>. Nice called him back for <em>Guillaume Tell <\/em>(1989), <em>Mitridate, re di Ponto<\/em> (1991), <em>L\u2019italiana in Algeri<\/em>, and Les p\u00eacheurs de perles (1992). Amsterdam wanted him as Lord Percy in <em>Anna Bolena<\/em> (1989) and Geneva as Don Ottavio in <em>Don Giovanni<\/em> (1991). Italy, however, was certainly not sitting idly by. In 1991 he was in Catania for <em>Bianca e Fernando<\/em>, and, in 1992, he achieved a golden double: first at La Scala in Milan (for <em>Stabat Mater<\/em> and <em>La donna del lago<\/em>, both conducted by Riccardo Muti) and then at the Rossini Opera Festival (ROF) in Pesaro.    <\/p>\n<div id=\"attachment_24111\" style=\"width: 968px\" class=\"wp-caption aligncenter\"><img loading=\"lazy\" decoding=\"async\" aria-describedby=\"caption-attachment-24111\" class=\"wp-image-24111\" src=\"https:\/\/www.pressroom.cloud\/wp-content\/uploads\/yLJOmM1g-300x189.jpg\" alt=\"\" width=\"958\" height=\"603\" srcset=\"https:\/\/www.pressroom.cloud\/wp-content\/uploads\/yLJOmM1g-300x189.jpg 300w, https:\/\/www.pressroom.cloud\/wp-content\/uploads\/yLJOmM1g.jpg 640w\" sizes=\"auto, (max-width: 958px) 100vw, 958px\" \/><p id=\"caption-attachment-24111\" class=\"wp-caption-text\">In the recording studio<\/p><\/div>\n<p style=\"text-align: justify;\"><em>1992 was a big year for me. Singing in a new production of <\/em> La donna del lago <em>at La Scala, conducted by Muti and staged by Werner Herzog, was a tremendous opportunity. The first cast included three Rossini giants (June Anderson, Rockwell Blake, and Chris Merritt), while the second included myself, Bruce Ford, and Cecilia Gasdia, with whom I had never sung but whom I had met briefly during a production of <\/em> I Capuleti e i Montecchi <em>in Chicago. Spending time in such a historic and iconic theater was thrilling and, with colleagues of such caliber, almost surreal in many ways. After Milan, we traveled directly to Pesaro for my debut as Idreno in   <\/em>Semiramide<em>, in Hugo de Ana\u2019s new production, conducted by Alberto Zedda. . The entire cast was making its debut, so there was a lot of pressure on all of us. The production was the season\u2019s big success, and we had an amazing time. It was the first time that I was recognized on the street and asked for my autograph! I had never been a part of that kind of large scale project in a major role. The critical acclaim for both engagements combined that summer and really changed the trajectory of my career. In a few short months, I became known as a Rossini specialist. I began to receive offers from major houses worldwide, and it felt as though I was finally making progress in terms of building an international career.      <\/em><em> <\/em><\/p>\n<p style=\"text-align: justify;\">Just as his star was spreading globally, Kunde discovered, at just forty years old, that he had cancer. On doctor\u2019s advice, he chose to undergo six rounds of chemotherapy. This treatment, while offering a high chance of recovery, could also permanently damage the tenor&#8217;s vocal cords. Only after defeating the cancer and receiving medical approval, Kunde gradually begin to sing again. His first major engagement after his illness was a concert with <em>I Puritani<\/em>, featuring Mariella Devia, scheduled at Carnegie Hall on May 8, 1995.    <\/p>\n\n\t\t<style type=\"text\/css\">\n\t\t\t#gallery-1 {\n\t\t\t\tmargin: auto;\n\t\t\t}\n\t\t\t#gallery-1 .gallery-item {\n\t\t\t\tfloat: left;\n\t\t\t\tmargin-top: 10px;\n\t\t\t\ttext-align: center;\n\t\t\t\twidth: 50%;\n\t\t\t}\n\t\t\t#gallery-1 img {\n\t\t\t\tborder: 2px solid #cfcfcf;\n\t\t\t}\n\t\t\t#gallery-1 .gallery-caption {\n\t\t\t\tmargin-left: 0;\n\t\t\t}\n\t\t\t\/* see gallery_shortcode() in wp-includes\/media.php *\/\n\t\t<\/style>\n\t\t<div id='gallery-1' class='gallery galleryid-24101 gallery-columns-2 gallery-size-full'><dl class='gallery-item'>\n\t\t\t<dt class='gallery-icon landscape'>\n\t\t\t\t<a href='https:\/\/www.pressroom.cloud\/en\/the-tenor-who-lived-twice-portrait-of-gregory-kunde\/otello-gregory-kunde-e-maria-agresta-630x473-2\/'><img loading=\"lazy\" decoding=\"async\" width=\"630\" height=\"473\" src=\"https:\/\/www.pressroom.cloud\/wp-content\/uploads\/Otello-Gregory-Kunde-e-Maria-Agresta-630x473-1.jpg\" class=\"attachment-full size-full\" alt=\"\" aria-describedby=\"gallery-1-24119\" srcset=\"https:\/\/www.pressroom.cloud\/wp-content\/uploads\/Otello-Gregory-Kunde-e-Maria-Agresta-630x473-1.jpg 630w, https:\/\/www.pressroom.cloud\/wp-content\/uploads\/Otello-Gregory-Kunde-e-Maria-Agresta-630x473-1-300x225.jpg 300w\" sizes=\"auto, (max-width: 630px) 100vw, 630px\" \/><\/a>\n\t\t\t<\/dt>\n\t\t\t\t<dd class='wp-caption-text gallery-caption' id='gallery-1-24119'>\n\t\t\t\tOtello (Verdi), Teatro all&#8217;Opera di Roma\n\t\t\t\t<\/dd><\/dl><dl class='gallery-item'>\n\t\t\t<dt class='gallery-icon landscape'>\n\t\t\t\t<a href='https:\/\/www.pressroom.cloud\/en\/the-tenor-who-lived-twice-portrait-of-gregory-kunde\/screenshot-2026-09-01-at-08-39-40-2\/'><img loading=\"lazy\" decoding=\"async\" width=\"1292\" height=\"714\" src=\"https:\/\/www.pressroom.cloud\/wp-content\/uploads\/Screenshot-2026-09-01-at-08.39.40.png\" class=\"attachment-full size-full\" alt=\"\" aria-describedby=\"gallery-1-24120\" srcset=\"https:\/\/www.pressroom.cloud\/wp-content\/uploads\/Screenshot-2026-09-01-at-08.39.40.png 1292w, https:\/\/www.pressroom.cloud\/wp-content\/uploads\/Screenshot-2026-09-01-at-08.39.40-300x166.png 300w, https:\/\/www.pressroom.cloud\/wp-content\/uploads\/Screenshot-2026-09-01-at-08.39.40-1024x566.png 1024w, https:\/\/www.pressroom.cloud\/wp-content\/uploads\/Screenshot-2026-09-01-at-08.39.40-768x424.png 768w\" sizes=\"auto, (max-width: 1292px) 100vw, 1292px\" \/><\/a>\n\t\t\t<\/dt>\n\t\t\t\t<dd class='wp-caption-text gallery-caption' id='gallery-1-24120'>\n\t\t\t\tOtello (Rossini), Teatro alla Scala\n\t\t\t\t<\/dd><\/dl><br style=\"clear: both\" \/>\n\t\t<\/div>\n\n<p style=\"text-align: justify;\"><em><br \/>\nI won\u2019t ever forget the nervousness and anticipation before the performance\u2026 or the exhilaration and relief after I was able to sing so successfully this role that had become for me my signature in the Bellini repertory. It is a demanding role for most tenors, but for me, at that time, it was a different kind of challenge. It required stamina and after chemotherapy, I was easily tired. It required voice, and during my cancer treatment and surgeries, I really didn\u2019t sing at all. It required confidence, and after months of medical appointments, disappointing test results, and losing my hair, I had to really dig deep into my soul, my technique, and my faith to find the strength I needed to meet and conquer this enormous trial. So this performance always comes to mind when I think of special moments in my career. If you\u2019re wondering, the concert went super well! Many family members and friends joined me for a huge celebratory dinner afterwards. The sold out audience, unaware of my recent medical challenges, welcomed me back to Carnegie Hall so warmly\u2026 and I continued to sing Arturo long after that performance.        <\/em><\/p>\n<p style=\"text-align: justify;\">Kunde also returns regularly to the ROF, both to perform in concerts and to sing in operas such as <em>Armida<\/em>, <em>Guillaume Tell,<\/em> <em>Ricciardo e Zoraide<\/em> and Tancredi. In 2007 he tackled his first Rossini <em>Otello<\/em>, perhaps without imagining that in 2012 he would also sing Verdi\u2019s Otello at the Fenice, thus becoming the only contemporary tenor to have both versions of the character in his repertoire. <\/p>\n<p style=\"text-align: justify;\"><em>The Rossini<\/em> Otello<em> was a huge surprise. I was offered that engagement because the originally scheduled tenor cancelled, and, of course, I was delighted. I went on to sing the piece a few times at other theaters, and it was always a favorite. The Venice Otello was another surprise for me. I had only recently begun the Verdi experiment, in    <\/em>I Vespri Siciliani<em> and <\/em>Un ballo in maschera<em>So it seemed a little soon in my Verdi exploration to me. But the then Sovrintendente of La Fenice, Fortunato Ortombina, was confident: for him, I would be able to face the part. It was a completely different experience from Rossini for me. And as it was my dream role, I could not have been happier. It was just by chance that I had already been engaged to sing a concert performance of Rossini  <\/em>Otello<em> in Belgium, so that\u2019s how it happened that I sang both versions of the Moor in one year. It also happened in 2014 (Rossini in Antwerp, Verdi at the Doge\u2019s Palace in Venice) and in 2015 (Rossini at La Scala, Verdi in Perelada). My approach to singing has always been the bel canto technique. The voice has grown, but the technique has remained the same. So I never thought about singing the Verdi any differently than the Rossini.     <\/em><\/p>\n<div id=\"attachment_24108\" style=\"width: 934px\" class=\"wp-caption aligncenter\"><img loading=\"lazy\" decoding=\"async\" aria-describedby=\"caption-attachment-24108\" class=\"wp-image-24108\" src=\"https:\/\/www.pressroom.cloud\/wp-content\/uploads\/aida-verona-kunde-169x300.jpg\" alt=\"\" width=\"924\" height=\"1640\" srcset=\"https:\/\/www.pressroom.cloud\/wp-content\/uploads\/aida-verona-kunde-169x300.jpg 169w, https:\/\/www.pressroom.cloud\/wp-content\/uploads\/aida-verona-kunde.jpg 360w\" sizes=\"auto, (max-width: 924px) 100vw, 924px\" \/><p id=\"caption-attachment-24108\" class=\"wp-caption-text\">Aida, Arena di Verona<\/p><\/div>\n<p>In a certain sense, Verdi\u2019s <em>Otello<\/em> definitively marks Kunde\u2019s shift in repertoire, as he gradually shifts toward more dramatic and \u201cspinto\u201d roles, such as Don Alvaro (<em>La Forza del destino<\/em>), Calaf (Turandot), Mario Cavaradossi (<em>Tosca<\/em>), Renato Des Grieux (<em>Manon Lescaut<\/em>), Andrea Ch\u00e9nier, Pollione (<em>Norma<\/em>), Canio (Pagliacci) and Turiddu (<em>Cavalleria rusticana<\/em>). In 2015, he debuted at the Arena di Verona as Radam\u00e8s (<em>Aida<\/em>) and in 2016 at the Royal Opera House in London as Manrico (<em>Il Trovatore<\/em>). A path that surprised some, but which for the tenor comes perfectly naturally.  <\/p>\n<p style=\"text-align: justify;\"><em>At the time, I didn\u2019t really experience competition from my tenor peers. Migrating from bel canto to verismo was not something that was being done by many. Now, however, it is much more common and many artists venture into a challenging repertoire from a very young age. I guess I\u2019m old fashioned, but I believe in a slow and strategic building of repertory, which allows the voice to grow naturally and systematically. Many young singers today are tempted by the fame and fortune of taking on more dramatic repertory. But again, I believe that just because you can sing a role doesn\u2019t necessarily mean you should sing that role. At least not in that moment. I was very fortunate to have had a lot of experience before I decided to expand my repertory. After twenty five years of bel canto, I felt I was ready to \u2013 vocally, emotionally, intellectually, and musically \u2013 move into more dramatic territory.        <\/em><\/p>\n\n\t\t<style type=\"text\/css\">\n\t\t\t#gallery-2 {\n\t\t\t\tmargin: auto;\n\t\t\t}\n\t\t\t#gallery-2 .gallery-item {\n\t\t\t\tfloat: left;\n\t\t\t\tmargin-top: 10px;\n\t\t\t\ttext-align: center;\n\t\t\t\twidth: 50%;\n\t\t\t}\n\t\t\t#gallery-2 img {\n\t\t\t\tborder: 2px solid #cfcfcf;\n\t\t\t}\n\t\t\t#gallery-2 .gallery-caption {\n\t\t\t\tmargin-left: 0;\n\t\t\t}\n\t\t\t\/* see gallery_shortcode() in wp-includes\/media.php *\/\n\t\t<\/style>\n\t\t<div id='gallery-2' class='gallery galleryid-24101 gallery-columns-2 gallery-size-full'><dl class='gallery-item'>\n\t\t\t<dt class='gallery-icon portrait'>\n\t\t\t\t<a href='https:\/\/www.pressroom.cloud\/en\/the-tenor-who-lived-twice-portrait-of-gregory-kunde\/hole-in-one-at-country-club-of-rochester-2\/'><img loading=\"lazy\" decoding=\"async\" width=\"480\" height=\"640\" src=\"https:\/\/www.pressroom.cloud\/wp-content\/uploads\/Hole-in-one-at-Country-Club-of-Rochester-rotated.jpeg\" class=\"attachment-full size-full\" alt=\"\" aria-describedby=\"gallery-2-24121\" srcset=\"https:\/\/www.pressroom.cloud\/wp-content\/uploads\/Hole-in-one-at-Country-Club-of-Rochester-rotated.jpeg 480w, https:\/\/www.pressroom.cloud\/wp-content\/uploads\/Hole-in-one-at-Country-Club-of-Rochester-225x300.jpeg 225w\" sizes=\"auto, (max-width: 480px) 100vw, 480px\" \/><\/a>\n\t\t\t<\/dt>\n\t\t\t\t<dd class='wp-caption-text gallery-caption' id='gallery-2-24121'>\n\t\t\t\tHole in one at Country Club of Rochester\n\t\t\t\t<\/dd><\/dl><dl class='gallery-item'>\n\t\t\t<dt class='gallery-icon portrait'>\n\t\t\t\t<a href='https:\/\/www.pressroom.cloud\/en\/the-tenor-who-lived-twice-portrait-of-gregory-kunde\/candid-with-daughter-isabella-and-wife-linda-2\/'><img loading=\"lazy\" decoding=\"async\" width=\"480\" height=\"640\" src=\"https:\/\/www.pressroom.cloud\/wp-content\/uploads\/Candid-with-daughter-Isabella-and-wife-Linda-rotated.jpeg\" class=\"attachment-full size-full\" alt=\"\" aria-describedby=\"gallery-2-24122\" srcset=\"https:\/\/www.pressroom.cloud\/wp-content\/uploads\/Candid-with-daughter-Isabella-and-wife-Linda-rotated.jpeg 480w, https:\/\/www.pressroom.cloud\/wp-content\/uploads\/Candid-with-daughter-Isabella-and-wife-Linda-225x300.jpeg 225w\" sizes=\"auto, (max-width: 480px) 100vw, 480px\" \/><\/a>\n\t\t\t<\/dt>\n\t\t\t\t<dd class='wp-caption-text gallery-caption' id='gallery-2-24122'>\n\t\t\t\tWith daughter Isabella e wife Linda\n\t\t\t\t<\/dd><\/dl><br style=\"clear: both\" \/>\n\t\t<\/div>\n\n<p style=\"text-align: justify;\">Today, Gregory Kunde lives with his wife in Nashville, the same city as their daughter Isabella, who has embarked on a career as a pop-folk singer-songwriter under the stage name Izzy Jude. In his quiet moments, the tenor never misses an opportunity to practice his favorite sport: golf, which he considers a relaxing and therapeutic pastime, as well as a great way to meet new people and spend a few hours outdside. <\/p>\n<p style=\"text-align: justify;\">When we ask him what verses he would choose to greet our readers, he surprises us by choosing not a lyric, but the last verse of <em>My Way,<\/em> written by Paul Anka and recorded by Frank Sinatra in 1969.<\/p>\n<p>&#8220;For what is a man, what has he got?<br \/>\nIf not himself, then he has not;<br \/>\nTo say the words he truly feels<br \/>\nAnd not the words of one who kneels;<br \/>\nThe record shows I took the blows<br \/>\nAnd did it my way&#8221;.<\/p>\n<p style=\"text-align: justify;\"><em>It\u2019s not opera, but it\u2019s definitely operatic. In feeling and musically speaking. This last verse captures how I see and what I feel about my career and actually, my life. I\u2019ve tried to manage myself, build my career, and love my familyand friends in this way. With honesty, integrity, and simplicity. There were opportunities for me to take advantage of a short cut \u2013 or the easy way \u2013 over the years. But that never appealed to me, It felt disingenuous and inconsistent with who I\u2019ve tried to be and become. I wanted to live a life that I could be completely proud of, knowing I didn\u2019t owe anyone a thing. I didn\u2019t have all the extras that come with taking that short cut, but I am okay with that. I have worked hard and sometimes without gratification or compensation for the effort. But again, I\u2019m okay with that. I have tried to be as genuine as possible. That\u2019s what\u2019s most important to me, and what I hope readers will see in me.          <\/em><\/p>\n<p><span style=\"text-decoration: underline;\">All photos: courtesy of www.gregory-kunde.com<\/span><\/p>\n<p>[\/vc_column_text][\/vc_column][\/vc_row]<\/p>\n<\/div>","protected":false},"excerpt":{"rendered":"<p>[vc_row][vc_column][vc_column_text css=&#8221;&#8221;] There are glorious operatic careers, and others that are \u201clarger than life.\u201d To navigate the latter without getting lost, you need a reliable compass. So, to recount the career of American tenor Gregory Kunde (nearly fifty years on stage, a hundred roles, and&#8230;<\/p>\n","protected":false},"author":25,"featured_media":24114,"comment_status":"open","ping_status":"open","sticky":false,"template":"","format":"standard","meta":{"footnotes":""},"categories":[4366,1,5523,66,5565],"tags":[5577,4513],"class_list":["post-24101","post","type-post","status-publish","format-standard","has-post-thumbnail","hentry","category-cultura-en","category-magazine-en","category-magazine","category-newsroom","category-slider2","tag-gregory-kunde","tag-tenor-en"],"_links":{"self":[{"href":"https:\/\/www.pressroom.cloud\/en\/wp-json\/wp\/v2\/posts\/24101","targetHints":{"allow":["GET"]}}],"collection":[{"href":"https:\/\/www.pressroom.cloud\/en\/wp-json\/wp\/v2\/posts"}],"about":[{"href":"https:\/\/www.pressroom.cloud\/en\/wp-json\/wp\/v2\/types\/post"}],"author":[{"embeddable":true,"href":"https:\/\/www.pressroom.cloud\/en\/wp-json\/wp\/v2\/users\/25"}],"replies":[{"embeddable":true,"href":"https:\/\/www.pressroom.cloud\/en\/wp-json\/wp\/v2\/comments?post=24101"}],"version-history":[{"count":7,"href":"https:\/\/www.pressroom.cloud\/en\/wp-json\/wp\/v2\/posts\/24101\/revisions"}],"predecessor-version":[{"id":24127,"href":"https:\/\/www.pressroom.cloud\/en\/wp-json\/wp\/v2\/posts\/24101\/revisions\/24127"}],"wp:featuredmedia":[{"embeddable":true,"href":"https:\/\/www.pressroom.cloud\/en\/wp-json\/wp\/v2\/media\/24114"}],"wp:attachment":[{"href":"https:\/\/www.pressroom.cloud\/en\/wp-json\/wp\/v2\/media?parent=24101"}],"wp:term":[{"taxonomy":"category","embeddable":true,"href":"https:\/\/www.pressroom.cloud\/en\/wp-json\/wp\/v2\/categories?post=24101"},{"taxonomy":"post_tag","embeddable":true,"href":"https:\/\/www.pressroom.cloud\/en\/wp-json\/wp\/v2\/tags?post=24101"}],"curies":[{"name":"wp","href":"https:\/\/api.w.org\/{rel}","templated":true}]}}