{"id":2538,"date":"2017-10-23T08:53:43","date_gmt":"2017-10-23T07:53:43","guid":{"rendered":"https:\/\/www.pressroom.cloud\/?p=2538"},"modified":"2017-10-23T08:53:43","modified_gmt":"2017-10-23T07:53:43","slug":"ravenna-mosaico-aztechi-fontana-mirko-oltre","status":"publish","type":"post","link":"https:\/\/www.pressroom.cloud\/en\/ravenna-mosaico-aztechi-fontana-mirko-oltre\/","title":{"rendered":"Ravenna in mosaico: Aztechi, Fontana, Mirko e oltre"},"content":{"rendered":"<p style=\"text-align: justify;\">A Ravenna non si pu\u00f2 non sentirsi una \u201ctessera\u201d, parte infinitesimale di un tutto straordinariamente potente nelle sue declinazioni classiche e medievali. Per non lasciarmi stordire dalla bellezza silente di San Vitale, mi sono rifugiata al <a href=\"http:\/\/www.mar.ra.it\/ita\/Home\">Mar<\/a>, il Museo d\u2019arte della citt\u00e0. Pinacoteca con una naturale vocazione conservativa che con il Centro Internazionale di Documentazione sul Mosaico si \u00e8 dotata anche di uno spazio pertinente con il DNA della citt\u00e0, il Mar ha anche una vivace attivit\u00e0 espositiva frutto delle ricerche scientifiche <em>in house<\/em> e spesso capace di proporre mostre di richiamo nazionale. Come quest\u2019ultima, curata da Alfonso Panzetta con Daniele Torcellini, aperta fino al 7 gennaio 2018, <a href=\"http:\/\/www.mar.ra.it\/ita\/Mostra\/Montezuma_-Fontana_-Mirko\">Montezuma, Fontana, Mirko. La scultura in mosaico dalle origini a oggi<\/a>: oltre centotrenta opere che sperimentano, spesso con esiti altissimi, il rapporto tra la scultura e il mosaico.<\/p>\n<div id=\"attachment_2540\" style=\"width: 210px\" class=\"wp-caption alignright\"><img loading=\"lazy\" decoding=\"async\" aria-describedby=\"caption-attachment-2540\" class=\"wp-image-2540 \" src=\"https:\/\/www.pressroom.cloud\/wp-content\/uploads\/1-Lucio-Fontana-Gallo-1948-200x300.jpg\" alt=\"\" width=\"200\" height=\"300\" srcset=\"https:\/\/www.pressroom.cloud\/wp-content\/uploads\/1-Lucio-Fontana-Gallo-1948-200x300.jpg 200w, https:\/\/www.pressroom.cloud\/wp-content\/uploads\/1-Lucio-Fontana-Gallo-1948-681x1024.jpg 681w, https:\/\/www.pressroom.cloud\/wp-content\/uploads\/1-Lucio-Fontana-Gallo-1948-768x1154.jpg 768w, https:\/\/www.pressroom.cloud\/wp-content\/uploads\/1-Lucio-Fontana-Gallo-1948-1022x1536.jpg 1022w, https:\/\/www.pressroom.cloud\/wp-content\/uploads\/1-Lucio-Fontana-Gallo-1948-1363x2048.jpg 1363w, https:\/\/www.pressroom.cloud\/wp-content\/uploads\/1-Lucio-Fontana-Gallo-1948-365x545.jpg 365w, https:\/\/www.pressroom.cloud\/wp-content\/uploads\/1-Lucio-Fontana-Gallo-1948-scaled.jpg 1703w\" sizes=\"auto, (max-width: 200px) 100vw, 200px\" \/><p id=\"caption-attachment-2540\" class=\"wp-caption-text\">Lucio Fontana, Gallo, 1948<\/p><\/div>\n<div id=\"attachment_2541\" style=\"width: 204px\" class=\"wp-caption alignleft\"><img loading=\"lazy\" decoding=\"async\" aria-describedby=\"caption-attachment-2541\" class=\"wp-image-2541 \" src=\"https:\/\/www.pressroom.cloud\/wp-content\/uploads\/2-Mirko-Basaldella-Furore-1944-206x300.jpg\" alt=\"\" width=\"194\" height=\"283\" srcset=\"https:\/\/www.pressroom.cloud\/wp-content\/uploads\/2-Mirko-Basaldella-Furore-1944-206x300.jpg 206w, https:\/\/www.pressroom.cloud\/wp-content\/uploads\/2-Mirko-Basaldella-Furore-1944-704x1024.jpg 704w, https:\/\/www.pressroom.cloud\/wp-content\/uploads\/2-Mirko-Basaldella-Furore-1944-768x1117.jpg 768w, https:\/\/www.pressroom.cloud\/wp-content\/uploads\/2-Mirko-Basaldella-Furore-1944-1056x1536.jpg 1056w, https:\/\/www.pressroom.cloud\/wp-content\/uploads\/2-Mirko-Basaldella-Furore-1944-1408x2048.jpg 1408w, https:\/\/www.pressroom.cloud\/wp-content\/uploads\/2-Mirko-Basaldella-Furore-1944-scaled.jpg 1760w\" sizes=\"auto, (max-width: 194px) 100vw, 194px\" \/><p id=\"caption-attachment-2541\" class=\"wp-caption-text\">Mirko Basaldella, Furore, 1944<\/p><\/div>\n<div id=\"attachment_2543\" style=\"width: 210px\" class=\"wp-caption aligncenter\"><img loading=\"lazy\" decoding=\"async\" aria-describedby=\"caption-attachment-2543\" class=\"wp-image-2543 size-medium\" src=\"https:\/\/www.pressroom.cloud\/wp-content\/uploads\/14-Enrica-Borghi-Venere-2016-200x300.jpg\" alt=\"\" width=\"200\" height=\"300\" srcset=\"https:\/\/www.pressroom.cloud\/wp-content\/uploads\/14-Enrica-Borghi-Venere-2016-200x300.jpg 200w, https:\/\/www.pressroom.cloud\/wp-content\/uploads\/14-Enrica-Borghi-Venere-2016-684x1024.jpg 684w, https:\/\/www.pressroom.cloud\/wp-content\/uploads\/14-Enrica-Borghi-Venere-2016-768x1151.jpg 768w, https:\/\/www.pressroom.cloud\/wp-content\/uploads\/14-Enrica-Borghi-Venere-2016-1025x1536.jpg 1025w, https:\/\/www.pressroom.cloud\/wp-content\/uploads\/14-Enrica-Borghi-Venere-2016-1367x2048.jpg 1367w, https:\/\/www.pressroom.cloud\/wp-content\/uploads\/14-Enrica-Borghi-Venere-2016-365x545.jpg 365w, https:\/\/www.pressroom.cloud\/wp-content\/uploads\/14-Enrica-Borghi-Venere-2016-scaled.jpg 1709w\" sizes=\"auto, (max-width: 200px) 100vw, 200px\" \/><p id=\"caption-attachment-2543\" class=\"wp-caption-text\">Enrica Borghi, Venere, 2016<\/p><\/div>\n<p style=\"text-align: justify;\">L\u2019assunto principale dell\u2019esposizione \u00e8 quello di proporre tutto ci\u00f2 che avvenne dopo il cosiddetto \u201ccorto circuito\u201d, per la prima volta individuato e descritto grazie alla mostra del 2014 \u201cScultura e mosaico\u201d, al Cassero di Montevarchi. Allora il percorso, di una quarantina di opere, era da Fontana a Pietro D\u2019Angelo, in dialogo con l\u2019affascinante scultura mesoamericana. Oggi la panoramica \u00e8 pi\u00f9 estesa, ma l\u2019ispirazione sembra essere la stessa: un\u2019impugnatura antropomorfa di coltello sacrificale, datata prima met\u00e0 del Cinquecento, conservata al Museo delle Civilt\u00e0 di Roma e qui esposta in apertura della mostra. Il rimando \u00e8 agli anni Trenta del Novecento, quando Gino Severini riscopr\u00ec l\u2019uso del mosaico in funzione decorativa e a Roma si tenne una mostra sull\u2019arte dell\u2019antica America Latina. Poi vennero Lucio Fontana e Mirko Basaldella, suggestionati dal mosaico e dall\u2019arte degli aztechi e di altre civilt\u00e0 dell\u2019America Centrale, che avevano entrambi scoperto in momenti e luoghi diversi. Ai precursori Fontana e Mirko (rappresentati in\u00a0 mostra con le notissime opere degli anni Quaranta \u201cIl gallo\u201d e \u201cFurore\u201d) seguirono un momento di disinteresse sostanziale degli artisti nel primo ventennio del dopoguerra e un rinnovato e definitivo interesse creativo negli anni Settanta e Ottanta. Su tutti spiccano i nomi di Zavagno e Licata, sperimentatori di materiali che aprirono definitivamente la strada della nuova scultura mosaicata: e, dopo di loro, di Antonio Trotta, Athos Ongaro e della Transavanguardia di Chia e Paladino, artisti che hanno fatto della scultura mosaicata una scelta non episodica, attirati dai nuovi materiali di origine sintetica che hanno permesso il superamento dei limiti tradizionali delle malte cementizie e reso tecnicamente meno complessa l&#8217;esecuzione musiva sulla tridimensionalit\u00e0.<\/p>\n<p style=\"text-align: justify;\">Con una storia che continua, perch\u00e9 dalla seconda met\u00e0 degli anni Ottanta ad oggi sono tante le opere di scultura in mosaico. Sempre pi\u00f9 praticata, sia come scelta occasionale che come scelta principale, al punto che oggi la scultura mosaicata \u00e8 perfettamente autonoma. E bene fa il Mar ad individuare in questo processo alcuni momenti di visibilit\u00e0 internazionale realizzati a Ravenna, come la tomba di Rudolf\u00a0 Nureyev a Parigi \u2013 inamovibile, ma presente in allestimento mediante una installazione virtuale e multimediale \u2013 ma anche le nuove sensibilit\u00e0 sui concetti di accumulo, assemblaggio parcellizzato e \u201cpoetica dell\u2019oggetto\u201d messi in campo dal Nouveau Realisme francese e poi dalla Nuova Scultura Britannica, per poi proseguire con elementi di spiccata originalit\u00e0 sino alle attuali generazioni, che lo impiegano in modo sempre pi\u00f9 innovativo e inatteso e che sono ben rappresentate in mostra.<\/p>\n<p>&nbsp;<\/p>\n","protected":false},"excerpt":{"rendered":"<p>A Ravenna non si pu\u00f2 non sentirsi una \u201ctessera\u201d, parte infinitesimale di un tutto straordinariamente potente nelle sue declinazioni classiche e medievali. Per non lasciarmi stordire dalla bellezza silente di San Vitale, mi sono rifugiata al Mar, il Museo d\u2019arte della citt\u00e0. Pinacoteca con una&#8230;<\/p>\n","protected":false},"author":8,"featured_media":2539,"comment_status":"open","ping_status":"open","sticky":false,"template":"","format":"standard","meta":{"footnotes":""},"categories":[67,69,1],"tags":[597,598,601,494,602,600,599,361],"class_list":["post-2538","post","type-post","status-publish","format-standard","has-post-thumbnail","hentry","category-arte","category-cultura","category-magazine-en","tag-alfonso-panzetta","tag-daniele-torcellini","tag-lucio-fontana","tag-mar","tag-mirko-basaldella","tag-montezuma","tag-mosaico","tag-ravenna"],"_links":{"self":[{"href":"https:\/\/www.pressroom.cloud\/en\/wp-json\/wp\/v2\/posts\/2538","targetHints":{"allow":["GET"]}}],"collection":[{"href":"https:\/\/www.pressroom.cloud\/en\/wp-json\/wp\/v2\/posts"}],"about":[{"href":"https:\/\/www.pressroom.cloud\/en\/wp-json\/wp\/v2\/types\/post"}],"author":[{"embeddable":true,"href":"https:\/\/www.pressroom.cloud\/en\/wp-json\/wp\/v2\/users\/8"}],"replies":[{"embeddable":true,"href":"https:\/\/www.pressroom.cloud\/en\/wp-json\/wp\/v2\/comments?post=2538"}],"version-history":[{"count":0,"href":"https:\/\/www.pressroom.cloud\/en\/wp-json\/wp\/v2\/posts\/2538\/revisions"}],"wp:featuredmedia":[{"embeddable":true,"href":"https:\/\/www.pressroom.cloud\/en\/wp-json\/wp\/v2\/media\/2539"}],"wp:attachment":[{"href":"https:\/\/www.pressroom.cloud\/en\/wp-json\/wp\/v2\/media?parent=2538"}],"wp:term":[{"taxonomy":"category","embeddable":true,"href":"https:\/\/www.pressroom.cloud\/en\/wp-json\/wp\/v2\/categories?post=2538"},{"taxonomy":"post_tag","embeddable":true,"href":"https:\/\/www.pressroom.cloud\/en\/wp-json\/wp\/v2\/tags?post=2538"}],"curies":[{"name":"wp","href":"https:\/\/api.w.org\/{rel}","templated":true}]}}