{"id":4279,"date":"2020-09-24T21:26:17","date_gmt":"2020-09-24T20:26:17","guid":{"rendered":"https:\/\/www.pressroom.cloud\/?p=4279"},"modified":"2020-09-24T21:31:20","modified_gmt":"2020-09-24T20:31:20","slug":"ciammarughi-non-si-puo-vivere-senza-musica","status":"publish","type":"post","link":"https:\/\/www.pressroom.cloud\/en\/ciammarughi-non-si-puo-vivere-senza-musica\/","title":{"rendered":"Ciammarughi, non si pu\u00f2 vivere senza musica"},"content":{"rendered":"<p style=\"text-align: justify;\">Acuto, eppure sensibilissimo. Luca Ciammarughi \u00e8 un meraviglioso pianista, un intellettuale libero e un raffinato curiosone. Concertista, conduttore radiofonico su Radio Classica, autore di saggi ha pubblicato \u201cGli indispensabili: 30 capolavori per pianoforte da ascoltare almeno una volta nella vita\u201d (Ponte alle Grazie). L\u2019eclettico artista racconta \u00abSuono in pubblico con continuit\u00e0 da pi\u00f9 di 20 anni: ci\u00f2 richiede studio costante, ma non mi ritengo un \u201cpianista puro\u201d. Suonare \u00e8 la cosa che amo maggiormente: suonando esprimo la mia anima\u00bb.<\/p>\n<p style=\"text-align: justify;\"><strong>Bambino come si sarebbe immaginato da grande?<\/strong><\/p>\n<p style=\"text-align: justify;\">\u00abEro un bimbo sereno e nostalgico, con la tendenza a guardare al passato pi\u00f9 che al futuro. Non sognavo una professione precisa, ma adoravo leggere, scrivere. La musica \u00e8 venuta dopo, anche se sentivo qualcosa che \u201ccantava dentro me\u201d: melodie interiori che creavo senza esternarle\u00bb.<\/p>\n<p style=\"text-align: justify;\"><strong>E poi cos\u2019\u00e8 successo?<\/strong><\/p>\n<p style=\"text-align: justify;\">\u00abFino ai 25 anni sono stato incerto fra la strada letteraria e quella musicale. Poi l\u2019imprevisto: ho iniziato a fare radio. L\u2019essere ogni giorno in diretta ha spezzato la timidezza che m\u2019inibiva anche nella vita, ho iniziato a esternare ci\u00f2 che avevo tenuto a lungo nascosto e a vivere pi\u00f9 nel presente\u00bb.<\/p>\n<p style=\"text-align: justify;\"><strong>Quando ha capito che sarebbe stato un pianista?<\/strong><\/p>\n<p style=\"text-align: justify;\">\u00abDopo il diploma di pianoforte, il mio maestro Paolo Bordoni, sempre esigentissimo, mi disse \u201cchapeau\u201d per l\u2019esecuzione della \u201cSesta Partita\u201d di Bach: ho sentito che dovevo continuare. Le reazioni positive della critica al mio primo cd, in cui temerariamente avevo inciso la \u201cSonata D 960\u201d di Schubert, mi hanno molto rassicurato. \u00bb.<\/p>\n<p style=\"text-align: justify;\"><strong>Ripensamenti?<\/strong><\/p>\n<p style=\"text-align: justify;\">\u00abNo. Ma vorrei dedicare maggior tempo alla scrittura, e pi\u00f9 avanti affrontare la narrativa, oltre alla saggistica\u00bb.<\/p>\n<p style=\"text-align: justify;\"><strong>Come ha selezionato i brani suggeriti ne \u201cGli indispensabili\u201d?<\/strong><\/p>\n<p style=\"text-align: justify;\">\u00abIn parte istintivamente, ma soprattutto per il loro ruolo nella storia del pensiero e della societ\u00e0\u00bb.<\/p>\n<p style=\"text-align: justify;\"><strong>Davvero, secondo lei, non si pu\u00f2 vivere senza musica classica?<\/strong><\/p>\n<p style=\"text-align: justify;\">\u00abSenza musica in generale. Mi affascina il mondo degli aborigeni australiani raccontato da Chatwin nelle \u201cVie dei canti\u201d: per loro, le cose &#8211; quell\u2019albero, quella roccia &#8211; non sono definite da una parola ma da una melodia. Il canto crea il mondo. La nostra societ\u00e0 relega la dimensione musicale a \u201cpiacevole accessorio\u201d; anche se siamo circondati da musica, rischiamo di perdere la sensibilit\u00e0 uditiva in favore di quella visiva. L\u2019eccesso di musica causa un\u2019assuefazione dannosa. Non sopporto le colonne sonore pervasive. Malle in \u201cAu revoir les enfants\u201d, inserisce pochi minuti musicali che diventano lancinanti per la connessione con la fotografia e l\u2019azione, li ascolti e non li dimentichi pi\u00f9: \u00e8 il secondo dei \u201cMoments musicaux\u201d di Schubert\u00bb.<\/p>\n<p style=\"text-align: justify;\"><strong>Perch\u00e9 la classica in Italia \u00e8 poco ascoltata?<\/strong><\/p>\n<p style=\"text-align: justify;\">\u00abPer ragioni culturali. Toscanini raccomand\u00f2 al giovane Gian Carlo Menotti di andare a studiare in America perch\u00e9 da noi c\u2019era troppo provincialismo (e si parlava di Milano!). L\u2019Italia ha sempre brillato per individualit\u00e0, per l\u2019abbondanza d\u2019artisti e organizzatori geniali, eppure a livello popolare, a parte la lirica, la classica non ha mai avuto successo. Sicuramente un certo culto del divertimento facile e immediato, trionfante negli anni Ottanta, ha peggiorato la situazione. La musica classica richiede introspezione e lunghi tempi di \u201cassimilazione\u201d interiore\u00bb.<\/p>\n<p style=\"text-align: justify;\"><strong>Quanto l\u2019essere scrittore d\u00e0 all\u2019interpretazione e viceversa?<\/strong><\/p>\n<p style=\"text-align: justify;\">\u00abD\u00e0 e toglie. Per scrivere saggi bisogna studiare, documentarsi, imparare cose nuove: questo \u00e8 linfa anche per l\u2019esecutore. Talvolta, per\u00f2, riflettere troppo sull\u2019interpretazione pu\u00f2 far perdere freschezza. Al pianoforte non voglio dimostrare di aver ragione o convalidare una teoria estetica. Amo la fisicit\u00e0 del suonare: per me \u00e8 una specie di atto erotico, con una componente irrimediabilmente irrazionale\u00bb.<\/p>\n<p style=\"text-align: justify;\"><strong>Se potesse esibirsi davanti a un pianista del passato da chi vorrebbe essere ascoltato?<\/strong><\/p>\n<p style=\"text-align: justify;\">\u00abDino Ciani, per la sua apertura mentale e umanit\u00e0\u00bb.<\/p>\n<p style=\"text-align: justify;\"><strong>Il prossimo progetto?<\/strong><\/p>\n<p style=\"text-align: justify;\">\u00ab\u201cPianoSofia\u201d, festival di musica e pensiero di cui sono direttore artistico con Silvia Lomazzi, (nda alla Casa degli Artisti di Milano 2-11 ottobre 2020). Inaugura il grande pianista francese Jean-Marc Luisada; ci saranno anche importanti filosofi, come Carlo Sini. La musica, oltre a essere un piacere sensibile, \u00e8 legata al nostro modo di pensare e \u201csognare\u201d una diversa societ\u00e0\u00bb.<\/p>\n<p>&nbsp;<\/p>\n<p style=\"text-align: justify;\"><strong>Chi \u00e8<\/strong>. Ha studiato pianoforte presso il Conservatorio Verdi di Milano, diplomandosi con il massimo dei voti e la lode nella classe di Paolo Bordoni e ottenendo poi, con menzione d\u2019onore, il diploma accademico in musica vocale da camera nella classe di Stelia Doz. Come pianista concertista ha suonato per il Festival dei Due Mondi di Spoleto, Mito Settembre Musica, Taormina Arte, La Verdi, Mantova Chamber Music Festival, Societ\u00e0 dei Concerti di Milano, Spoleto Festival USA di Charleston, Festival Guadalquivir in Spagna, European Union Youth Orchestra, Salle Cortot di Parigi, Piano City Milano e molte altre istituzioni. Le sue incisioni delle Sonate D 894 e D 960 di Schubert hanno ricevuto il plauso unanime della critica. \u00c8 stato pi\u00f9 volte ospite a Radio Tre Rai, eseguendo in diretta un ampio repertorio, da Rameau fino a Reynaldo Hahn. Da dieci anni \u00e8 quotidianamente in onda su Radio Classica: la sua trasmissione \u201cIl pianista\u201d \u00e8 divenuta un riferimento nel panorama divulgativo italiano. Collaboratore della rivista Musica, \u00e8 inoltre direttore editoriale del network ClassicaViva. Ha scritto trenta voci per la Guida alla musica da concerto di Zecchini Editore e ha pubblicato per LIM di Lucca il volume monografico Le ultime sonate di Schubert \u2013 Contesto Testo Interpretazione, oltre a saggi sulla liederistica di Schumann e le m\u00e9lodies di Poulenc e Debussy. Ha composto le musiche per i cortometraggi Elsa\u2019s kitchen e Anna e Marcel, proiettati al Centre Pompidou di Parigi.<\/p>\n<p style=\"text-align: justify;\"><span style=\"font-size: 8pt;\">Grazia Lissi, fotografa e giornalista, inizia a lavorare a Parigi, effettuando reportage e ritratti di personaggi, attori, scrittori, artisti. Sue le foto del libro Diario di bordo di Vasco Rossi (Mondadori). Ha realizzato la mostra fotografica e il volume L\u2019ora della luce. La preghiera dei monaci (Ancora). Con il biblista Bruno Maggioni ha pubblicato il libro Solo il necessario. Per Longanesi ha pubblicato Il coraggio di restare. Storie di imprenditori italiani che ancora scommettono sul nostro Paese, vincitore premio Circolo dei Lettori al Premio Biella Letteratura Industria 2016. Collabora con diversi periodici e con Qn-Il Giorno, Treccani Atlante, ilsole24ore.com. \u00c8 nata a Como dove vive.<\/span><\/p>\n<p>&nbsp;<\/p>\n<p>In copertina: Luca Ciammarughi (foto di Grazia Lissi)<\/p>\n<p>&nbsp;<\/p>\n","protected":false},"excerpt":{"rendered":"<p>Acuto, eppure sensibilissimo. Luca Ciammarughi \u00e8 un meraviglioso pianista, un intellettuale libero e un raffinato curiosone. Concertista, conduttore radiofonico su Radio Classica, autore di saggi ha pubblicato \u201cGli indispensabili: 30 capolavori per pianoforte da ascoltare almeno una volta nella vita\u201d (Ponte alle Grazie). L\u2019eclettico artista&#8230;<\/p>\n","protected":false},"author":22,"featured_media":4280,"comment_status":"open","ping_status":"open","sticky":false,"template":"","format":"standard","meta":{"footnotes":""},"categories":[69,1,70],"tags":[1160,1159,1161,1162],"class_list":["post-4279","post","type-post","status-publish","format-standard","has-post-thumbnail","hentry","category-cultura","category-magazine-en","category-musica","tag-classicaviva","tag-luca-ciammarughi","tag-pianosofia","tag-radio-classica"],"_links":{"self":[{"href":"https:\/\/www.pressroom.cloud\/en\/wp-json\/wp\/v2\/posts\/4279","targetHints":{"allow":["GET"]}}],"collection":[{"href":"https:\/\/www.pressroom.cloud\/en\/wp-json\/wp\/v2\/posts"}],"about":[{"href":"https:\/\/www.pressroom.cloud\/en\/wp-json\/wp\/v2\/types\/post"}],"author":[{"embeddable":true,"href":"https:\/\/www.pressroom.cloud\/en\/wp-json\/wp\/v2\/users\/22"}],"replies":[{"embeddable":true,"href":"https:\/\/www.pressroom.cloud\/en\/wp-json\/wp\/v2\/comments?post=4279"}],"version-history":[{"count":0,"href":"https:\/\/www.pressroom.cloud\/en\/wp-json\/wp\/v2\/posts\/4279\/revisions"}],"wp:featuredmedia":[{"embeddable":true,"href":"https:\/\/www.pressroom.cloud\/en\/wp-json\/wp\/v2\/media\/4280"}],"wp:attachment":[{"href":"https:\/\/www.pressroom.cloud\/en\/wp-json\/wp\/v2\/media?parent=4279"}],"wp:term":[{"taxonomy":"category","embeddable":true,"href":"https:\/\/www.pressroom.cloud\/en\/wp-json\/wp\/v2\/categories?post=4279"},{"taxonomy":"post_tag","embeddable":true,"href":"https:\/\/www.pressroom.cloud\/en\/wp-json\/wp\/v2\/tags?post=4279"}],"curies":[{"name":"wp","href":"https:\/\/api.w.org\/{rel}","templated":true}]}}