{"id":4629,"date":"2021-02-27T11:07:01","date_gmt":"2021-02-27T10:07:01","guid":{"rendered":"https:\/\/www.pressroom.cloud\/?p=4629"},"modified":"2021-02-27T11:12:20","modified_gmt":"2021-02-27T10:12:20","slug":"ferrovia-delle-meraviglie-e-luogo-del-cuore-fai-2021","status":"publish","type":"post","link":"https:\/\/www.pressroom.cloud\/en\/ferrovia-delle-meraviglie-e-luogo-del-cuore-fai-2021\/","title":{"rendered":"Ferrovia delle Meraviglie \u00e8 luogo del cuore FAI 2021"},"content":{"rendered":"<p style=\"text-align: justify;\">COMPLESSA E POLIEDRICA, LA FERROVIA DELLE MERAVIGLIE \u2013 LA CUNEO-NIZZA\/VENTIMIGLIA \u2012 MESCOLA POLITICA INTERNAZIONALE E INGEGNERIA IN UN QUADRO PITTORESCO, CHE UNISCE LE ALPI INNEVATE ALL\u2019AZZURRO DELLA RIVIERA. E PROPRIO IERI 25 FEBBRAIO \u00c8 ARRIVATA PRIMA NELLA DECIMA EDIZIONE DEI \u201cLUOGHI DEL CUORE\u201d, CENSIMENTO PROMOSSO DAL FAI \u2013 FONDO AMBIENTE ITALIANO.<\/p>\n<div id=\"attachment_4630\" style=\"width: 405px\" class=\"wp-caption alignleft\"><img loading=\"lazy\" decoding=\"async\" aria-describedby=\"caption-attachment-4630\" class=\"wp-image-4630\" src=\"https:\/\/www.pressroom.cloud\/wp-content\/uploads\/Il-viadotto-di-Tende-costruito-nel-1915.-Photo-\u00a9-Federico-Santagati-300x200.jpg\" alt=\"\" width=\"395\" height=\"263\" srcset=\"https:\/\/www.pressroom.cloud\/wp-content\/uploads\/Il-viadotto-di-Tende-costruito-nel-1915.-Photo-\u00a9-Federico-Santagati-300x200.jpg 300w, https:\/\/www.pressroom.cloud\/wp-content\/uploads\/Il-viadotto-di-Tende-costruito-nel-1915.-Photo-\u00a9-Federico-Santagati-1024x683.jpg 1024w, https:\/\/www.pressroom.cloud\/wp-content\/uploads\/Il-viadotto-di-Tende-costruito-nel-1915.-Photo-\u00a9-Federico-Santagati-768x512.jpg 768w, https:\/\/www.pressroom.cloud\/wp-content\/uploads\/Il-viadotto-di-Tende-costruito-nel-1915.-Photo-\u00a9-Federico-Santagati-822x545.jpg 822w, https:\/\/www.pressroom.cloud\/wp-content\/uploads\/Il-viadotto-di-Tende-costruito-nel-1915.-Photo-\u00a9-Federico-Santagati-900x600.jpg 900w, https:\/\/www.pressroom.cloud\/wp-content\/uploads\/Il-viadotto-di-Tende-costruito-nel-1915.-Photo-\u00a9-Federico-Santagati.jpg 1300w\" sizes=\"auto, (max-width: 395px) 100vw, 395px\" \/><p id=\"caption-attachment-4630\" class=\"wp-caption-text\">Il viadotto di Tende costruito nel 1915 <br \/>\u00a9 Federico Santagati<\/p><\/div>\n<p style=\"text-align: justify;\">Inserita nel 2016 tra le pi\u00f9 belle ferrovie al mondo dalla rivista tedesca <a href=\"https:\/\/www.hoerzu.de\/\"><em>H\u00f6rzu<\/em><\/a>, la Cuneo-Nizza\/Ventimiglia trae la propria spettacolarit\u00e0 dalle sue opere ingegneristiche e dal paesaggio che attraversa. Le impervie Valli Vermenagna e Roya, dove \u201c<em>altissime rupi e burroni cavernosi<\/em>\u201d avevano affascinato Foscolo un secolo prima, richiesero lo sviluppo di un ardito tracciato e la costruzione di grandiose opere d\u2019ingegneria. Oltre ottanta viadotti e gallerie \u2013 elicoidali e a ferro di cavallo \u2013 compensano l\u2019acclivit\u00e0 del percorso che dai 500 metri sul livello del mare di Cuneo sale ai 1000 del Tunnel di Tenda, per poi ridiscendere velocemente verso le localit\u00e0 balneari di Nizza e Ventimiglia. La curiosit\u00e0 suscitata dal censimento <a href=\"https:\/\/www.fondoambiente.it\/luoghi\/cuneo-ventimiglia-nizza-la-ferrovia-delle-meraviglie?ldc\">I Luoghi del Cuore del FAI<\/a> \u00e8 l\u2019occasione per riscoprire questa ferrovia che, a cavallo di due secoli, ha intrecciato la sua storia all\u2019Unit\u00e0 d\u2019Italia e a due conflitti mondiali.<\/p>\n<p style=\"text-align: justify;\"><strong>LA STORIA DELLA FERROVIA DELLE MERAVIGLIE<\/strong><\/p>\n<p style=\"text-align: justify;\">A partire da met\u00e0 Ottocento vengono elaborati numerosi progetti, rimasti senza esito, per una ferrovia tra Cuneo e Nizza, allora compresa nei domini di casa Savoia. Si valutano diverse proposte che prevedono di attraversare le Valli Gesso e Vesubia oppure Vermenagna e Roya con ipotetici trafori sotto i colli del Ciriegia o del Tenda. Nel 1860 la cessione di Nizza e di parte della val Roya alla Francia mette la questione in secondo piano ma, ciononostante, le pressioni sia da Cuneo che da Nizza restano forti. Nel 1879 si propone una linea completamente italiana tra Cuneo e Ventimiglia, ma il passaggio sul suolo francese rimaneva la soluzione pi\u00f9 diretta ed economica. In attesa di raggiungere un accordo con la Francia, nel 1883 iniziano quindi i lavori per il tratto fino a Tenda. L\u2019ingresso del Regno d\u2019Italia nella Triplice Alleanza, per\u00f2, porta la\u00a0<em>R\u00e9publique\u00a0<\/em>ad abbandonare ogni iniziativa di collegamento internazionale. Tuttavia l\u2019Italia avanza progressivamente verso la frontiera: dopo Robilante (1887), Vernante (1889) e Limone Piemonte (1900), il treno raggiunge infine Vievola dopo 8 chilometri di roccia scavata. La ferrovia era arrivata in Val Roya, ma qui arrestava la sua corsa. Nonostante la riluttanza francese, l\u2019accordo \u00e8 infine raggiunto nel 1904. Secondo un nuovo tracciato biforcuto, a Breil il ramo francese si sarebbe staccato in direzione Nizza, mentre il ramo italiano avrebbe proseguito verso Ventimiglia.<br \/>\nIl termine dei lavori viene fissato per il 1914, ma le notevoli difficolt\u00e0 tecniche e lo scoppio del primo conflitto mondiale rallentano le operazioni. L\u2019Italia avvia per prima i lavori: in alta valle la stazione di confine, San Dalmazzo di Tenda, \u00e8 raggiunta nel 1915 e contemporaneamente a fondovalle \u00e8 inaugurato il tratto tra Ventimiglia e Airole. Sul fronte francese i lavori sono diretti dall\u2019ingegnere Paul S\u00e9journ\u00e9, affermato costruttore di ponti ad arco e geniale autore dei quattro celebri viadotti di Scarassoui (1922), di Saorge (1922), del Ca\u00ef (1927) e dell\u2019Erbossiera (1928). Il 30 ottobre 1928, la ferrovia che aveva vinto le Alpi veniva ufficialmente inaugurata.<\/p>\n<div id=\"attachment_4636\" style=\"width: 433px\" class=\"wp-caption alignright\"><img loading=\"lazy\" decoding=\"async\" aria-describedby=\"caption-attachment-4636\" class=\"wp-image-4636\" src=\"https:\/\/www.pressroom.cloud\/wp-content\/uploads\/Il-viadotto-Rivoira-a-Vernante-costruito-nel-1891.-Photo-\u00a9-Federico-Santagati-300x200.jpg\" alt=\"\" width=\"423\" height=\"282\" srcset=\"https:\/\/www.pressroom.cloud\/wp-content\/uploads\/Il-viadotto-Rivoira-a-Vernante-costruito-nel-1891.-Photo-\u00a9-Federico-Santagati-300x200.jpg 300w, https:\/\/www.pressroom.cloud\/wp-content\/uploads\/Il-viadotto-Rivoira-a-Vernante-costruito-nel-1891.-Photo-\u00a9-Federico-Santagati-1024x683.jpg 1024w, https:\/\/www.pressroom.cloud\/wp-content\/uploads\/Il-viadotto-Rivoira-a-Vernante-costruito-nel-1891.-Photo-\u00a9-Federico-Santagati-768x512.jpg 768w, https:\/\/www.pressroom.cloud\/wp-content\/uploads\/Il-viadotto-Rivoira-a-Vernante-costruito-nel-1891.-Photo-\u00a9-Federico-Santagati-900x600.jpg 900w, https:\/\/www.pressroom.cloud\/wp-content\/uploads\/Il-viadotto-Rivoira-a-Vernante-costruito-nel-1891.-Photo-\u00a9-Federico-Santagati.jpg 1300w\" sizes=\"auto, (max-width: 423px) 100vw, 423px\" \/><p id=\"caption-attachment-4636\" class=\"wp-caption-text\">Il viadotto Rivoira a Vernante costruito nel 1891 \u00a9 Federico Santagati<\/p><\/div>\n<p style=\"text-align: justify;\"><strong>UNA LENTA RICOSTRUZIONE DOPO LA SECONDA GUERRA MONDIALE<\/strong><\/p>\n<p style=\"text-align: justify;\">La linea rimane in servizio per poco pi\u00f9 di 12 anni: dopo quasi un secolo per vederla realizzata, la Cuneo-Nizza doveva gi\u00e0 essere ricostruita. Infatti, potendo fornire un vantaggio militare, la linea viene devastata a pi\u00f9 riprese nel corso della Seconda Guerra Mondiale. Nell\u2019immediato dopoguerra, sono ripristinate le tratte di competenza nazionale: l\u2019Italia ripara la linea tra Cuneo e Limone nel 1946, mentre la Francia riattiva il servizio da Nizza a Breil l\u2019anno successivo. Il servizio restava invece interrotto tra Limone e Ventimiglia, anche a causa della ridefinizione dei confini in valle Roya (1947).\u00a0<strong>Da entrambe le parti si esitava a ricostruire una linea comune definita poco redditizia, onerosa e dal limitato interesse turistico-commerciale<\/strong>. La questione era complicata dal disaccordo sugli oneri di gestione nel tratto Vi\u00e9vola-Breil, imputati all\u2019Italia in quanto detentrice delle teste di tratta. \u00c8 soltanto nel 1970, con la firma della convenzione franco-italiana, che inizia la ricostruzione. In meno di dieci anni vengono ripristinati i viadotti distrutti, a volte riprendendo i disegni originali, e altre impiegando forme nuove, come nel caso dei ponti a cavalletto di Saorge e di Scarassoui. Nell\u2019ottobre 1979 la linea torna finalmente operativa.<\/p>\n<p style=\"text-align: justify;\"><strong>UN TERRITORIO DA RISCOPRIRE E VALORIZZARE<\/strong><\/p>\n<p style=\"text-align: justify;\">Questa ferrovia percorre e d\u00e0 accesso a un museo a cielo aperto che racchiude 6mila anni di storia dell\u2019arte: dalla Valle delle Meraviglie, sito archeologico con oltre 40mila incisioni rupestri, al ciclo di affreschi quattrocenteschi di Notre Dame des Fontaines che le valgono il titolo di \u201cCappella Sistina delle Alpi\u201d, per finire con i murales di Pinocchio che colorano la cittadina di Vernante, tributo al celebre illustratore Attilio Mussino. E, ancora, all\u2019abbazia romanica di Borgo San Dalmazzo, ai borghi medievali arroccati in cui si celano capolavori del Barocco fino a giungere all\u2019architettura militare dei forti alpini ottocenteschi. La ferrovia ci offre un tour anche nella storia della cultura del viaggio e del tempo libero, collegando la stazione sciistica di Limone alle spiagge della Costa Azzurra attraverso i percorsi naturalistici dei parchi del Mercantour e delle Alpi Marittime, mete di trekking, cicloturismo e mototurismo.<\/p>\n<p style=\"text-align: justify;\"><strong>INFRASTRUTTURE FRAGILI E DA TUTELARE<\/strong><\/p>\n<p style=\"text-align: justify;\"><strong>Tutto ci\u00f2 \u00e8 collegato da una ferrovia che \u00e8 per\u00f2 un patrimonio fragile e a costante rischio soppressione<\/strong>. Per quei rami cui \u00e8 toccato gi\u00e0 l\u2019infausto destino, Fondazione FS Italiane ha promosso \u201c<a href=\"https:\/\/www.artribune.com\/turismo\/2018\/02\/vecchie-linee-ferroviarie-e-borghi-le-iniziative-italiane-che-promuovono-il-viaggio-in-treno\/\" target=\"_blank\" rel=\"noopener\">Binari senza tempo<\/a>\u201d, un tentativo di rivitalizzazione che favorisce l\u2019idea di un turismo lento e sostenibile e la creazione di una sorta di museo diffuso nell\u2019itinerario che attraversano. Potrebbe esserci il turismo ferroviario nel futuro della Cuneo-Nizza\/Ventimiglia? Anche. Ci si augura per\u00f2 che non sia la soppressione a decretarne il rilancio. Ci\u00f2 che \u00e8 certo \u00e8 che questa \u201cinfrastruttura paesaggistica\u201d ha un potenziale elevatissimo e tutti i presupposti per una valorizzazione integrata e sinergica che non si limiti a una pura rievocazione nostalgica.<\/p>\n<p style=\"text-align: justify;\"><strong>Betsabea Bussi e Giulia Viale<\/strong><\/p>\n<p style=\"text-align: justify;\">Da <a href=\"https:\/\/www.artribune.com\/turismo\/2021\/02\/ferrovia-meraviglie-italia-francia\/?utm_source=Newsletter%20Artribune&amp;utm_campaign=7d5fd22534-&amp;utm_medium=email&amp;utm_term=0_dc515150dd-7d5fd22534-154127905&amp;ct=t%28%29&amp;goal=0_dc515150dd-7d5fd22534-154127905\">Artribune\u00a0<\/a><\/p>\n\n\t\t<style type=\"text\/css\">\n\t\t\t#gallery-1 {\n\t\t\t\tmargin: auto;\n\t\t\t}\n\t\t\t#gallery-1 .gallery-item {\n\t\t\t\tfloat: left;\n\t\t\t\tmargin-top: 10px;\n\t\t\t\ttext-align: center;\n\t\t\t\twidth: 33%;\n\t\t\t}\n\t\t\t#gallery-1 img {\n\t\t\t\tborder: 2px solid #cfcfcf;\n\t\t\t}\n\t\t\t#gallery-1 .gallery-caption {\n\t\t\t\tmargin-left: 0;\n\t\t\t}\n\t\t\t\/* see gallery_shortcode() in wp-includes\/media.php *\/\n\t\t<\/style>\n\t\t<div id='gallery-1' class='gallery galleryid-4629 gallery-columns-3 gallery-size-thumbnail'><dl class='gallery-item'>\n\t\t\t<dt class='gallery-icon landscape'>\n\t\t\t\t<a href='https:\/\/www.pressroom.cloud\/en\/borgo-san-dalmazzo-photo-federico-santagati-2\/'>Borgo San Dalmazzo.  \u00a9 Federico Santagati<\/a>\n\t\t\t<\/dt><\/dl><dl class='gallery-item'>\n\t\t\t<dt class='gallery-icon landscape'>\n\t\t\t\t<a href='https:\/\/www.pressroom.cloud\/en\/cappella-di-fine-ottocento-a-robilante-photo-giovanni-garino-2\/'>Cappella di fine Ottocento a Robilante. \u00a9 Giovanni Garino<\/a>\n\t\t\t<\/dt><\/dl><dl class='gallery-item'>\n\t\t\t<dt class='gallery-icon landscape'>\n\t\t\t\t<a href='https:\/\/www.pressroom.cloud\/en\/il-ponte-di-scarassoui-ricostruito-negli-anni-settanta-photo-federico-santagati-2\/'>Il ponte di Scarassoui ricostruito negli anni Settanta. \u00a9 Federico Santagati<\/a>\n\t\t\t<\/dt><\/dl><br style=\"clear: both\" \/><dl class='gallery-item'>\n\t\t\t<dt class='gallery-icon portrait'>\n\t\t\t\t<a href='https:\/\/www.pressroom.cloud\/en\/interno-del-santuario-di-notre-dame-des-fontaines-a-briga-marittima-1492-photo-marina-rosenthal-pereira-lima-2\/'>Interno del Santuario di Notre Dame des Fontaines a Briga Marittima, 1492.  \u00a9 Marina Rosenthal Pereira Lima<\/a>\n\t\t\t<\/dt><\/dl><dl class='gallery-item'>\n\t\t\t<dt class='gallery-icon landscape'>\n\t\t\t\t<a href='https:\/\/www.pressroom.cloud\/en\/murale-di-pinocchio-a-vernante-photo-vitamaria-nuzzi-2\/'>Murale di Pinocchio a Vernante. \u00a9 Vitamaria Nuzzi<\/a>\n\t\t\t<\/dt><\/dl><dl class='gallery-item'>\n\t\t\t<dt class='gallery-icon landscape'>\n\t\t\t\t<a href='https:\/\/www.pressroom.cloud\/en\/veduta-di-tenda-photo-avi-sheldon-2\/'>Veduta di Tenda. \u00a9 Avi Sheldon<\/a>\n\t\t\t<\/dt><\/dl><br style=\"clear: both\" \/><dl class='gallery-item'>\n\t\t\t<dt class='gallery-icon landscape'>\n\t\t\t\t<a href='https:\/\/www.pressroom.cloud\/en\/veduta-della-citta-di-tende-photo-federico-santagati-2\/'>Veduta della citta di Tende. \u00a9 Federico Santagati<\/a>\n\t\t\t<\/dt><\/dl><dl class='gallery-item'>\n\t\t\t<dt class='gallery-icon landscape'>\n\t\t\t\t<a href='https:\/\/www.pressroom.cloud\/en\/veduta-del-forte-centrale-sul-colle-di-tenda-photo-lorenzo-trova-2\/'>Veduta del Forte Centrale sul Colle di Tenda. \u00a9 Lorenzo-Trova<\/a>\n\t\t\t<\/dt><\/dl><dl class='gallery-item'>\n\t\t\t<dt class='gallery-icon landscape'>\n\t\t\t\t<a href='https:\/\/www.pressroom.cloud\/en\/il-ponte-di-saorge-ricostruito-negli-anni-settanta-photo-federico-santagati-2\/'>Il ponte di Saorge ricostruito negli anni Settanta. \u00a9 Federico Santagati<\/a>\n\t\t\t<\/dt><\/dl><br style=\"clear: both\" \/>\n\t\t<\/div>\n\n","protected":false},"excerpt":{"rendered":"<p>COMPLESSA E POLIEDRICA, LA FERROVIA DELLE MERAVIGLIE \u2013 LA CUNEO-NIZZA\/VENTIMIGLIA \u2012 MESCOLA POLITICA INTERNAZIONALE E INGEGNERIA IN UN QUADRO PITTORESCO, CHE UNISCE LE ALPI INNEVATE ALL\u2019AZZURRO DELLA RIVIERA. E PROPRIO IERI 25 FEBBRAIO \u00c8 ARRIVATA PRIMA NELLA DECIMA EDIZIONE DEI \u201cLUOGHI DEL CUORE\u201d, CENSIMENTO PROMOSSO&#8230;<\/p>\n","protected":false},"author":3,"featured_media":4634,"comment_status":"open","ping_status":"open","sticky":false,"template":"","format":"standard","meta":{"footnotes":""},"categories":[69,68,1],"tags":[891,1199,1197,1192,1198],"class_list":["post-4629","post","type-post","status-publish","format-standard","has-post-thumbnail","hentry","category-cultura","category-lifestyle","category-magazine-en","tag-fai","tag-ferrovia","tag-ferrovia-delle-meraviglie","tag-italia","tag-luoghi-del-cuore"],"_links":{"self":[{"href":"https:\/\/www.pressroom.cloud\/en\/wp-json\/wp\/v2\/posts\/4629","targetHints":{"allow":["GET"]}}],"collection":[{"href":"https:\/\/www.pressroom.cloud\/en\/wp-json\/wp\/v2\/posts"}],"about":[{"href":"https:\/\/www.pressroom.cloud\/en\/wp-json\/wp\/v2\/types\/post"}],"author":[{"embeddable":true,"href":"https:\/\/www.pressroom.cloud\/en\/wp-json\/wp\/v2\/users\/3"}],"replies":[{"embeddable":true,"href":"https:\/\/www.pressroom.cloud\/en\/wp-json\/wp\/v2\/comments?post=4629"}],"version-history":[{"count":0,"href":"https:\/\/www.pressroom.cloud\/en\/wp-json\/wp\/v2\/posts\/4629\/revisions"}],"wp:featuredmedia":[{"embeddable":true,"href":"https:\/\/www.pressroom.cloud\/en\/wp-json\/wp\/v2\/media\/4634"}],"wp:attachment":[{"href":"https:\/\/www.pressroom.cloud\/en\/wp-json\/wp\/v2\/media?parent=4629"}],"wp:term":[{"taxonomy":"category","embeddable":true,"href":"https:\/\/www.pressroom.cloud\/en\/wp-json\/wp\/v2\/categories?post=4629"},{"taxonomy":"post_tag","embeddable":true,"href":"https:\/\/www.pressroom.cloud\/en\/wp-json\/wp\/v2\/tags?post=4629"}],"curies":[{"name":"wp","href":"https:\/\/api.w.org\/{rel}","templated":true}]}}