{"id":4675,"date":"2021-03-04T08:58:30","date_gmt":"2021-03-04T07:58:30","guid":{"rendered":"https:\/\/www.pressroom.cloud\/?p=4675"},"modified":"2021-03-04T09:01:17","modified_gmt":"2021-03-04T08:01:17","slug":"non-usiamo-l80-degli-abiti-che-compriamo","status":"publish","type":"post","link":"https:\/\/www.pressroom.cloud\/en\/non-usiamo-l80-degli-abiti-che-compriamo\/","title":{"rendered":"Non usiamo l&#8217;80% degli abiti che compriamo"},"content":{"rendered":"<p style=\"text-align: justify;\"><strong>In Italia oltre l&#8217;80% dei vestiti acquistati non viene mai usato<\/strong>. \u00c8 quanto rivela uno studio condotto su venti Paesi nel 2018 da <a href=\"https:\/\/www.movinga.com\/\">Movinga<\/a>, societ\u00e0 tedesca di traslochi online. Una ricerca realizzata da <a class=\"fnwAddLinks\" title=\"Greenpeace\" href=\"https:\/\/it.fashionnetwork.com\/tags-greenpeace\">Greenpeace<\/a>\u00a0Germania segnala invece che la produzione di abiti \u00e8 raddoppiata dal 2000 al 2014. Il consumatore medio acquista il 60% in pi\u00f9 di capi ogni anno e la loro durata si \u00e8 dimezzata rispetto a 15 anni fa, producendo montagne di rifiuti.<\/p>\n<p><img loading=\"lazy\" decoding=\"async\" class=\"alignleft wp-image-4679\" src=\"https:\/\/www.pressroom.cloud\/wp-content\/uploads\/photo-1594883422096-c7f0b81e0133-169x300.jpeg\" alt=\"\" width=\"272\" height=\"483\" srcset=\"https:\/\/www.pressroom.cloud\/wp-content\/uploads\/photo-1594883422096-c7f0b81e0133-169x300.jpeg 169w, https:\/\/www.pressroom.cloud\/wp-content\/uploads\/photo-1594883422096-c7f0b81e0133-576x1024.jpeg 576w, https:\/\/www.pressroom.cloud\/wp-content\/uploads\/photo-1594883422096-c7f0b81e0133.jpeg 582w\" sizes=\"auto, (max-width: 272px) 100vw, 272px\" \/><\/p>\n<p style=\"text-align: justify;\">Una mole\u00a0enorme di abiti ed accessori che hanno riempito dapprima gli armadi e, non troppo tempo dopo, le discariche, con un grave impatto sul sistema sociale ed ambientale. Dal 1960 al 2015, infatti, come fotografa il <a href=\"https:\/\/www.youtube.com\/watch?v=IzkjppT5R0w&amp;t=3s\">rapporto Italia 2020 di Eurispes<\/a>, c&#8217;\u00e8 stato un <strong>record di rifiuti tessili con un aumento stimato dell&#8217;811%.<\/strong><\/p>\n<p style=\"text-align: justify;\">Solo nel 2015, sono finiti in discarica 1.630 tonnellate di vestiti. Si stima che ogni persona, ogni anno, consumi 34 vestiti e ne butti 14 chili. Eppure ogni anno 62 milioni di tonnellate di vestiti escono dalle fabbriche. Negli ultimi quindici anni la durata dei capi di abbigliamento \u00e8 diminuita del 36% e oggi i vestiti hanno una vita media inferiore ai 160 utilizzi.<\/p>\n<p style=\"text-align: justify;\">Tradotto in impatto ambientale, questo genera ogni anno 16 milioni di tonnellate di rifiuti tessili nella sola Unione europea (<a href=\"https:\/\/elpais.com\/\"><i>El Pa\u00eds<\/i><\/a>). Per quanto riguarda l&#8217;Italia, l&#8217;<a href=\"https:\/\/www.isprambiente.gov.it\/it\">Ispra<\/a> ha fotografato la situazione al 2016, quando sono state raccolte complessivamente 133,3 kt di frazione tessile, con un incremento di circa il 3,3% rispetto al 2015, quando la raccolta era stata di 129 kt, e ancor pi\u00f9 rispetto al 2012 (101,1 kt). Nel complesso, il 56% della raccolta di rifiuti tessili riguarda il Nord, il 26% il Sud e il 18% il Centro.<\/p>\n<p>&nbsp;<\/p>\n<p>&nbsp;<\/p>\n<p>&nbsp;<\/p>\n<p>Da <a href=\"https:\/\/it.fashionnetwork.com\/news\/In-italia-oltre-l-80-dei-vestiti-acquistati-non-viene-usato,1284320.html\">Fashion Network<\/a><\/p>\n<p>Foto in copertina | \u00a9 Leigh McAlea<\/p>\n","protected":false},"excerpt":{"rendered":"<p>In Italia oltre l&#8217;80% dei vestiti acquistati non viene mai usato. \u00c8 quanto rivela uno studio condotto su venti Paesi nel 2018 da Movinga, societ\u00e0 tedesca di traslochi online. Una ricerca realizzata da Greenpeace\u00a0Germania segnala invece che la produzione di abiti \u00e8 raddoppiata dal 2000&#8230;<\/p>\n","protected":false},"author":3,"featured_media":4678,"comment_status":"open","ping_status":"open","sticky":false,"template":"","format":"standard","meta":{"footnotes":""},"categories":[68,1],"tags":[1202,75,1201],"class_list":["post-4675","post","type-post","status-publish","format-standard","has-post-thumbnail","hentry","category-lifestyle","category-magazine-en","tag-industria","tag-moda","tag-pret-a-porter"],"_links":{"self":[{"href":"https:\/\/www.pressroom.cloud\/en\/wp-json\/wp\/v2\/posts\/4675","targetHints":{"allow":["GET"]}}],"collection":[{"href":"https:\/\/www.pressroom.cloud\/en\/wp-json\/wp\/v2\/posts"}],"about":[{"href":"https:\/\/www.pressroom.cloud\/en\/wp-json\/wp\/v2\/types\/post"}],"author":[{"embeddable":true,"href":"https:\/\/www.pressroom.cloud\/en\/wp-json\/wp\/v2\/users\/3"}],"replies":[{"embeddable":true,"href":"https:\/\/www.pressroom.cloud\/en\/wp-json\/wp\/v2\/comments?post=4675"}],"version-history":[{"count":0,"href":"https:\/\/www.pressroom.cloud\/en\/wp-json\/wp\/v2\/posts\/4675\/revisions"}],"wp:featuredmedia":[{"embeddable":true,"href":"https:\/\/www.pressroom.cloud\/en\/wp-json\/wp\/v2\/media\/4678"}],"wp:attachment":[{"href":"https:\/\/www.pressroom.cloud\/en\/wp-json\/wp\/v2\/media?parent=4675"}],"wp:term":[{"taxonomy":"category","embeddable":true,"href":"https:\/\/www.pressroom.cloud\/en\/wp-json\/wp\/v2\/categories?post=4675"},{"taxonomy":"post_tag","embeddable":true,"href":"https:\/\/www.pressroom.cloud\/en\/wp-json\/wp\/v2\/tags?post=4675"}],"curies":[{"name":"wp","href":"https:\/\/api.w.org\/{rel}","templated":true}]}}