{"id":4700,"date":"2021-03-06T11:45:37","date_gmt":"2021-03-06T10:45:37","guid":{"rendered":"https:\/\/www.pressroom.cloud\/?p=4700"},"modified":"2021-03-06T12:15:19","modified_gmt":"2021-03-06T11:15:19","slug":"nasce-italiana-nuovo-portale-della-farnesina","status":"publish","type":"post","link":"https:\/\/www.pressroom.cloud\/en\/nasce-italiana-nuovo-portale-della-farnesina\/","title":{"rendered":"Nasce &#8220;italiana&#8221;. Nuovo portale della Farnesina"},"content":{"rendered":"<div style=\"text-align: justify;\">\n<p>GD &#8211; Roma, 4 mar. 21 &#8211; <strong>Oggi \u00e8 nato <a href=\"http:\/\/www.italiana.esteri.it\">&#8220;italiana&#8221;<\/a>, il portale della Farnesina per la promozione della lingua, della cultura e della creativit\u00e0 italiana nel mondo.<\/strong><\/p>\n<p><img loading=\"lazy\" decoding=\"async\" class=\"alignleft wp-image-4706\" src=\"https:\/\/www.pressroom.cloud\/wp-content\/uploads\/1614874428796_italiana-300x179.jpg\" alt=\"\" width=\"422\" height=\"252\" srcset=\"https:\/\/www.pressroom.cloud\/wp-content\/uploads\/1614874428796_italiana-300x179.jpg 300w, https:\/\/www.pressroom.cloud\/wp-content\/uploads\/1614874428796_italiana-1024x610.jpg 1024w, https:\/\/www.pressroom.cloud\/wp-content\/uploads\/1614874428796_italiana-768x458.jpg 768w, https:\/\/www.pressroom.cloud\/wp-content\/uploads\/1614874428796_italiana-1536x916.jpg 1536w\" sizes=\"auto, (max-width: 422px) 100vw, 422px\" \/>&#8220;italiana&#8221; \u00e8 la risposta della Farnesina alla domanda di cultura italiana nel mondo.\u00a0Un contenitore unico dove troveranno spazio \u2013 gratis per il pubblico \u2013 musica, letteratura, poesia, cinema, teatro, arti visive, web art, ma anche architettura, design, storia, archeologia, enogastronomia. Un investimento per lo sviluppo del comparto culturale e creativo italiano, colpito profondamente dalla pandemia ma che non ha mai smesso di immaginare, produrre e far sognare. Un settore che punta all&#8217;innovazione e alla crescita anche sul piano internazionale.<\/p>\n<\/div>\n<div style=\"text-align: justify;\">Fin dall&#8217;inizio della pandemia il <a href=\"https:\/\/www.esteri.it\/mae\/it\/\">Ministero degli Affari Esteri<\/a> ha sostenuto con risorse aggiuntive l&#8217;internazionalizzazione degli artisti e delle industrie culturali e creative producendo e promuovendo oltre 400 opere e contenuti originali e coinvolgendo centinaia di artisti e professionisti. A questo impegno si affiancano le iniziative (in presenza e virtuali) realizzate dalle 128 Ambasciate e Rappresentanze Permanenti, dagli 81 Consolati e dagli 82 Istituti Italiani di Cultura &#8211; che insieme alle scuole italiane all&#8217;estero e alle missioni archeologiche compongono la \u201crete culturale diffusa\u201d della Farnesina nel mondo.<\/div>\n<div style=\"text-align: justify;\">&#8220;italiana&#8221; non \u00e8 un punto di arrivo ma di partenza: \u00e8 l&#8217;inizio di un percorso che vedr\u00e0 la Farnesina e la sua rete estera accompagnare la cultura e la creativit\u00e0 italiane nei prossimi anni, proponendo al pubblico internazionale nuove modalit\u00e0 di fruizione dove alla componente in presenza sar\u00e0 sempre associata una parte digitale, capace di raggiungere nuovi spettatori e nuovi territori.<\/div>\n<div>\n<div style=\"text-align: justify;\">Il ministro degli Esteri, Luigi Di Maio, ha ricordato che &#8220;italiana&#8221; &#8220;\u00e8 uno strumento innovativo, che \u00e8 stato creato per raccogliere e rendere visibile tutta l&#8217;attivit\u00e0 della Farnesina per la promozione della cultura italiana nel mondo: e questa \u00e8 proprio una delle linee strategiche della nostra politica estera. La lingua e la cultura sono infatti il veicolo attraverso cui passano i nostri valori e la nostra visione del mondo&#8221;.<\/div>\n<div style=\"text-align: justify;\">Il ministro ha poi ricordato che progetto &#8220;italiana&#8221; &#8220;\u00e8 <strong>nato durante la prima fase della pandemia<\/strong> da Covid-19, quando abbiamo tutti compreso che il modo di vivere la cultura doveva cambiare radicalmente. L&#8217;emergenza sanitaria ci ha posto di fronte a una sfida, certo, ma ci ha anche offerto un&#8217;occasione.<\/div>\n<div style=\"text-align: justify;\">E infatti \u00e8 cresciuta sensibilmente la domanda di cultura attraverso nuove piattaforme e modalit\u00e0. E grazie alle nuove tecnologie, abbiamo mezzi che ci permettono di accedere a un pubblico davvero globale. Abbiamo lanciato bandi, attivato collaborazioni per la produzione di spettacoli dal vivo e concerti, per realizzare opere di arte contemporanea, creare materiale audiovisivo e podcast, progettare mostre. Questo lavoro si \u00e8 concretizzato in pi\u00f9 di <strong>400 prodotti culturali inediti<\/strong>, realizzati grazie al contributo di oltre 700 fra artisti, professionisti, creativi e imprese. Crediamo sia un risultato eccezionale, cui si sommano le centinaia di iniziative (in presenza o virtuali) realizzate in tutto il mondo dalle nostre Ambasciate all&#8217;estero&#8221;.<\/div>\n<div style=\"text-align: justify;\">\n<p>Di Maio ha poi annunciato che &#8220;nelle prossime settimane, altri eventi verranno realizzati e cos\u00ec nuovi contenuti saranno disponibili, tra i quali quelli per celebrare il 700\u00b0 anniversario dalla morte di Dante Alighieri, i 150 anni dalla nascita di Grazia Deledda (unica scrittrice italiana ad aver ricevuto un Nobel) e il centenario della nascita di Leonardo Sciascia&#8221;.<\/p>\n<div id=\"attachment_4702\" style=\"width: 409px\" class=\"wp-caption alignright\"><img loading=\"lazy\" decoding=\"async\" aria-describedby=\"caption-attachment-4702\" class=\"wp-image-4702\" src=\"https:\/\/www.pressroom.cloud\/wp-content\/uploads\/Vivere-allitaliana-sul-palcoscenico-Teatro-Stabile-delle-Arti-Medioevali-A-ShakespeareMarlowe-Digital-Diptych-300x200.jpg\" alt=\"\" width=\"399\" height=\"266\" srcset=\"https:\/\/www.pressroom.cloud\/wp-content\/uploads\/Vivere-allitaliana-sul-palcoscenico-Teatro-Stabile-delle-Arti-Medioevali-A-ShakespeareMarlowe-Digital-Diptych-300x200.jpg 300w, https:\/\/www.pressroom.cloud\/wp-content\/uploads\/Vivere-allitaliana-sul-palcoscenico-Teatro-Stabile-delle-Arti-Medioevali-A-ShakespeareMarlowe-Digital-Diptych-768x512.jpg 768w, https:\/\/www.pressroom.cloud\/wp-content\/uploads\/Vivere-allitaliana-sul-palcoscenico-Teatro-Stabile-delle-Arti-Medioevali-A-ShakespeareMarlowe-Digital-Diptych-822x545.jpg 822w, https:\/\/www.pressroom.cloud\/wp-content\/uploads\/Vivere-allitaliana-sul-palcoscenico-Teatro-Stabile-delle-Arti-Medioevali-A-ShakespeareMarlowe-Digital-Diptych-900x600.jpg 900w, https:\/\/www.pressroom.cloud\/wp-content\/uploads\/Vivere-allitaliana-sul-palcoscenico-Teatro-Stabile-delle-Arti-Medioevali-A-ShakespeareMarlowe-Digital-Diptych.jpg 1023w\" sizes=\"auto, (max-width: 399px) 100vw, 399px\" \/><p id=\"caption-attachment-4702\" class=\"wp-caption-text\">Vivere all\u2019italiana sul palcoscenico Teatro Stabile delle Arti Medioevali A ShakespeareMarlowe Digital Diptych<\/p><\/div>\n<\/div>\n<div style=\"text-align: justify;\">Ed ha aggiunto: &#8220;Siamo fieri oggi di lanciare &#8216;italiana&#8217;. \u00c8 il frutto di una visione di lungo periodo che continuer\u00e0 nei prossimi anni, grazie alle risorse straordinarie stanziate dal governo per potenziare la promozione della lingua e della cultura italiane all&#8217;estero. &#8216;italiana&#8217; sar\u00e0 una vetrina straordinaria per la promozione integrata dell&#8217;Italia nel mondo e interagir\u00e0 con l&#8217;intero sistema digitale della cultura italiana \u2013 musei, teatri, festival, editoria \u2013 e con la piattaforma per la promozione delle arti performative e del patrimonio culturale italiano, IT&#8217;s Art, lanciata dal Ministero della Cultura.\u00a0italiana \u00e8 il frutto di uno sforzo corale per <strong>rilanciare il nostro Paese<\/strong>, sostenere l&#8217;industria dell&#8217;arte e della creativit\u00e0 e al tempo stesso rispondere alla domanda di Italia nel mondo&#8221;.<\/div>\n<div style=\"text-align: justify;\">\n<p>Infine Di Maio ha sottolineato che &#8220;con &#8216;italiana&#8217; accendiamo i riflettori su un&#8217;Italia nuova. Senza retorica, come lo \u00e8 italiana, sin dal nome e dalla sua declinazione al femminile. \u00c8 un racconto dell&#8217;Italia di oggi, l&#8217;Italia creativa, un Paese coraggioso e spesso migliore di come crede di essere. Una grande potenza culturale, come ha ricordato qualche giorno fa anche il Presidente Draghi. La Farnesina vuole raccontare un Paese dinamico, appassionato e creativo; sostenere l&#8217;arte e le industrie creative della cultura; accompagnare le nostre aziende nel mondo; promuovere il talento italiano a livello globale&#8221;.<\/p>\n<\/div>\n<\/div>\n<div><\/div>\n<div>Instagram:\u00a0<a href=\"https:\/\/www.instagram.com\/italymfa\/\" target=\"_blank\" rel=\"noopener\">@italymfa<\/a><br \/>\nFacebook:\u00a0<a href=\"https:\/\/www.facebook.com\/ItalyMFA.it\" target=\"_blank\" rel=\"noopener\">@italyMFA.it<\/a><br \/>\nTwitter:\u00a0<a href=\"https:\/\/twitter.com\/italymfa\" target=\"_blank\" rel=\"noopener\">@italyMFA<\/a><br \/>\nVimeo:\u00a0<a href=\"https:\/\/vimeo.com\/italianaesteri\" target=\"_blank\" rel=\"noopener\">https:\/\/vimeo.com\/italianaesteri<\/a><\/div>\n<div style=\"text-align: justify;\"><\/div>\n","protected":false},"excerpt":{"rendered":"<p>GD &#8211; Roma, 4 mar. 21 &#8211; Oggi \u00e8 nato &#8220;italiana&#8221;, il portale della Farnesina per la promozione della lingua, della cultura e della creativit\u00e0 italiana nel mondo. &#8220;italiana&#8221; \u00e8 la risposta della Farnesina alla domanda di cultura italiana nel mondo.\u00a0Un contenitore unico dove troveranno&#8230;<\/p>\n","protected":false},"author":3,"featured_media":4701,"comment_status":"open","ping_status":"open","sticky":false,"template":"","format":"standard","meta":{"footnotes":""},"categories":[69,1,66,73],"tags":[1204,1192,784,1205],"class_list":["post-4700","post","type-post","status-publish","format-standard","has-post-thumbnail","hentry","category-cultura","category-magazine-en","category-newsroom","category-spettacoli","tag-farnesina","tag-italia","tag-mostre","tag-portale"],"_links":{"self":[{"href":"https:\/\/www.pressroom.cloud\/en\/wp-json\/wp\/v2\/posts\/4700","targetHints":{"allow":["GET"]}}],"collection":[{"href":"https:\/\/www.pressroom.cloud\/en\/wp-json\/wp\/v2\/posts"}],"about":[{"href":"https:\/\/www.pressroom.cloud\/en\/wp-json\/wp\/v2\/types\/post"}],"author":[{"embeddable":true,"href":"https:\/\/www.pressroom.cloud\/en\/wp-json\/wp\/v2\/users\/3"}],"replies":[{"embeddable":true,"href":"https:\/\/www.pressroom.cloud\/en\/wp-json\/wp\/v2\/comments?post=4700"}],"version-history":[{"count":0,"href":"https:\/\/www.pressroom.cloud\/en\/wp-json\/wp\/v2\/posts\/4700\/revisions"}],"wp:featuredmedia":[{"embeddable":true,"href":"https:\/\/www.pressroom.cloud\/en\/wp-json\/wp\/v2\/media\/4701"}],"wp:attachment":[{"href":"https:\/\/www.pressroom.cloud\/en\/wp-json\/wp\/v2\/media?parent=4700"}],"wp:term":[{"taxonomy":"category","embeddable":true,"href":"https:\/\/www.pressroom.cloud\/en\/wp-json\/wp\/v2\/categories?post=4700"},{"taxonomy":"post_tag","embeddable":true,"href":"https:\/\/www.pressroom.cloud\/en\/wp-json\/wp\/v2\/tags?post=4700"}],"curies":[{"name":"wp","href":"https:\/\/api.w.org\/{rel}","templated":true}]}}