{"id":4949,"date":"2021-04-01T14:40:00","date_gmt":"2021-04-01T13:40:00","guid":{"rendered":"https:\/\/www.pressroom.cloud\/?p=4949"},"modified":"2021-04-01T14:46:58","modified_gmt":"2021-04-01T13:46:58","slug":"macerata-opera-festival-2021","status":"publish","type":"post","link":"https:\/\/www.pressroom.cloud\/en\/macerata-opera-festival-2021\/","title":{"rendered":"Macerata Opera Festival 2021"},"content":{"rendered":"<p style=\"text-align: justify;\"><em>Confermate la nuova produzione di\u00a0<\/em>Aida<em>\u00a0firmata da Valentina Carrasco e la ripresa della\u00a0<\/em>Traviata<em>\u00a0iconica di Svoboda-Brockhaus che saranno precedute a fine maggio da\u00a0<\/em>Rigoletto. I misteri del teatro<em>, spettacolo per i pi\u00f9 piccoli e le famiglie, per la prima volta insieme allo Sferisterio<\/em><\/p>\n<div id=\"attachment_4953\" style=\"width: 257px\" class=\"wp-caption alignleft\"><img loading=\"lazy\" decoding=\"async\" aria-describedby=\"caption-attachment-4953\" class=\"wp-image-4953\" src=\"https:\/\/www.pressroom.cloud\/wp-content\/uploads\/luciano-ganci-200x300.jpeg\" alt=\"\" width=\"247\" height=\"371\" srcset=\"https:\/\/www.pressroom.cloud\/wp-content\/uploads\/luciano-ganci-200x300.jpeg 200w, https:\/\/www.pressroom.cloud\/wp-content\/uploads\/luciano-ganci.jpeg 683w\" sizes=\"auto, (max-width: 247px) 100vw, 247px\" \/><p id=\"caption-attachment-4953\" class=\"wp-caption-text\">Luciano Ganci (Radam\u00e8s)<\/p><\/div>\n<p class=\"p1\" style=\"text-align: justify;\">Prende forma la nuova edizione del Macerata Opera Festival che, nonostante il perdurare della emergenza pandemica, si svolger\u00e0 con due produzioni operistiche in forma scenica allo Sferisterio dal 23 luglio al 13 agosto 2021 e una speciale anteprima a fine maggio, per la prima volta dedicata ai pi\u00f9 piccoli e alle famiglie. Il calendario festivaliero del centenario sar\u00e0 completato da una serie di altri appuntamenti con la danza, con la musica crossover, con approfondimenti e conversazioni, appuntamenti Education che saranno annunciati nelle prossime settimane.<\/p>\n<p class=\"p1\" style=\"text-align: justify;\">Il programma, approvato dal nuovo CdA, si svolger\u00e0 lungo precise linee guida insostituibili: la salute e la sicurezza di pubblico, artisti e maestranze, la sostenibilit\u00e0 e congruit\u00e0 economica dell\u2019investimento, il sostegno al territorio e la qualit\u00e0 tecnico-artistica della proposta.<\/p>\n<p class=\"p1\" style=\"text-align: justify;\">\u00abOggi annunciamo un evento importantissimo \u2013 esordisce\u00a0<b>il presidente della Regione Marche Francesco Acquaroli<\/b>\u00a0\u2013 che rappresenta per la nostra regione un\u2019eccellenza straordinaria, ne abbiamo tante, ma in pi\u00f9 questo \u201ccompleanno\u201d dell\u2019opera allo Sferisterio diventa un simbolo di continuit\u00e0 della tradizione culturale marchigiana che ha radici profonde sul territorio. Certo avremmo preferito dedicare a questo anniversario una stagione lirica \u201cordinaria\u201d ma questa pandemia in parte lo impedisce. Questa edizione del Macerata Opera Festival a cui dare massima attenzione e massimo appoggio, \u00e8 anche importante per progettare per il futuro, proprio attraverso lo Sferisterio che resta un monumento unico per il centro Italia e costituisce un\u2019opportunit\u00e0 altrettanto unica per il rilancio del mondo della cultura e del turismo, attorno cui dobbiamo riscoprire la capacit\u00e0 di attrarre flussi turistici italiani e stranieri in circuiti virtuosi e connessi con tutta l\u2019economia regionale. Per poter conquistare quella ribalta che le Marche meritano per bellezza, per la sua capacit\u00e0 di accogliere, per la qualit\u00e0 della vita e che purtroppo troppo spesso non hanno avuto in termini di visibilit\u00e0. Dobbiamo puntare sul rilancio economico anche attraverso la cultura e il turismo, forti della consapevolezza di avere patrimoni unici come appunto lo Sferisterio che ci rendono competitivi nell\u2019offerta turistica e culturale a livello nazionale e internazionale\u00bb.<\/p>\n<p class=\"p1\" style=\"text-align: justify;\">\u00abAbbiamo un grande bisogno di rinascita e di tornare alla normalit\u00e0 \u2013 sottolinea\u00a0<b>Giorgia Latini, assessore alla cultura della Regione Marche<\/b>\u00a0\u2013 e la cultura ne pu\u00f2 essere il mezzo vitale. Come ho avuto modo di ricordare in questi giorni, la cultura \u00e8 benessere e la bellezza cura le ferite dell\u2019anima. Allora niente di meglio che ricominciare con una stagione speciale dello Sferisterio che con tutta la sua squadra sta lavorando in maniera eccezionale. Lo Sferisterio \u00e8 un simbolo della cultura marchigiana e luogo di spettacolo che potrebbe fare da pilota per un progetto sperimentale di riaperture. Ed essendo un\u2019arena prevedere anche una riapertura oltre il 50% delle presenze in sicurezza, facendo distinguo tra luoghi aperti e al chiuso. Ci sta molto a cuore questa battaglia per le riaperture dei luoghi della Cultura che condivido con il sottosegretario Lucia Borgonzoni alla quale dobbiamo unirci per un appello al Governo in tal senso. Abbiamo accolto in Regione una recente istanza del Comune di Macerata a sostenere ancora di pi\u00f9 dell\u2019ordinario contributo la stagione dello Sferisterio e posso garantire il mio massimo impegno a ritrovare in sede di assestamento di bilancio un ulteriore contributo\u00bb.<\/p>\n<p class=\"p1\" style=\"text-align: justify;\">Il 2021 \u00e8 particolarmente significativo per la storia dell\u2019opera a Macerata: ricorrono infatti i cento anni dal primo allestimento in scena allo Sferisterio:\u00a0<i>Aida<\/i>\u00a0di Giuseppe Verdi il 27 luglio 1921.<\/p>\n<p class=\"p1\" style=\"text-align: justify;\"><span class=\"s1\">\u00abAbbiamo lavorato ininterrottamente in questi mesi per dare vita alla 57a stagione lirica che celebra i 100 anni della prima rappresentazione lirica allo Sferisterio,\u00a0<i>Aida<\/i>\u00a0di Verdi nel 1921 \u2013 ha detto\u00a0<b>il presidente dell\u2019Associazione e sindaco di Macerata Sandro Parcaroli<\/b>\u00a0\u2013; una stagione importante che coincide con i nostri primi cento anni. Ci stiamo preparando a vivere l\u2019anno di un anniversario speciale che celebra un luogo e un\u2019arte divenuti, da quel giorno, simbolo identitario del nostro territorio. La sicurezza e la congruit\u00e0 dell\u2019investimento, oltre chiaramente alla promozione del territorio e alla qualit\u00e0 culturale della proposta, sono stati i nostri punti cardine consapevoli anche dell\u2019importanza dell\u2019impatto economico sul territorio del Macerata Opera Festival. Nonostante la condizione pandemica ancora critica ma fiduciosi per il futuro siamo sicuri che la stagione lirica sar\u00e0 esempio di rinascita culturale e sociale per la nostra citt\u00e0 e per il nostro territorio\u00bb.<\/span><\/p>\n<p class=\"p1\" style=\"text-align: justify;\"><span class=\"s1\">\u00abLa meravigliosa fabbrica culturale di Macerata \u2013 afferma\u00a0<b>Antonino Pettinari vicepresidente dell\u2019Associazione<\/b>\u00a0\u2013 racconta i suoi primi 100 anni di opera lirica, attraverso la sua energia e l\u2019eccellenza di un territorio autentico, vero come quello marchigiano. Lo Sferisterio rappresenta perfettamente lo specchio dei cambiamenti sociali e tecnologici della citt\u00e0 e della societ\u00e0 e ha sempre dimostrato di essere all\u2019avanguardia. La celebre \u201cTraviata degli specchi\u201d, ormai nota in tutto il mondo, \u00e8 l\u2019esempio pi\u00f9 lampante di come le produzioni dello Sferisterio facciano parte di un patrimonio lirico condiviso a livello mondiale e di come, da Macerata, ci sia sempre stata, a livello artistico, organizzativo e istituzionale, una visione del futuro\u00bb.<\/span><\/p>\n<div id=\"attachment_4954\" style=\"width: 239px\" class=\"wp-caption alignright\"><img loading=\"lazy\" decoding=\"async\" aria-describedby=\"caption-attachment-4954\" class=\"wp-image-4954 \" src=\"https:\/\/www.pressroom.cloud\/wp-content\/uploads\/leva4-214x300.jpg\" alt=\"\" width=\"229\" height=\"321\" srcset=\"https:\/\/www.pressroom.cloud\/wp-content\/uploads\/leva4-214x300.jpg 214w, https:\/\/www.pressroom.cloud\/wp-content\/uploads\/leva4-731x1024.jpg 731w, https:\/\/www.pressroom.cloud\/wp-content\/uploads\/leva4-768x1075.jpg 768w, https:\/\/www.pressroom.cloud\/wp-content\/uploads\/leva4.jpg 1000w\" sizes=\"auto, (max-width: 229px) 100vw, 229px\" \/><p id=\"caption-attachment-4954\" class=\"wp-caption-text\">Maria Teresa Leva (Aida)<\/p><\/div>\n<p class=\"p1\" style=\"text-align: justify;\">L\u2019edizione 2021 del Macerata Opera Festival sar\u00e0 inaugurata\u00a0<b>venerd\u00ec 23 luglio<\/b>\u00a0da\u00a0<b>Aida<\/b>, stessa opera verdiana scelta nel 1921 dal Conte Pier Alberto Conti; una decisone dettata in primo luogo dall\u2019amore per il soprano Francisca Solari che interpret\u00f2 il ruolo della protagonista, aprendo quindi una nuova fase storica per lo Sferisterio \u2013 gi\u00e0 stadio del gioco della palla al bracciale dove si erano \u201cesibiti\u201d vari campioni come Carlo Didimi cantato anche da Leopardi. L\u2019opera \u2013 come annunciato lo scorso anno \u2013 sar\u00e0 presentata in una nuova produzione affidata alla\u00a0<b>regista Valentina Carrasco<\/b>, argentina, con un passato nella Fura dels Baus, e\u00a0<b>con sul podio il direttore musicale del Macerata Opera Festival, Francesco Lanzillotta<\/b>. Protagonisti in scena <strong><a href=\"https:\/\/mariateresaleva.wordpress.com\/biografia-mariateresa-leva\/\">Maria Teresa Leva<\/a><\/strong> (Aida), <a href=\"https:\/\/www.lucianoganci.it\/\"><strong>Luciano Ganci<\/strong><\/a> (Radames), <strong><a href=\"http:\/\/www.veronicasimeoni.it\/\">Veronica Simeoni<\/a> <\/strong>(Amneris), <strong>Marco Caria<\/strong> (Amonasro). Lo spettacolo avr\u00e0 le scene di Carles Berga, i costumi di Silvia Aymonino, le coreografie di Massimiliano Volpini e le luci di Peter van Praet. L\u2019edizione di\u00a0<i>Aida<\/i>\u00a0allo Sferisterio nel 2021 celebrer\u00e0 anche un\u2019altra ricorrenza: saranno infatti i 150 anni dal debutto al Cairo nel 1871. Repliche previste domenica 1 agosto, sabato 7 agosto, gioved\u00ec 12 agosto.<\/p>\n<p class=\"p1\" style=\"text-align: justify;\">\u00abL\u2019opera allo Sferisterio nasce da un atto d\u2019amore che non si \u00e8 mai interrotto \u2013\u00a0<b>sottolinea il sovrintendente Luciano Messi<\/b>\u00a0\u2013, quello dei Cento Consorti che nel 1829 lo edificarono \u201cad ornamento della citt\u00e0 e diletto pubblico\u201d; quello di Pier Alberto Conti che per amore di Francisca Solari rese possibile la prima opera lirica nel 1921; quello dell\u2019Amministrazione Comunale che nel 1967 lo rese un teatro all\u2019aperto destinato ad essere famoso nel mondo; quello di tante persone che lo hanno consegnato integro e vitale fino ai giorni nostri. Assieme a tutte le maestranze dello Sferisterio rinnoviamo oggi questo atto d\u2019amore per un presidio identitario del nostro territorio e del nostro Paese,\u00a0<span class=\"s1\">un\u2019infrastruttura culturale formidabile sulla quale investire anche in ottica di recovery plan<\/span>. Ogni anno puntiamo ad offrire impiego a oltre 500 professionisti (2\/3 dei quali residenti nelle Marche); Regione Marche e Comune di Macerata investono mediamente un milione di euro sul MOF. La ricaduta economica diretta \u00e8 di 3,2 milioni, il valore aggiunto generato \u00e8 stimato in 7,7 milioni per un totale di 10,9 milioni e un effetto moltiplicatore di oltre 10 volte. Il tema adesso \u00e8 riaprire\u00a0<span class=\"s1\">davvero i luoghi della cultura e dello spettacolo e mantenerli aperti:<\/span>\u00a0ci\u00f2 sar\u00e0 possibile attuando protocolli chiari e sempre pi\u00f9 accurati, sull\u2019esempio di quanto gi\u00e0 fatto lo scorso anno, quando siamo riusciti ad andare in scena con la forma di spettacolo pi\u00f9 complessa che esista, senza alcun caso di contagio fra il pubblico e i lavoratori\u00bb.<\/p>\n<p class=\"p1\" style=\"text-align: justify;\"><span class=\"s1\"><i>\u00ab<\/i>I cento anni dell\u2019opera allo Sferisterio<span class=\"Apple-converted-space\">\u00a0\u00a0<\/span>\u2013 dichiara\u00a0<b>Marco Moreschi, direttore generale di Banco Marchigiano<\/b>\u00a0\u2013 che cadono in un contesto cos\u00ec complicato sono ben pi\u00f9 di un anniversario, sono la celebrazione della pi\u00f9 alta forma di libert\u00e0, la Cultura! Cultura che non si ferma, che unisce, che coinvolge. E in questa circostanza il Macerata Opera Festival riesce altres\u00ec a fare sintesi con un programma davvero di livello ed estremamente eterogeneo. Il Banco Marchigiano \u00e8 un orgoglioso partner del MOF condividendone lo stesso spirito di relazione comunitaria, di unione e sintesi\u00bb.<\/span><\/p>\n<p class=\"p1\" style=\"text-align: justify;\">Le contingenze legate al protrarsi della pandemia hanno purtroppo costretto alla posticipare la seconda nuova produzione del 2021, quella del\u00a0<i>Barbiere di Siviglia<\/i>\u00a0di Rossini, vincitrice del bando internazionale con la regia di Daniele Menghini, le scene di Davide Signorini e i costumi di Nika Campisi, che sar\u00e0 dunque presentata nel 2022.<\/p>\n<p class=\"p1\" style=\"text-align: justify;\">Rimane in programma invece lo spettacolo pi\u00f9 rappresentativo e iconico delle produzioni allo Sferisterio degli ultimi trent\u2019anni,\u00a0<b>La traviata<\/b>\u00a0\u201cdegli specchi\u201d ideata nel 1992 (e ripresa poi per altre sette edizioni sino al 2018)\u00a0<b>da Josef Svoboda ed Henning Brockhaus<\/b>, che verr\u00e0 riallestita con novit\u00e0 registiche, coreografiche e nei costumi, debutter\u00e0 come previsto\u00a0<b>domenica 25 luglio<\/b>\u00a0(repliche sabato 31 luglio, domenica 8 agosto, venerd\u00ec 13 agosto) con i costumi di Giancarlo Colis, le coreografie di Valentina Escobar e le luci dello stesso Brockhaus e di Fabrizio Gobbi. Nel ruolo della protagonista il soprano <a href=\"https:\/\/claudiapavone.it\/\"><strong>Claudia Pavone<\/strong><\/a>, festeggiata Gilda nel\u00a0<i>Rigoletto<\/i>\u00a0del 2019, insieme a <strong>Marco Ciaponi<\/strong> (Alfredo), <strong>Sergio Vitale<\/strong> (Giorgio Germont). Sul podio il giovanissimo talento\u00a0<b><a href=\"https:\/\/www.paolobortolameolli.com\/\">Paolo Bortolameolli<\/a>.<\/b><\/p>\n<p class=\"p1\" style=\"text-align: justify;\">Con la FORM \u2013 Orchestra Filarmonica Marchigiana, nelle due produzioni ci sar\u00e0, come sempre, il Coro Lirico Marchigiano \u201cVincenzo Bellini\u201d diretto da Martino Faggiani e ancora la Banda Salvadei.<\/p>\n<p class=\"p1\" style=\"text-align: justify;\"><span class=\"s1\">\u00abAnche quest\u2019anno \u2013 sottolinea\u00a0<b>il direttore musicale <a href=\"http:\/\/www.francescolanzillotta.com\/wp\/?page_id=857\">Francesco Lanzillotta<\/a><\/b>\u00a0\u2013 allo Sferisterio possiamo vantare importanti debutti per esempio quello di Maria Teresa Leva come Aida, di Marco Ciaponi come Alfredo e di Sergio Vitale come Germont. Parallelamente ritornano artisti molto amati dal pubblico come Veronica Simeoni, Luciano Ganci, Marco Caria e Claudia Pavone che, dopo il successo nei panni di Gilda di due anni fa, vestir\u00e0 quelli di Violetta.<\/span>\u00a0Proseguiamo il percorso di scoperta e valorizzazione di giovani cantanti sui quali investire: Francesco Auriemma, Alessio Cacciamani, Francesco Fortes, Marco Puggioni, Maritina\u00a0<span class=\"s1\">Tampakopoulou<\/span>, Valeria Tornatore. Un debutto molto interessante sar\u00e0 quello del direttore Paolo Bartolameolli, recentemente nominato Direttore Associato della Los Angeles Philharmonic\u00bb.<\/p>\n<div id=\"attachment_4952\" style=\"width: 348px\" class=\"wp-caption alignleft\"><img loading=\"lazy\" decoding=\"async\" aria-describedby=\"caption-attachment-4952\" class=\"wp-image-4952\" src=\"https:\/\/www.pressroom.cloud\/wp-content\/uploads\/image2-600x406-1-300x203.jpg\" alt=\"\" width=\"338\" height=\"229\" srcset=\"https:\/\/www.pressroom.cloud\/wp-content\/uploads\/image2-600x406-1-300x203.jpg 300w, https:\/\/www.pressroom.cloud\/wp-content\/uploads\/image2-600x406-1.jpg 600w\" sizes=\"auto, (max-width: 338px) 100vw, 338px\" \/><p id=\"caption-attachment-4952\" class=\"wp-caption-text\">Francesco Lanzillotta<\/p><\/div>\n<p class=\"p1\" style=\"text-align: justify;\">Rimane consolidata la struttura del festival cos\u00ec come caratterizzato negli ultimi anni, con una ricca impaginazione di appuntamenti che scandiranno anche l\u2019edizione 2021 \u201c100x100Sferisterio\u201d \u2013 ci saranno i consueti spettacoli di Palco Reverse, i concerti Crossover, convegni e attivit\u00e0 di charity \u2013 che gi\u00e0 nel primo weekend presenta uno degli appuntamenti pi\u00f9 attesi, lo spettacolo di danza con l\u2019\u00e9toile russa\u00a0<b>Svetlana Zacharova<\/b>\u00a0(sabato\u00a0<b>24 luglio<\/b>) dal titolo \u201cPas-de-deux for Toes and Fingers\u201d con la partecipazione della star del violino Vadim Repin, una gruppo di primi ballerini del Bolshoi di Mosca, come l\u2019italiano Jacopo Tissi, Mikhail Lobukhin, Denis Savin e Vyacheslav Lopatin che saranno i partner della Zacharova in una serie di coreografie con le musiche eseguite dal vivo.<\/p>\n<p class=\"p4\" style=\"text-align: justify;\">\u00abIl Macerata Opera Festival rispecchier\u00e0 \u2013 ribadisce\u00a0<b>la direttrice artistica<\/b>\u00a0<b>Barbara Minghetti<\/b>\u00a0\u2013 l\u2019intento del titolo, \u201c100x100Sferisterio\u201d: un festival per tutti.\u00a0<i>Aida<\/i>\u00a0rappresenta la storia, ricordando l\u2019edizione del 1921, data simbolica per una comunit\u00e0 che da allora \u00e8 tornata a raccogliersi dentro lo Sferisterio. La\u00a0<i>Traviata<\/i>, nell\u2019allestimento che ha reso celebre lo Sferisterio nel mondo, verr\u00e0 rivisitata. Il progetto di coinvolgimento dei pi\u00f9 piccoli e delle loro famiglie fa un grande passo avanti portando allo Sferisterio uno spettacolo ispirato al\u00a0<i>Rigoletto<\/i>\u00a0e pensato per un pubblico che desideriamo vedere in teatro sempre pi\u00f9 spesso. Stiamo anche lavorando ad altre novit\u00e0 crossover e per Palco Reverse. Non mancheranno in programma specifiche occasioni di coinvolgimento del territorio come di incontro con ospiti che speriamo possano venire da lontano\u00bb.<\/p>\n<p class=\"p1\" style=\"text-align: justify;\">Per la prima volta l\u2019attivit\u00e0 per i pi\u00f9 piccoli entrer\u00e0 allo Sferisterio per un intero weekend con\u00a0<b>tre appuntamenti pensati appositamente per i giovani e le famiglie<\/b>. Venerd\u00ec 28 maggio (ore 21 \u2013 Opera Domani per la scuola primaria e secondaria di primo grado) andr\u00e0 in scena\u00a0<b><i>Rigoletto. I misteri del teatro<\/i><\/b>, un progetto di Opera Domani ispirato alla celebre opera verdiana, diretto da Cesare Della Sciucca, con la regia di Manuel Renga e le scene e i costumi di Aurelio Colombo. Sabato 29 maggio (ore 17 e ore 18.30 \u2013 Opera Kids per le scuole dell\u2019infanzia) il palcoscenico sar\u00e0 per\u00a0<b><i>Il guardiano e il buffone ovvero Rigoletto (che ride e che piange)<\/i><\/b><i>\u00a0<\/i>mentre domenica 30 maggio (ore 17 e ore 18 \u2013 Opera Baby per gli asili nido)\u00a0<b><i>Si gioca e si cresce ovvero Storia di Gilda e Rigoletto<\/i><\/b>. Per tutti gli spettacoli sono gi\u00e0 in corso le iscrizioni ai percorsi di formazione e guida all\u2019ascolto. Il percorso formativo di \u201cSferisterio Education\u201d copre l\u2019intero arco scolastico ed \u00e8 realizzato dall\u2019Associazione Arena Sferisterio in collaborazione con il Comune di Macerata e AsLiCo con il sostegno di Trevalli Cooperlat,\u00a0<i>children partner<\/i>\u00a0del festival. Confermate anche le due anteprime di\u00a0<i>Aida<\/i>\u00a0e\u00a0<i>La traviata<\/i>\u00a0il 20 e il 21 luglio.<\/p>\n<p class=\"p1\" style=\"text-align: justify;\">Il percorso di avvicinamento a questa edizione celebrativa sar\u00e0\u00a0<b>scandito da un countdown che partir\u00e0 il 14 aprile sui social del Macerata Opera Festival a<\/b>\u00a0cento giorni dall\u2019apertura del 23 luglio con foto, ricordi, pensieri raccolti dall\u2019archivio dello Sferisterio, dal pubblico, e naturalmente dalle maestranze e dagli artisti che hanno calcato il palcoscenico maceratese. Non mancheranno nuove attivit\u00e0 e iniziative da scoprire lungo il percorso di avvicinamento al festival, come quelle che presenteranno Fondazione Carima o\u00a0<span class=\"s1\">Romcaff\u00e8, storico sponsor sin dai primi anni Ottanta, che celebrer\u00e0 il centenario dell\u2019opera allo Sferisterio con un\u2019iniziativa in cui la sua storia d\u2019impresa (che compir\u00e0 100 anni nel 2025) si sposa con l\u2019opera lirica e con l\u2019amore per lo Sferisterio, per Macerata e per tutto il territorio.<\/span><\/p>\n<p class=\"p1\" style=\"text-align: justify;\"><span class=\"s1\">\u00abConsapevoli dell\u2019importanza del Macerata Opera Festival e delle celebrazioni del centenario per tutta la citt\u00e0, con il sindaco, il sovrintendente e la direttrice artistica abbiamo da subito lavorato a un programma che coinvolgesse tutta la citt\u00e0 in un anno in cui ricorrono altri anniversari importanti come la nascita di Carlo Perucci che contribu\u00ec a rendere grande l\u2019opera a Macerata \u2013 ha aggiunto\u00a0<b>l\u2019assessore alla Cultura del Comune di Macerata Katiuscia Cassetta<\/b>\u00a0\u2013. Per questo tutta la citt\u00e0 e i suoi spazi pi\u00f9 belli, da Palazzo Buonaccorsi al Corridoio Innocenziano, saranno coinvolti nei festeggiamenti con mostre e incontri di qualit\u00e0 partendo dal coinvolgimento dei pi\u00f9 piccoli fino ai giovani artisti per far rivivere a tanti i ricordi pi\u00f9 belli degli anni di storia dell\u2019opera a Macerata\u00bb.<\/span><\/p>\n<p class=\"p1\" style=\"text-align: justify;\">La vendita dei biglietti \u00e8 gi\u00e0 aperta dallo scorso con prezzi invariati rispetto al 2020. Coloro che avevano acquistato i biglietti per\u00a0<i>Il barbiere di Siviglia<\/i>\u00a0saranno contattati direttamente per le opportune procedure da seguire.<\/p>\n<p class=\"p1\" style=\"text-align: justify;\"><span class=\"s1\">Il Macerata Opera Festival \u00e8 realizzato dall\u2019Associazione Arena Sferisterio con Comune di Macerata, Provincia di Macerata, Ministero della Cultura, Regione Marche e\u00a0<\/span>grazie a un gruppo di privati fra cui il Banco Marchigiano come Major Sponsor.<\/p>\n<p class=\"p4\" style=\"text-align: justify;\">Un ringraziamento particolare e ai Cento Mecenati che sostengono attraverso Art Bonus l\u2019attivit\u00e0 del festival.<\/p>\n<p>&nbsp;<\/p>\n\n\t\t<style type=\"text\/css\">\n\t\t\t#gallery-1 {\n\t\t\t\tmargin: auto;\n\t\t\t}\n\t\t\t#gallery-1 .gallery-item {\n\t\t\t\tfloat: left;\n\t\t\t\tmargin-top: 10px;\n\t\t\t\ttext-align: center;\n\t\t\t\twidth: 33%;\n\t\t\t}\n\t\t\t#gallery-1 img {\n\t\t\t\tborder: 2px solid #cfcfcf;\n\t\t\t}\n\t\t\t#gallery-1 .gallery-caption {\n\t\t\t\tmargin-left: 0;\n\t\t\t}\n\t\t\t\/* see gallery_shortcode() in wp-includes\/media.php *\/\n\t\t<\/style>\n\t\t<div id='gallery-1' class='gallery galleryid-4949 gallery-columns-3 gallery-size-thumbnail'><dl class='gallery-item'>\n\t\t\t<dt class='gallery-icon landscape'>\n\t\t\t\t<a href='https:\/\/www.pressroom.cloud\/en\/macerata-danzatrice-svetlana-2\/'><img loading=\"lazy\" decoding=\"async\" width=\"150\" height=\"150\" src=\"https:\/\/www.pressroom.cloud\/wp-content\/uploads\/macerata-danzatrice-svetlana-150x150.jpg\" class=\"attachment-thumbnail size-thumbnail\" alt=\"\" aria-describedby=\"gallery-1-17436\" srcset=\"https:\/\/www.pressroom.cloud\/wp-content\/uploads\/macerata-danzatrice-svetlana-150x150.jpg 150w, https:\/\/www.pressroom.cloud\/wp-content\/uploads\/macerata-danzatrice-svetlana-550x550.jpg 550w\" sizes=\"auto, (max-width: 150px) 100vw, 150px\" \/><\/a>\n\t\t\t<\/dt>\n\t\t\t\t<dd class='wp-caption-text gallery-caption' id='gallery-1-17436'>\n\t\t\t\tSvetlana Zakharova\n\t\t\t\t<\/dd><\/dl><dl class='gallery-item'>\n\t\t\t<dt class='gallery-icon landscape'>\n\t\t\t\t<a href='https:\/\/www.pressroom.cloud\/en\/la-traviata-macerata-opera-festival-tabocchini-2\/'>La Traviata, Macerata Opera Festival. \u00a9 Tabocchini<\/a>\n\t\t\t<\/dt>\n\t\t\t\t<dd class='wp-caption-text gallery-caption' id='gallery-1-17437'>\n\t\t\t\tLa Traviata degli specchi al MOF \u00a9Tabocchini\n\t\t\t\t<\/dd><\/dl><dl class='gallery-item'>\n\t\t\t<dt class='gallery-icon landscape'>\n\t\t\t\t<a href='https:\/\/www.pressroom.cloud\/en\/macerata-lo-sferisterio-verso-il-2021-1-2\/'><img loading=\"lazy\" decoding=\"async\" width=\"150\" height=\"150\" src=\"https:\/\/www.pressroom.cloud\/wp-content\/uploads\/macerata-lo-sferisterio-verso-il-2021-1-150x150.jpg\" class=\"attachment-thumbnail size-thumbnail\" alt=\"\" aria-describedby=\"gallery-1-17442\" \/><\/a>\n\t\t\t<\/dt>\n\t\t\t\t<dd class='wp-caption-text gallery-caption' id='gallery-1-17442'>\n\t\t\t\tLo Sferisterio\n\t\t\t\t<\/dd><\/dl><br style=\"clear: both\" \/>\n\t\t<\/div>\n\n","protected":false},"excerpt":{"rendered":"<p>Confermate la nuova produzione di\u00a0Aida\u00a0firmata da Valentina Carrasco e la ripresa della\u00a0Traviata\u00a0iconica di Svoboda-Brockhaus che saranno precedute a fine maggio da\u00a0Rigoletto. I misteri del teatro, spettacolo per i pi\u00f9 piccoli e le famiglie, per la prima volta insieme allo Sferisterio Prende forma la nuova edizione&#8230;<\/p>\n","protected":false},"author":3,"featured_media":4955,"comment_status":"open","ping_status":"open","sticky":false,"template":"","format":"standard","meta":{"footnotes":""},"categories":[69,1,73],"tags":[1216,1208,1242,85,1217],"class_list":["post-4949","post","type-post","status-publish","format-standard","has-post-thumbnail","hentry","category-cultura","category-magazine-en","category-spettacoli","tag-aida","tag-luciano-ganci","tag-macerata-opera-festival","tag-opera","tag-verdi"],"_links":{"self":[{"href":"https:\/\/www.pressroom.cloud\/en\/wp-json\/wp\/v2\/posts\/4949","targetHints":{"allow":["GET"]}}],"collection":[{"href":"https:\/\/www.pressroom.cloud\/en\/wp-json\/wp\/v2\/posts"}],"about":[{"href":"https:\/\/www.pressroom.cloud\/en\/wp-json\/wp\/v2\/types\/post"}],"author":[{"embeddable":true,"href":"https:\/\/www.pressroom.cloud\/en\/wp-json\/wp\/v2\/users\/3"}],"replies":[{"embeddable":true,"href":"https:\/\/www.pressroom.cloud\/en\/wp-json\/wp\/v2\/comments?post=4949"}],"version-history":[{"count":0,"href":"https:\/\/www.pressroom.cloud\/en\/wp-json\/wp\/v2\/posts\/4949\/revisions"}],"wp:featuredmedia":[{"embeddable":true,"href":"https:\/\/www.pressroom.cloud\/en\/wp-json\/wp\/v2\/media\/4955"}],"wp:attachment":[{"href":"https:\/\/www.pressroom.cloud\/en\/wp-json\/wp\/v2\/media?parent=4949"}],"wp:term":[{"taxonomy":"category","embeddable":true,"href":"https:\/\/www.pressroom.cloud\/en\/wp-json\/wp\/v2\/categories?post=4949"},{"taxonomy":"post_tag","embeddable":true,"href":"https:\/\/www.pressroom.cloud\/en\/wp-json\/wp\/v2\/tags?post=4949"}],"curies":[{"name":"wp","href":"https:\/\/api.w.org\/{rel}","templated":true}]}}